{"id":37201,"date":"2025-02-12T18:21:01","date_gmt":"2025-02-13T00:21:01","guid":{"rendered":"https:\/\/contextoanalisisperiodistico.com\/index.php\/2025\/02\/12\/realiza-secretaria-de-administracion-labores-de-embellecimiento-en-espacios-publicos\/"},"modified":"2025-02-12T18:21:01","modified_gmt":"2025-02-13T00:21:01","slug":"realiza-secretaria-de-administracion-labores-de-embellecimiento-en-espacios-publicos","status":"publish","type":"post","link":"https:\/\/contextoanalisisperiodistico.com\/index.php\/2025\/02\/12\/realiza-secretaria-de-administracion-labores-de-embellecimiento-en-espacios-publicos\/","title":{"rendered":"Realiza Secretar\u00eda de Administraci\u00f3n labores de embellecimiento en espacios p\u00fablicos"},"content":{"rendered":"<div id=\"fb-root\"><\/div>\n\n<p>\u2022 Se incluyeron la poda de \u00e1rboles y pasto, restauraci\u00f3n de pintura y recolecci\u00f3n de residuos<\/p>\n\n\n\n<figure class=\"wp-block-image size-large\"><img fetchpriority=\"high\" decoding=\"async\" width=\"900\" height=\"599\" src=\"https:\/\/contextoanalisisperiodistico.com\/wp-content\/uploads\/2025\/02\/img-20250212-wa01243090639255104879727.jpg\" alt=\"\" class=\"wp-image-37199\" srcset=\"https:\/\/contextoanalisisperiodistico.com\/wp-content\/uploads\/2025\/02\/img-20250212-wa01243090639255104879727.jpg 900w, https:\/\/contextoanalisisperiodistico.com\/wp-content\/uploads\/2025\/02\/img-20250212-wa01243090639255104879727-300x200.jpg 300w, https:\/\/contextoanalisisperiodistico.com\/wp-content\/uploads\/2025\/02\/img-20250212-wa01243090639255104879727-768x511.jpg 768w\" sizes=\"(max-width: 900px) 100vw, 900px\" \/><\/figure>\n\n\n\n<figure class=\"wp-block-image\"><img decoding=\"async\" width=\"300\" height=\"169\" src=\"https:\/\/contextoanalisisperiodistico.com\/wp-content\/uploads\/2025\/02\/img-20250212-wa01225595991991789496430-300x169.jpg\" alt=\"\" class=\"wp-image-37198\" srcset=\"https:\/\/contextoanalisisperiodistico.com\/wp-content\/uploads\/2025\/02\/img-20250212-wa01225595991991789496430-300x169.jpg 300w, https:\/\/contextoanalisisperiodistico.com\/wp-content\/uploads\/2025\/02\/img-20250212-wa01225595991991789496430-768x432.jpg 768w, https:\/\/contextoanalisisperiodistico.com\/wp-content\/uploads\/2025\/02\/img-20250212-wa01225595991991789496430.jpg 900w\" sizes=\"(max-width: 300px) 100vw, 300px\" \/><\/figure>\n\n\n\n<figure class=\"wp-block-image\"><img decoding=\"async\" width=\"300\" height=\"169\" src=\"https:\/\/contextoanalisisperiodistico.com\/wp-content\/uploads\/2025\/02\/img-20250212-wa01252553810300090333145-300x169.jpg\" alt=\"\" class=\"wp-image-37200\" srcset=\"https:\/\/contextoanalisisperiodistico.com\/wp-content\/uploads\/2025\/02\/img-20250212-wa01252553810300090333145-300x169.jpg 300w, https:\/\/contextoanalisisperiodistico.com\/wp-content\/uploads\/2025\/02\/img-20250212-wa01252553810300090333145-768x432.jpg 768w, https:\/\/contextoanalisisperiodistico.com\/wp-content\/uploads\/2025\/02\/img-20250212-wa01252553810300090333145.jpg 900w\" sizes=\"(max-width: 300px) 100vw, 300px\" \/><\/figure>\n\n\n\n<p>Oaxaca de Ju\u00e1rez, Oax. 12 de febrero de 2025.- La Secretar\u00eda de Administraci\u00f3n (SA) a trav\u00e9s de la Coordinaci\u00f3n de Espacios P\u00fablicos y Recreativos, realiz\u00f3 labores de embellecimiento en los parques bajo su resguardo para el disfrute de la ciudadan\u00eda.<\/p>\n\n\n\n<p>Personal de la dependencia, junto a vecinas y vecinos, as\u00ed como p\u00fablico en general, realizaron diversas actividades como la poda de \u00e1rboles y pasto, restauraci\u00f3n de pintura y recolecci\u00f3n de residuos, contribuyendo as\u00ed a crear un entorno m\u00e1s seguro y agradable para las personas visitantes.<\/p>\n\n\n\n<p>El titular de la SA, Noel Hern\u00e1ndez Rito destac\u00f3 la importancia de estas jornadas de trabajo colaborativo, para ofrecer espacios p\u00fablicos en \u00f3ptimas condiciones.<\/p>\n\n\n\n<p>Adem\u00e1s, reconoci\u00f3 el esfuerzo de todo el personal y reafirm\u00f3 el compromiso del Gobierno de Oaxaca para continuar impulsando acciones que contribuyan al bienestar de las familias oaxaque\u00f1as.<\/p>\n\n\n\n<p>Las acciones de mantenimiento se realizaron en los parques: Ciudad de las Canteras, Luis Donaldo Colosio, Recreativo Infantil Del Agua Centenario y Recreativo Infantil Bicentenario; tambi\u00e9n en la Unidad Deportiva Santa Luc\u00eda CAPCE y Bosque El Tequio.<\/p>\n\n\n\n<p>-0-<\/p>\n\n\n\n<p><\/p>\n","protected":false},"excerpt":{"rendered":"<p>\u2022 Se incluyeron la poda de \u00e1rboles y pasto, restauraci\u00f3n de pintura y recolecci\u00f3n de&#8230;<\/p>\n","protected":false},"author":4,"featured_media":37197,"comment_status":"","ping_status":"open","sticky":false,"template":"","format":"standard","meta":{"footnotes":""},"categories":[3],"tags":[],"jetpack_sharing_enabled":true,"featured_image_urls":{"full":["https:\/\/contextoanalisisperiodistico.com\/wp-content\/uploads\/2025\/02\/IMG-20250212-WA0123.jpg",990,659,false],"thumbnail":["https:\/\/contextoanalisisperiodistico.com\/wp-content\/uploads\/2025\/02\/IMG-20250212-WA0123-150x150.jpg",150,150,true],"medium":["https:\/\/contextoanalisisperiodistico.com\/wp-content\/uploads\/2025\/02\/IMG-20250212-WA0123-300x200.jpg",300,200,true],"medium_large":["https:\/\/contextoanalisisperiodistico.com\/wp-content\/uploads\/2025\/02\/IMG-20250212-WA0123-768x511.jpg",640,426,true],"large":["https:\/\/contextoanalisisperiodistico.com\/wp-content\/uploads\/2025\/02\/IMG-20250212-WA0123.jpg",640,426,false],"1536x1536":["https:\/\/contextoanalisisperiodistico.com\/wp-content\/uploads\/2025\/02\/IMG-20250212-WA0123.jpg",990,659,false],"2048x2048":["https:\/\/contextoanalisisperiodistico.com\/wp-content\/uploads\/2025\/02\/IMG-20250212-WA0123.jpg",990,659,false],"covernews-slider-full":["https:\/\/contextoanalisisperiodistico.com\/wp-content\/uploads\/2025\/02\/IMG-20250212-WA0123.jpg",990,659,false],"covernews-slider-center":["https:\/\/contextoanalisisperiodistico.com\/wp-content\/uploads\/2025\/02\/IMG-20250212-WA0123-800x500.jpg",800,500,true],"covernews-featured":["https:\/\/contextoanalisisperiodistico.com\/wp-content\/uploads\/2025\/02\/IMG-20250212-WA0123.jpg",990,659,false],"covernews-medium":["https:\/\/contextoanalisisperiodistico.com\/wp-content\/uploads\/2025\/02\/IMG-20250212-WA0123-540x340.jpg",540,340,true],"covernews-medium-square":["https:\/\/contextoanalisisperiodistico.com\/wp-content\/uploads\/2025\/02\/IMG-20250212-WA0123-400x250.jpg",400,250,true]},"author_info":{"display_name":"Mario Gir\u00f3n","author_link":"https:\/\/contextoanalisisperiodistico.com\/index.php\/author\/director\/"},"category_info":"<a href=\"https:\/\/contextoanalisisperiodistico.com\/index.php\/category\/ciudad\/\" rel=\"category tag\">Ciudad<\/a>","tag_info":"Ciudad","comment_count":"0","jetpack_featured_media_url":"https:\/\/contextoanalisisperiodistico.com\/wp-content\/uploads\/2025\/02\/IMG-20250212-WA0123.jpg","_links":{"self":[{"href":"https:\/\/contextoanalisisperiodistico.com\/index.php\/wp-json\/wp\/v2\/posts\/37201"}],"collection":[{"href":"https:\/\/contextoanalisisperiodistico.com\/index.php\/wp-json\/wp\/v2\/posts"}],"about":[{"href":"https:\/\/contextoanalisisperiodistico.com\/index.php\/wp-json\/wp\/v2\/types\/post"}],"author":[{"embeddable":true,"href":"https:\/\/contextoanalisisperiodistico.com\/index.php\/wp-json\/wp\/v2\/users\/4"}],"replies":[{"embeddable":true,"href":"https:\/\/contextoanalisisperiodistico.com\/index.php\/wp-json\/wp\/v2\/comments?post=37201"}],"version-history":[{"count":0,"href":"https:\/\/contextoanalisisperiodistico.com\/index.php\/wp-json\/wp\/v2\/posts\/37201\/revisions"}],"wp:featuredmedia":[{"embeddable":true,"href":"https:\/\/contextoanalisisperiodistico.com\/index.php\/wp-json\/wp\/v2\/media\/37197"}],"wp:attachment":[{"href":"https:\/\/contextoanalisisperiodistico.com\/index.php\/wp-json\/wp\/v2\/media?parent=37201"}],"wp:term":[{"taxonomy":"category","embeddable":true,"href":"https:\/\/contextoanalisisperiodistico.com\/index.php\/wp-json\/wp\/v2\/categories?post=37201"},{"taxonomy":"post_tag","embeddable":true,"href":"https:\/\/contextoanalisisperiodistico.com\/index.php\/wp-json\/wp\/v2\/tags?post=37201"}],"curies":[{"name":"wp","href":"https:\/\/api.w.org\/{rel}","templated":true}]}}