{"id":37190,"date":"2025-02-12T18:14:09","date_gmt":"2025-02-13T00:14:09","guid":{"rendered":"https:\/\/contextoanalisisperiodistico.com\/index.php\/2025\/02\/12\/instalan-comite-estatal-para-la-seguridad-en-salud-2025\/"},"modified":"2025-02-12T18:14:09","modified_gmt":"2025-02-13T00:14:09","slug":"instalan-comite-estatal-para-la-seguridad-en-salud-2025","status":"publish","type":"post","link":"https:\/\/contextoanalisisperiodistico.com\/index.php\/2025\/02\/12\/instalan-comite-estatal-para-la-seguridad-en-salud-2025\/","title":{"rendered":"Instalan Comit\u00e9 Estatal para la Seguridad en Salud 2025"},"content":{"rendered":"<div id=\"fb-root\"><\/div>\n\n<p>\u2022 Se lleva a cabo la Primera Reuni\u00f3n Ordinaria del CESS 2025<\/p>\n\n\n\n<figure class=\"wp-block-image size-large\"><img fetchpriority=\"high\" decoding=\"async\" width=\"1024\" height=\"682\" src=\"https:\/\/contextoanalisisperiodistico.com\/wp-content\/uploads\/2025\/02\/img-20250212-wa01299130951671065022990-1024x682.jpg\" alt=\"\" class=\"wp-image-37188\" srcset=\"https:\/\/contextoanalisisperiodistico.com\/wp-content\/uploads\/2025\/02\/img-20250212-wa01299130951671065022990-1024x682.jpg 1024w, https:\/\/contextoanalisisperiodistico.com\/wp-content\/uploads\/2025\/02\/img-20250212-wa01299130951671065022990-300x200.jpg 300w, https:\/\/contextoanalisisperiodistico.com\/wp-content\/uploads\/2025\/02\/img-20250212-wa01299130951671065022990-768x511.jpg 768w, https:\/\/contextoanalisisperiodistico.com\/wp-content\/uploads\/2025\/02\/img-20250212-wa01299130951671065022990.jpg 1280w\" sizes=\"(max-width: 1024px) 100vw, 1024px\" \/><\/figure>\n\n\n\n<figure class=\"wp-block-image\"><img decoding=\"async\" width=\"1024\" height=\"682\" src=\"https:\/\/contextoanalisisperiodistico.com\/wp-content\/uploads\/2025\/02\/img-20250212-wa01331740561875150967293-1024x682.jpg\" alt=\"\" class=\"wp-image-37187\" srcset=\"https:\/\/contextoanalisisperiodistico.com\/wp-content\/uploads\/2025\/02\/img-20250212-wa01331740561875150967293-1024x682.jpg 1024w, https:\/\/contextoanalisisperiodistico.com\/wp-content\/uploads\/2025\/02\/img-20250212-wa01331740561875150967293-300x200.jpg 300w, https:\/\/contextoanalisisperiodistico.com\/wp-content\/uploads\/2025\/02\/img-20250212-wa01331740561875150967293-768x511.jpg 768w, https:\/\/contextoanalisisperiodistico.com\/wp-content\/uploads\/2025\/02\/img-20250212-wa01331740561875150967293.jpg 1280w\" sizes=\"(max-width: 1024px) 100vw, 1024px\" \/><\/figure>\n\n\n\n<figure class=\"wp-block-image\"><img decoding=\"async\" width=\"1024\" height=\"768\" src=\"https:\/\/contextoanalisisperiodistico.com\/wp-content\/uploads\/2025\/02\/img-20250212-wa01301819242908922024641-1024x768.jpg\" alt=\"\" class=\"wp-image-37186\" srcset=\"https:\/\/contextoanalisisperiodistico.com\/wp-content\/uploads\/2025\/02\/img-20250212-wa01301819242908922024641-1024x768.jpg 1024w, https:\/\/contextoanalisisperiodistico.com\/wp-content\/uploads\/2025\/02\/img-20250212-wa01301819242908922024641-300x225.jpg 300w, https:\/\/contextoanalisisperiodistico.com\/wp-content\/uploads\/2025\/02\/img-20250212-wa01301819242908922024641-768x576.jpg 768w, https:\/\/contextoanalisisperiodistico.com\/wp-content\/uploads\/2025\/02\/img-20250212-wa01301819242908922024641.jpg 1280w\" sizes=\"(max-width: 1024px) 100vw, 1024px\" \/><\/figure>\n\n\n\n<figure class=\"wp-block-image\"><img loading=\"lazy\" decoding=\"async\" width=\"1024\" height=\"886\" src=\"https:\/\/contextoanalisisperiodistico.com\/wp-content\/uploads\/2025\/02\/img-20250212-wa01345822871593252621843-1024x886.jpg\" alt=\"\" class=\"wp-image-37189\" srcset=\"https:\/\/contextoanalisisperiodistico.com\/wp-content\/uploads\/2025\/02\/img-20250212-wa01345822871593252621843-1024x886.jpg 1024w, https:\/\/contextoanalisisperiodistico.com\/wp-content\/uploads\/2025\/02\/img-20250212-wa01345822871593252621843-300x259.jpg 300w, https:\/\/contextoanalisisperiodistico.com\/wp-content\/uploads\/2025\/02\/img-20250212-wa01345822871593252621843-768x664.jpg 768w, https:\/\/contextoanalisisperiodistico.com\/wp-content\/uploads\/2025\/02\/img-20250212-wa01345822871593252621843.jpg 1280w\" sizes=\"(max-width: 1024px) 100vw, 1024px\" \/><\/figure>\n\n\n\n<p>\u2022 El secretario de Salud, Efr\u00e9n Emmanuel Jarqu\u00edn Gonz\u00e1lez asumi\u00f3 la presidencia del CESS<\/p>\n\n\n\n<p>Oaxaca de Ju\u00e1rez, Oax. 12 de febrero de 2025.- Con el prop\u00f3sito de fortalecer las estrategias de seguridad en salud y responder de manera eficaz ante urgencias epidemiol\u00f3gicas y desastres, se llev\u00f3 a cabo la instalaci\u00f3n del Comit\u00e9 Estatal para la Seguridad en Salud (CESS) 2025.<\/p>\n\n\n\n<p>Durante el acto protocolario, el secretario de Salud, Efr\u00e9n Emmanuel Jarqu\u00edn Gonz\u00e1lez, asumi\u00f3 la presidencia del CESS, destacando que este organismo tiene la funci\u00f3n de definir, evaluar, coordinar pol\u00edticas y estrategias para garantizar el bienestar de las familias oaxaque\u00f1as.<\/p>\n\n\n\n<p>Asimismo, enfatiz\u00f3 que el Comit\u00e9 tiene la tarea de operar el Sistema Estatal de Vigilancia Epidemiol\u00f3gica (SEVE), promover campa\u00f1as de seguridad en salud, coordinar y gestionar apoyos ante instancias p\u00fablicas para la implementaci\u00f3n de acciones en beneficio de la poblaci\u00f3n.<\/p>\n\n\n\n<p>En el marco del evento, el titular de los Servicios de Salud de Oaxaca (SSO), tom\u00f3 protesta a integrantes del Comit\u00e9 conformado por: Vicepresidente, Jes\u00fas Alejandro Ram\u00edrez Figueroa, subdirector general de los SSO; Secretario T\u00e9cnico, Julio Avelino Galindo L\u00f3pez, director de Prevenci\u00f3n y Promoci\u00f3n; Secretaria Auxiliar: Mayliz Esparza Castellanos, jefa de la unidad de epidemiolog\u00eda; adem\u00e1s de 36 vocales representantes de diversas instituciones del sector salud, el Gobierno del Estado y el sector privado.<\/p>\n\n\n\n<p>En este tenor, tambi\u00e9n se llev\u00f3 a cabo la Primera Reuni\u00f3n Ordinaria del CESS 2025, en donde se presentaron y analizaron temas clave en materia de seguridad sanitaria, entre ellos: Cierre del ejercicio 2024, Enfermedades Diarreicas Agudas (EDAS) y c\u00f3lera, brotes epid\u00e9micos y dengue, as\u00ed como Infecciones Respiratorias Agudas (IRAS).<\/p>\n\n\n\n<p>Cabe destacar que, el CESS est\u00e1 integrado por representantes de diversas dependencias incluyendo: SSO, Secretar\u00eda de Gobierno (Sego), IMSS BIENESTAR Oaxaca, Instituto Mexicano del Seguro Social (IMSS); Instituto de Seguridad y Servicios Sociales de los Trabajadores del Estado (ISSSTE), Sistema para el Desarrollo Integral de la Familia (DIF Oaxaca) y VIII Regi\u00f3n Militar.<\/p>\n\n\n\n<p>Adem\u00e1s, la Coordinaci\u00f3n Estatal de Protecci\u00f3n Civil y Gesti\u00f3n de Riesgos (CEPCyGR), Comisi\u00f3n Nacional del Agua (Conagua) en Oaxaca; Sistema Operador de los Servicios de Agua Potable y Alcantarillado de Oaxaca (Soapa); Servicio Nacional de Sanidad, Inocuidad y Calidad Agroalimentaria (Senasica); Instituto Nacional de Migraci\u00f3n (INM), Cruz Roja Mexicana, delegaci\u00f3n Oaxaca, Heroico Cuerpo de Bomberos, Secretar\u00eda de Turismo (Sectur), Petr\u00f3leos Mexicanos (Pemex), entre otras instancias gubernamentales.<\/p>\n\n\n\n<p>Con la instalaci\u00f3n de este comit\u00e9, la Primavera Oaxaque\u00f1a reafirma su compromiso de trabajar en la prevenci\u00f3n, vigilancia y respuesta oportuna ante riesgos sanitarios, garantizando la protecci\u00f3n y bienestar de la poblaci\u00f3n.<\/p>\n\n\n\n<p>-0-<\/p>\n","protected":false},"excerpt":{"rendered":"<p>\u2022 Se lleva a cabo la Primera Reuni\u00f3n Ordinaria del CESS 2025 \u2022 El secretario&#8230;<\/p>\n","protected":false},"author":4,"featured_media":37185,"comment_status":"","ping_status":"open","sticky":false,"template":"","format":"standard","meta":{"footnotes":""},"categories":[92],"tags":[],"jetpack_sharing_enabled":true,"featured_image_urls":{"full":["https:\/\/contextoanalisisperiodistico.com\/wp-content\/uploads\/2025\/02\/IMG-20250212-WA0132.jpg",1280,852,false],"thumbnail":["https:\/\/contextoanalisisperiodistico.com\/wp-content\/uploads\/2025\/02\/IMG-20250212-WA0132-150x150.jpg",150,150,true],"medium":["https:\/\/contextoanalisisperiodistico.com\/wp-content\/uploads\/2025\/02\/IMG-20250212-WA0132-300x200.jpg",300,200,true],"medium_large":["https:\/\/contextoanalisisperiodistico.com\/wp-content\/uploads\/2025\/02\/IMG-20250212-WA0132-768x511.jpg",640,426,true],"large":["https:\/\/contextoanalisisperiodistico.com\/wp-content\/uploads\/2025\/02\/IMG-20250212-WA0132-1024x682.jpg",640,426,true],"1536x1536":["https:\/\/contextoanalisisperiodistico.com\/wp-content\/uploads\/2025\/02\/IMG-20250212-WA0132.jpg",1280,852,false],"2048x2048":["https:\/\/contextoanalisisperiodistico.com\/wp-content\/uploads\/2025\/02\/IMG-20250212-WA0132.jpg",1280,852,false],"covernews-slider-full":["https:\/\/contextoanalisisperiodistico.com\/wp-content\/uploads\/2025\/02\/IMG-20250212-WA0132-1115x715.jpg",1115,715,true],"covernews-slider-center":["https:\/\/contextoanalisisperiodistico.com\/wp-content\/uploads\/2025\/02\/IMG-20250212-WA0132-800x500.jpg",800,500,true],"covernews-featured":["https:\/\/contextoanalisisperiodistico.com\/wp-content\/uploads\/2025\/02\/IMG-20250212-WA0132-1024x682.jpg",1024,682,true],"covernews-medium":["https:\/\/contextoanalisisperiodistico.com\/wp-content\/uploads\/2025\/02\/IMG-20250212-WA0132-540x340.jpg",540,340,true],"covernews-medium-square":["https:\/\/contextoanalisisperiodistico.com\/wp-content\/uploads\/2025\/02\/IMG-20250212-WA0132-400x250.jpg",400,250,true]},"author_info":{"display_name":"Mario Gir\u00f3n","author_link":"https:\/\/contextoanalisisperiodistico.com\/index.php\/author\/director\/"},"category_info":"<a href=\"https:\/\/contextoanalisisperiodistico.com\/index.php\/category\/salud\/\" rel=\"category tag\">Salud<\/a>","tag_info":"Salud","comment_count":"0","jetpack_featured_media_url":"https:\/\/contextoanalisisperiodistico.com\/wp-content\/uploads\/2025\/02\/IMG-20250212-WA0132.jpg","_links":{"self":[{"href":"https:\/\/contextoanalisisperiodistico.com\/index.php\/wp-json\/wp\/v2\/posts\/37190"}],"collection":[{"href":"https:\/\/contextoanalisisperiodistico.com\/index.php\/wp-json\/wp\/v2\/posts"}],"about":[{"href":"https:\/\/contextoanalisisperiodistico.com\/index.php\/wp-json\/wp\/v2\/types\/post"}],"author":[{"embeddable":true,"href":"https:\/\/contextoanalisisperiodistico.com\/index.php\/wp-json\/wp\/v2\/users\/4"}],"replies":[{"embeddable":true,"href":"https:\/\/contextoanalisisperiodistico.com\/index.php\/wp-json\/wp\/v2\/comments?post=37190"}],"version-history":[{"count":0,"href":"https:\/\/contextoanalisisperiodistico.com\/index.php\/wp-json\/wp\/v2\/posts\/37190\/revisions"}],"wp:featuredmedia":[{"embeddable":true,"href":"https:\/\/contextoanalisisperiodistico.com\/index.php\/wp-json\/wp\/v2\/media\/37185"}],"wp:attachment":[{"href":"https:\/\/contextoanalisisperiodistico.com\/index.php\/wp-json\/wp\/v2\/media?parent=37190"}],"wp:term":[{"taxonomy":"category","embeddable":true,"href":"https:\/\/contextoanalisisperiodistico.com\/index.php\/wp-json\/wp\/v2\/categories?post=37190"},{"taxonomy":"post_tag","embeddable":true,"href":"https:\/\/contextoanalisisperiodistico.com\/index.php\/wp-json\/wp\/v2\/tags?post=37190"}],"curies":[{"name":"wp","href":"https:\/\/api.w.org\/{rel}","templated":true}]}}