{"id":37177,"date":"2025-02-12T12:14:09","date_gmt":"2025-02-12T18:14:09","guid":{"rendered":"https:\/\/contextoanalisisperiodistico.com\/index.php\/2025\/02\/12\/rehabilita-gobierno-del-estado-45-8-kilometros-de-vialidades-en-zona-metropolitana-de-oaxaca\/"},"modified":"2025-02-12T12:18:07","modified_gmt":"2025-02-12T18:18:07","slug":"rehabilita-gobierno-del-estado-45-8-kilometros-de-vialidades-en-zona-metropolitana-de-oaxaca","status":"publish","type":"post","link":"https:\/\/contextoanalisisperiodistico.com\/index.php\/2025\/02\/12\/rehabilita-gobierno-del-estado-45-8-kilometros-de-vialidades-en-zona-metropolitana-de-oaxaca\/","title":{"rendered":"Rehabilita Gobierno del Estado 45.8 kil\u00f3metros en metr\u00f3poli de Oaxaca"},"content":{"rendered":"<div id=\"fb-root\"><\/div>\n\n<p>\u2022 Los trabajos contin\u00faan, en los pr\u00f3ximos d\u00edas, iniciar\u00e1n labores en 28 kil\u00f3metros para dotar a la ciudadan\u00eda de calles y avenidas \u00e1giles, seguras, con ahorro de tiempo y recursos: SIC<\/p>\n\n\n\n<figure class=\"wp-block-image size-large\"><img fetchpriority=\"high\" decoding=\"async\" width=\"1024\" height=\"682\" src=\"https:\/\/contextoanalisisperiodistico.com\/wp-content\/uploads\/2025\/02\/img-20250212-wa00587335746551930583852-1024x682.jpg\" alt=\"\" class=\"wp-image-37174\" srcset=\"https:\/\/contextoanalisisperiodistico.com\/wp-content\/uploads\/2025\/02\/img-20250212-wa00587335746551930583852-1024x682.jpg 1024w, https:\/\/contextoanalisisperiodistico.com\/wp-content\/uploads\/2025\/02\/img-20250212-wa00587335746551930583852-300x200.jpg 300w, https:\/\/contextoanalisisperiodistico.com\/wp-content\/uploads\/2025\/02\/img-20250212-wa00587335746551930583852-768x512.jpg 768w, https:\/\/contextoanalisisperiodistico.com\/wp-content\/uploads\/2025\/02\/img-20250212-wa00587335746551930583852.jpg 1280w\" sizes=\"(max-width: 1024px) 100vw, 1024px\" \/><\/figure>\n\n\n\n<figure class=\"wp-block-image\"><img decoding=\"async\" width=\"1024\" height=\"682\" src=\"https:\/\/contextoanalisisperiodistico.com\/wp-content\/uploads\/2025\/02\/img-20250212-wa00611570843749427282695-1024x682.jpg\" alt=\"\" class=\"wp-image-37176\" srcset=\"https:\/\/contextoanalisisperiodistico.com\/wp-content\/uploads\/2025\/02\/img-20250212-wa00611570843749427282695-1024x682.jpg 1024w, https:\/\/contextoanalisisperiodistico.com\/wp-content\/uploads\/2025\/02\/img-20250212-wa00611570843749427282695-300x200.jpg 300w, https:\/\/contextoanalisisperiodistico.com\/wp-content\/uploads\/2025\/02\/img-20250212-wa00611570843749427282695-768x512.jpg 768w, https:\/\/contextoanalisisperiodistico.com\/wp-content\/uploads\/2025\/02\/img-20250212-wa00611570843749427282695.jpg 1280w\" sizes=\"(max-width: 1024px) 100vw, 1024px\" \/><\/figure>\n\n\n\n<figure class=\"wp-block-image\"><img decoding=\"async\" width=\"1024\" height=\"576\" src=\"https:\/\/contextoanalisisperiodistico.com\/wp-content\/uploads\/2025\/02\/img-20250212-wa00602199640786503021112-1024x576.jpg\" alt=\"\" class=\"wp-image-37175\" srcset=\"https:\/\/contextoanalisisperiodistico.com\/wp-content\/uploads\/2025\/02\/img-20250212-wa00602199640786503021112-1024x576.jpg 1024w, https:\/\/contextoanalisisperiodistico.com\/wp-content\/uploads\/2025\/02\/img-20250212-wa00602199640786503021112-300x169.jpg 300w, https:\/\/contextoanalisisperiodistico.com\/wp-content\/uploads\/2025\/02\/img-20250212-wa00602199640786503021112-768x432.jpg 768w, https:\/\/contextoanalisisperiodistico.com\/wp-content\/uploads\/2025\/02\/img-20250212-wa00602199640786503021112.jpg 1280w\" sizes=\"(max-width: 1024px) 100vw, 1024px\" \/><\/figure>\n\n\n\n<p>Oaxaca de Ju\u00e1rez, Oax. 12 de febrero de 2025.- La Zona Metropolitana de la capital del estado se transforma con acciones de infraestructura que impulsa la Primavera Oaxaque\u00f1a, como son los trabajos del Mega Plan de Bacheo y Reencarpetamiento que registra un avance superior al 30 por ciento con 45.8 kil\u00f3metros de vialidades intervenidas de los 140 planeados.<\/p>\n\n\n\n<p>El titular de la Secretar\u00eda de Infraestructuras y Comunicaciones (SIC), Carlos Vichido Hern\u00e1ndez precis\u00f3 que tan s\u00f3lo en el municipio de Oaxaca de Ju\u00e1rez se han trabajado m\u00e1s de 12 kil\u00f3metros de vialidades, y se iniciar\u00e1n en los pr\u00f3ximos d\u00edas labores en otros 28 kil\u00f3metros.<\/p>\n\n\n\n<p>Indic\u00f3 que al concluir el programa, tan s\u00f3lo en la capital del estado, se habr\u00e1 beneficiado de manera directa a 270 mil 955 habitantes con v\u00edas \u00e1giles que mejoran la conectividad, con ahorro de tiempo y recursos.<\/p>\n\n\n\n<p>Vichido Hern\u00e1ndez precis\u00f3 que se realizan trabajos en varios puntos de la ciudad de Oaxaca, con labores en horarios diurnos y nocturnos, a fin de tener un mayor avance, sin comprometer la calidad de las acciones.<\/p>\n\n\n\n<p>Expuso que se concluyeron las obras en 5.1 kil\u00f3metros del tramo de Viguera a Brenamiel, correspondiente a la primera fase; del mismo modo, la primera etapa de la Panor\u00e1mica del Fort\u00edn, en la que se atendieron 500 metros; y los trabajos de reencarpetamiento de 2 kil\u00f3metros en la avenida Manuel Ruiz.<\/p>\n\n\n\n<p>Se termin\u00f3 el reencarpetamiento de la privada de Amapolas con 200 metros y las calles Alianza, con 420 metros; Antequera, con 800 metros; Pajaritos, con 200 metros; Curtidur\u00edas, con 600 metros; Primera, Segunda y Tercera privada de Independencia, con 600 metros; Carteros, con 400 metros; Painani, con 300 metros y Jacarandas, con 900 metros.<\/p>\n\n\n\n<p>Tambi\u00e9n, se tienen en proceso otros 2 kil\u00f3metros de Viguera a Brenamiel, la segunda fase de Panor\u00e1mica del Fort\u00edn con 2 kil\u00f3metros 200 metros; del estadio de b\u00e9isbol Jos\u00e9 Vasconcelos-Heroico Colegio Militar- Escuela Naval Militar, con un kil\u00f3metro 200 metros y la calle Valerio Trujano con 800 metros.<\/p>\n\n\n\n<p>Subray\u00f3 que los trabajos que se realizan corresponden al retiro total del asfalto da\u00f1ado y reencarpetamiento de las calles, es decir, rehabilitaci\u00f3n al cien por ciento para responder a la leg\u00edtima demanda ciudadana.<br \/>-0-<\/p>\n","protected":false},"excerpt":{"rendered":"<p>\u2022 Los trabajos contin\u00faan, en los pr\u00f3ximos d\u00edas, iniciar\u00e1n labores en 28 kil\u00f3metros para dotar&#8230;<\/p>\n","protected":false},"author":4,"featured_media":37173,"comment_status":"closed","ping_status":"open","sticky":false,"template":"","format":"standard","meta":{"footnotes":""},"categories":[3],"tags":[],"jetpack_sharing_enabled":true,"featured_image_urls":{"full":["https:\/\/contextoanalisisperiodistico.com\/wp-content\/uploads\/2025\/02\/IMG-20250212-WA0059.jpg",1280,853,false],"thumbnail":["https:\/\/contextoanalisisperiodistico.com\/wp-content\/uploads\/2025\/02\/IMG-20250212-WA0059-150x150.jpg",150,150,true],"medium":["https:\/\/contextoanalisisperiodistico.com\/wp-content\/uploads\/2025\/02\/IMG-20250212-WA0059-300x200.jpg",300,200,true],"medium_large":["https:\/\/contextoanalisisperiodistico.com\/wp-content\/uploads\/2025\/02\/IMG-20250212-WA0059-768x512.jpg",640,427,true],"large":["https:\/\/contextoanalisisperiodistico.com\/wp-content\/uploads\/2025\/02\/IMG-20250212-WA0059-1024x682.jpg",640,426,true],"1536x1536":["https:\/\/contextoanalisisperiodistico.com\/wp-content\/uploads\/2025\/02\/IMG-20250212-WA0059.jpg",1280,853,false],"2048x2048":["https:\/\/contextoanalisisperiodistico.com\/wp-content\/uploads\/2025\/02\/IMG-20250212-WA0059.jpg",1280,853,false],"covernews-slider-full":["https:\/\/contextoanalisisperiodistico.com\/wp-content\/uploads\/2025\/02\/IMG-20250212-WA0059-1115x715.jpg",1115,715,true],"covernews-slider-center":["https:\/\/contextoanalisisperiodistico.com\/wp-content\/uploads\/2025\/02\/IMG-20250212-WA0059-800x500.jpg",800,500,true],"covernews-featured":["https:\/\/contextoanalisisperiodistico.com\/wp-content\/uploads\/2025\/02\/IMG-20250212-WA0059-1024x682.jpg",1024,682,true],"covernews-medium":["https:\/\/contextoanalisisperiodistico.com\/wp-content\/uploads\/2025\/02\/IMG-20250212-WA0059-540x340.jpg",540,340,true],"covernews-medium-square":["https:\/\/contextoanalisisperiodistico.com\/wp-content\/uploads\/2025\/02\/IMG-20250212-WA0059-400x250.jpg",400,250,true]},"author_info":{"display_name":"Mario Gir\u00f3n","author_link":"https:\/\/contextoanalisisperiodistico.com\/index.php\/author\/director\/"},"category_info":"<a href=\"https:\/\/contextoanalisisperiodistico.com\/index.php\/category\/ciudad\/\" rel=\"category tag\">Ciudad<\/a>","tag_info":"Ciudad","comment_count":"0","jetpack_featured_media_url":"https:\/\/contextoanalisisperiodistico.com\/wp-content\/uploads\/2025\/02\/IMG-20250212-WA0059.jpg","_links":{"self":[{"href":"https:\/\/contextoanalisisperiodistico.com\/index.php\/wp-json\/wp\/v2\/posts\/37177"}],"collection":[{"href":"https:\/\/contextoanalisisperiodistico.com\/index.php\/wp-json\/wp\/v2\/posts"}],"about":[{"href":"https:\/\/contextoanalisisperiodistico.com\/index.php\/wp-json\/wp\/v2\/types\/post"}],"author":[{"embeddable":true,"href":"https:\/\/contextoanalisisperiodistico.com\/index.php\/wp-json\/wp\/v2\/users\/4"}],"replies":[{"embeddable":true,"href":"https:\/\/contextoanalisisperiodistico.com\/index.php\/wp-json\/wp\/v2\/comments?post=37177"}],"version-history":[{"count":2,"href":"https:\/\/contextoanalisisperiodistico.com\/index.php\/wp-json\/wp\/v2\/posts\/37177\/revisions"}],"predecessor-version":[{"id":37179,"href":"https:\/\/contextoanalisisperiodistico.com\/index.php\/wp-json\/wp\/v2\/posts\/37177\/revisions\/37179"}],"wp:featuredmedia":[{"embeddable":true,"href":"https:\/\/contextoanalisisperiodistico.com\/index.php\/wp-json\/wp\/v2\/media\/37173"}],"wp:attachment":[{"href":"https:\/\/contextoanalisisperiodistico.com\/index.php\/wp-json\/wp\/v2\/media?parent=37177"}],"wp:term":[{"taxonomy":"category","embeddable":true,"href":"https:\/\/contextoanalisisperiodistico.com\/index.php\/wp-json\/wp\/v2\/categories?post=37177"},{"taxonomy":"post_tag","embeddable":true,"href":"https:\/\/contextoanalisisperiodistico.com\/index.php\/wp-json\/wp\/v2\/tags?post=37177"}],"curies":[{"name":"wp","href":"https:\/\/api.w.org\/{rel}","templated":true}]}}