{"id":37149,"date":"2025-02-11T16:52:42","date_gmt":"2025-02-11T22:52:42","guid":{"rendered":"https:\/\/contextoanalisisperiodistico.com\/index.php\/2025\/02\/11\/inicia-campana-de-sensibilizacion-del-uso-correcto-del-casco-en-motociclistas\/"},"modified":"2025-02-11T16:52:42","modified_gmt":"2025-02-11T22:52:42","slug":"inicia-campana-de-sensibilizacion-del-uso-correcto-del-casco-en-motociclistas","status":"publish","type":"post","link":"https:\/\/contextoanalisisperiodistico.com\/index.php\/2025\/02\/11\/inicia-campana-de-sensibilizacion-del-uso-correcto-del-casco-en-motociclistas\/","title":{"rendered":"Inicia campa\u00f1a de sensibilizaci\u00f3n del uso correcto del casco en motociclistas"},"content":{"rendered":"<div id=\"fb-root\"><\/div>\n\n<p>\u2022La actividad se realiza en los principales cruceros de la capital oaxaque\u00f1a.<\/p>\n\n\n\n<p>\u2022En Oaxaca de Ju\u00e1rez, los accidentes viales en motocicleta son la segunda causa de muerte.<\/p>\n\n\n\n<p>Oaxaca de Ju\u00e1rez, Oax., 11 de febrero de 2025.\u2013 Con el objetivo de garantizar la seguridad vial y concientizar a los usuarios de motocicletas sobre el uso correcto del casco protector, as\u00ed como el respeto a las normas de tr\u00e1nsito, dio inicio la campa\u00f1a \u00abMoto Segura: Protege tu vida y la de los dem\u00e1s\u00bb.<\/p>\n\n\n\n<p>Esta iniciativa comenz\u00f3 en la calzada Porfirio D\u00edaz, donde elementos de la Polic\u00eda Vial Municipal compartieron con los motociclistas la importancia de usar el casco en todo momento para prevenir lesiones graves en caso de accidente.<\/p>\n\n\n\n<p>De acuerdo con la Direcci\u00f3n de Movilidad Municipal de Oaxaca de Ju\u00e1rez, los accidentes viales en motocicleta representan la segunda causa de muerte en la ciudad. Entre los principales factores de estos siniestros destacan el exceso de velocidad, las distracciones y la falta de aplicaci\u00f3n de las normas de movilidad.<\/p>\n\n\n\n<p>En 2023, la asociaci\u00f3n civil \u00abNi una muerte vial\u00bb report\u00f3 que en Oaxaca fallecieron 971 motociclistas en accidentes de tr\u00e1nsito. A nivel nacional, cada a\u00f1o mueren alrededor de 4,165 motociclistas en siniestros viales, lo que equivale al 26.2 % del total de muertes por accidentes de tr\u00e1nsito en el pa\u00eds.<\/p>\n\n\n\n<p>El crecimiento del uso de motocicletas como medio de transporte alternativo ha sido significativo en los \u00faltimos a\u00f1os. Desde 2015, su uso ha aumentado un 63.8 %, principalmente por su bajo consumo de combustible y la reducci\u00f3n en tiempos de traslado.<\/p>\n\n\n\n<p>Recomendaciones para una conducci\u00f3n segura:<\/p>\n\n\n\n<p>\u2714\ufe0f Usa correctamente el casco protector.<br \/>\u2714\ufe0f No rebases por la derecha.<br \/>\u2714\ufe0f No excedas el n\u00famero de pasajeros permitido.<\/p>\n\n\n\n<p>Esta campa\u00f1a busca reducir la incidencia de accidentes viales y fomentar una cultura de movilidad segura en Oaxaca de Ju\u00e1rez.<\/p>\n\n\n\n\n\n<figure class=\"wp-block-image size-large\"><img fetchpriority=\"high\" decoding=\"async\" width=\"1024\" height=\"684\" src=\"https:\/\/contextoanalisisperiodistico.com\/wp-content\/uploads\/2025\/02\/img-20250211-wa01104596633776020994676-1024x684.jpg\" alt=\"\" class=\"wp-image-37145\" srcset=\"https:\/\/contextoanalisisperiodistico.com\/wp-content\/uploads\/2025\/02\/img-20250211-wa01104596633776020994676-1024x684.jpg 1024w, https:\/\/contextoanalisisperiodistico.com\/wp-content\/uploads\/2025\/02\/img-20250211-wa01104596633776020994676-300x200.jpg 300w, https:\/\/contextoanalisisperiodistico.com\/wp-content\/uploads\/2025\/02\/img-20250211-wa01104596633776020994676-768x513.jpg 768w, https:\/\/contextoanalisisperiodistico.com\/wp-content\/uploads\/2025\/02\/img-20250211-wa01104596633776020994676-1536x1027.jpg 1536w, https:\/\/contextoanalisisperiodistico.com\/wp-content\/uploads\/2025\/02\/img-20250211-wa01104596633776020994676.jpg 1616w\" sizes=\"(max-width: 1024px) 100vw, 1024px\" \/><\/figure>\n\n\n\n<figure class=\"wp-block-image\"><img decoding=\"async\" width=\"1024\" height=\"684\" src=\"https:\/\/contextoanalisisperiodistico.com\/wp-content\/uploads\/2025\/02\/img-20250211-wa010811560002880034788-1024x684.jpg\" alt=\"\" class=\"wp-image-37148\" srcset=\"https:\/\/contextoanalisisperiodistico.com\/wp-content\/uploads\/2025\/02\/img-20250211-wa010811560002880034788-1024x684.jpg 1024w, https:\/\/contextoanalisisperiodistico.com\/wp-content\/uploads\/2025\/02\/img-20250211-wa010811560002880034788-300x200.jpg 300w, https:\/\/contextoanalisisperiodistico.com\/wp-content\/uploads\/2025\/02\/img-20250211-wa010811560002880034788-768x513.jpg 768w, https:\/\/contextoanalisisperiodistico.com\/wp-content\/uploads\/2025\/02\/img-20250211-wa010811560002880034788-1536x1027.jpg 1536w, https:\/\/contextoanalisisperiodistico.com\/wp-content\/uploads\/2025\/02\/img-20250211-wa010811560002880034788.jpg 1616w\" sizes=\"(max-width: 1024px) 100vw, 1024px\" \/><\/figure>\n\n\n\n<figure class=\"wp-block-image\"><img decoding=\"async\" width=\"1024\" height=\"684\" src=\"https:\/\/contextoanalisisperiodistico.com\/wp-content\/uploads\/2025\/02\/img-20250211-wa01098701133720438431365-1024x684.jpg\" alt=\"\" class=\"wp-image-37147\" srcset=\"https:\/\/contextoanalisisperiodistico.com\/wp-content\/uploads\/2025\/02\/img-20250211-wa01098701133720438431365-1024x684.jpg 1024w, https:\/\/contextoanalisisperiodistico.com\/wp-content\/uploads\/2025\/02\/img-20250211-wa01098701133720438431365-300x200.jpg 300w, https:\/\/contextoanalisisperiodistico.com\/wp-content\/uploads\/2025\/02\/img-20250211-wa01098701133720438431365-768x513.jpg 768w, https:\/\/contextoanalisisperiodistico.com\/wp-content\/uploads\/2025\/02\/img-20250211-wa01098701133720438431365-1536x1027.jpg 1536w, https:\/\/contextoanalisisperiodistico.com\/wp-content\/uploads\/2025\/02\/img-20250211-wa01098701133720438431365.jpg 1616w\" sizes=\"(max-width: 1024px) 100vw, 1024px\" \/><\/figure>\n\n\n\n<figure class=\"wp-block-image\"><img loading=\"lazy\" decoding=\"async\" width=\"1024\" height=\"684\" src=\"https:\/\/contextoanalisisperiodistico.com\/wp-content\/uploads\/2025\/02\/img-20250211-wa0107451624556511680800-1024x684.jpg\" alt=\"\" class=\"wp-image-37146\" srcset=\"https:\/\/contextoanalisisperiodistico.com\/wp-content\/uploads\/2025\/02\/img-20250211-wa0107451624556511680800-1024x684.jpg 1024w, https:\/\/contextoanalisisperiodistico.com\/wp-content\/uploads\/2025\/02\/img-20250211-wa0107451624556511680800-300x200.jpg 300w, https:\/\/contextoanalisisperiodistico.com\/wp-content\/uploads\/2025\/02\/img-20250211-wa0107451624556511680800-768x513.jpg 768w, https:\/\/contextoanalisisperiodistico.com\/wp-content\/uploads\/2025\/02\/img-20250211-wa0107451624556511680800-1536x1027.jpg 1536w, https:\/\/contextoanalisisperiodistico.com\/wp-content\/uploads\/2025\/02\/img-20250211-wa0107451624556511680800.jpg 1616w\" sizes=\"(max-width: 1024px) 100vw, 1024px\" \/><\/figure>\n","protected":false},"excerpt":{"rendered":"<p>\u2022La actividad se realiza en los principales cruceros de la capital oaxaque\u00f1a. \u2022En Oaxaca de&#8230;<\/p>\n","protected":false},"author":4,"featured_media":37144,"comment_status":"","ping_status":"open","sticky":false,"template":"","format":"standard","meta":{"footnotes":""},"categories":[3],"tags":[178,235,234,45],"jetpack_sharing_enabled":true,"featured_image_urls":{"full":["https:\/\/contextoanalisisperiodistico.com\/wp-content\/uploads\/2025\/02\/IMG-20250211-WA0106.jpg",1616,1080,false],"thumbnail":["https:\/\/contextoanalisisperiodistico.com\/wp-content\/uploads\/2025\/02\/IMG-20250211-WA0106-150x150.jpg",150,150,true],"medium":["https:\/\/contextoanalisisperiodistico.com\/wp-content\/uploads\/2025\/02\/IMG-20250211-WA0106-300x200.jpg",300,200,true],"medium_large":["https:\/\/contextoanalisisperiodistico.com\/wp-content\/uploads\/2025\/02\/IMG-20250211-WA0106-768x513.jpg",640,428,true],"large":["https:\/\/contextoanalisisperiodistico.com\/wp-content\/uploads\/2025\/02\/IMG-20250211-WA0106-1024x684.jpg",640,428,true],"1536x1536":["https:\/\/contextoanalisisperiodistico.com\/wp-content\/uploads\/2025\/02\/IMG-20250211-WA0106-1536x1027.jpg",1536,1027,true],"2048x2048":["https:\/\/contextoanalisisperiodistico.com\/wp-content\/uploads\/2025\/02\/IMG-20250211-WA0106.jpg",1616,1080,false],"covernews-slider-full":["https:\/\/contextoanalisisperiodistico.com\/wp-content\/uploads\/2025\/02\/IMG-20250211-WA0106-1115x715.jpg",1115,715,true],"covernews-slider-center":["https:\/\/contextoanalisisperiodistico.com\/wp-content\/uploads\/2025\/02\/IMG-20250211-WA0106-800x500.jpg",800,500,true],"covernews-featured":["https:\/\/contextoanalisisperiodistico.com\/wp-content\/uploads\/2025\/02\/IMG-20250211-WA0106-1024x684.jpg",1024,684,true],"covernews-medium":["https:\/\/contextoanalisisperiodistico.com\/wp-content\/uploads\/2025\/02\/IMG-20250211-WA0106-540x340.jpg",540,340,true],"covernews-medium-square":["https:\/\/contextoanalisisperiodistico.com\/wp-content\/uploads\/2025\/02\/IMG-20250211-WA0106-400x250.jpg",400,250,true]},"author_info":{"display_name":"Mario Gir\u00f3n","author_link":"https:\/\/contextoanalisisperiodistico.com\/index.php\/author\/director\/"},"category_info":"<a href=\"https:\/\/contextoanalisisperiodistico.com\/index.php\/category\/ciudad\/\" rel=\"category tag\">Ciudad<\/a>","tag_info":"Ciudad","comment_count":"0","jetpack_featured_media_url":"https:\/\/contextoanalisisperiodistico.com\/wp-content\/uploads\/2025\/02\/IMG-20250211-WA0106.jpg","_links":{"self":[{"href":"https:\/\/contextoanalisisperiodistico.com\/index.php\/wp-json\/wp\/v2\/posts\/37149"}],"collection":[{"href":"https:\/\/contextoanalisisperiodistico.com\/index.php\/wp-json\/wp\/v2\/posts"}],"about":[{"href":"https:\/\/contextoanalisisperiodistico.com\/index.php\/wp-json\/wp\/v2\/types\/post"}],"author":[{"embeddable":true,"href":"https:\/\/contextoanalisisperiodistico.com\/index.php\/wp-json\/wp\/v2\/users\/4"}],"replies":[{"embeddable":true,"href":"https:\/\/contextoanalisisperiodistico.com\/index.php\/wp-json\/wp\/v2\/comments?post=37149"}],"version-history":[{"count":0,"href":"https:\/\/contextoanalisisperiodistico.com\/index.php\/wp-json\/wp\/v2\/posts\/37149\/revisions"}],"wp:featuredmedia":[{"embeddable":true,"href":"https:\/\/contextoanalisisperiodistico.com\/index.php\/wp-json\/wp\/v2\/media\/37144"}],"wp:attachment":[{"href":"https:\/\/contextoanalisisperiodistico.com\/index.php\/wp-json\/wp\/v2\/media?parent=37149"}],"wp:term":[{"taxonomy":"category","embeddable":true,"href":"https:\/\/contextoanalisisperiodistico.com\/index.php\/wp-json\/wp\/v2\/categories?post=37149"},{"taxonomy":"post_tag","embeddable":true,"href":"https:\/\/contextoanalisisperiodistico.com\/index.php\/wp-json\/wp\/v2\/tags?post=37149"}],"curies":[{"name":"wp","href":"https:\/\/api.w.org\/{rel}","templated":true}]}}