{"id":3713,"date":"2022-06-04T11:18:32","date_gmt":"2022-06-04T16:18:32","guid":{"rendered":"http:\/\/contextoanalisisperiodistico.com.mx\/2022\/06\/04\/se-aseguran-a-10-migrantes-que-transitaban-ilegalmente-en-santa-lucia-del-camino\/"},"modified":"2022-06-04T11:18:32","modified_gmt":"2022-06-04T16:18:32","slug":"se-aseguran-a-10-migrantes-que-transitaban-ilegalmente-en-santa-lucia-del-camino","status":"publish","type":"post","link":"https:\/\/contextoanalisisperiodistico.com\/index.php\/2022\/06\/04\/se-aseguran-a-10-migrantes-que-transitaban-ilegalmente-en-santa-lucia-del-camino\/","title":{"rendered":"Se aseguran a 10 migrantes que transitaban ilegalmente en Santa Luc\u00eda del Camino"},"content":{"rendered":"<div id=\"fb-root\"><\/div>\n\n<p>En un trabajo coordinado con la Fiscal\u00eda General de la Rep\u00fablica (FGR) y el Instituto Nacional de Migraci\u00f3n (INM), elementos de Seguridad P\u00fablica y Polic\u00eda Vial de Santa Luc\u00eda del Camino aseguraron a 10 personas que transitaban de manera ilegal por nuestro municipio.<\/p>\n\n\n\n<p>Los hechos se registraron este viernes 3 de junio de 2022 en la Cuarta Privada de Verona, en la colonia Roma de nuestra demarcaci\u00f3n municipal; donde ingresaron a un motel donde se report\u00f3 la presencia de personas indocumentadas.<\/p>\n\n\n\n<p>En el lugar antes mencionado, los elementos de migraci\u00f3n identificaron a cinco personas de origen nicarag\u00fcense, cuatro de origen guatemalteco y un hondure\u00f1o; de los cuales, ninguno contaba con documentaci\u00f3n legal para transitar por el pa\u00eds.<\/p>\n\n\n\n<p>Por tal motivo, los 10 migrantes fueron trasladados a las oficinas de Migraci\u00f3n, con apoyo de las fuerzas de Seguridad P\u00fablica de Santa Luc\u00eda del Camino, quienes refrendaron su compromiso de seguir trabajando por un ambiente de paz y seguridad en el municipio.<\/p>\n\n\n\n<figure class=\"wp-block-image size-large\"><img decoding=\"async\" src=\"https:\/\/contextoinformacionyanalisisperiodistico.files.wordpress.com\/2022\/06\/img-20220604-wa0039.jpg?w=1024\" alt=\"\" class=\"wp-image-3711\" \/><\/figure>\n\n\n\n<figure class=\"wp-block-image\"><img decoding=\"async\" src=\"https:\/\/contextoinformacionyanalisisperiodistico.files.wordpress.com\/2022\/06\/img-20220604-wa0038.jpg\" alt=\"\" class=\"wp-image-3712\" \/><\/figure>\n\n\n\n<figure class=\"wp-block-image\"><img decoding=\"async\" src=\"https:\/\/contextoinformacionyanalisisperiodistico.files.wordpress.com\/2022\/06\/img-20220604-wa0041.jpg\" alt=\"\" class=\"wp-image-3710\" \/><\/figure>\n\n\n\n<figure class=\"wp-block-image\"><img decoding=\"async\" src=\"https:\/\/contextoinformacionyanalisisperiodistico.files.wordpress.com\/2022\/06\/img-20220604-wa0037.jpg\" alt=\"\" class=\"wp-image-3709\" \/><\/figure>\n","protected":false},"excerpt":{"rendered":"<p>En un trabajo coordinado con la Fiscal\u00eda General de la Rep\u00fablica (FGR) y el Instituto&#8230;<\/p>\n","protected":false},"author":2,"featured_media":0,"comment_status":"open","ping_status":"open","sticky":false,"template":"","format":"standard","meta":{"footnotes":""},"categories":[7],"tags":[],"jetpack_sharing_enabled":true,"featured_image_urls":{"full":"","thumbnail":"","medium":"","medium_large":"","large":"","1536x1536":"","2048x2048":"","covernews-slider-full":"","covernews-slider-center":"","covernews-featured":"","covernews-medium":"","covernews-medium-square":""},"author_info":{"display_name":"Miguel","author_link":"https:\/\/contextoanalisisperiodistico.com\/index.php\/author\/editor\/"},"category_info":"<a href=\"https:\/\/contextoanalisisperiodistico.com\/index.php\/category\/municipios\/\" rel=\"category tag\">Municipios<\/a>","tag_info":"Municipios","comment_count":"0","jetpack_featured_media_url":"","_links":{"self":[{"href":"https:\/\/contextoanalisisperiodistico.com\/index.php\/wp-json\/wp\/v2\/posts\/3713"}],"collection":[{"href":"https:\/\/contextoanalisisperiodistico.com\/index.php\/wp-json\/wp\/v2\/posts"}],"about":[{"href":"https:\/\/contextoanalisisperiodistico.com\/index.php\/wp-json\/wp\/v2\/types\/post"}],"author":[{"embeddable":true,"href":"https:\/\/contextoanalisisperiodistico.com\/index.php\/wp-json\/wp\/v2\/users\/2"}],"replies":[{"embeddable":true,"href":"https:\/\/contextoanalisisperiodistico.com\/index.php\/wp-json\/wp\/v2\/comments?post=3713"}],"version-history":[{"count":0,"href":"https:\/\/contextoanalisisperiodistico.com\/index.php\/wp-json\/wp\/v2\/posts\/3713\/revisions"}],"wp:attachment":[{"href":"https:\/\/contextoanalisisperiodistico.com\/index.php\/wp-json\/wp\/v2\/media?parent=3713"}],"wp:term":[{"taxonomy":"category","embeddable":true,"href":"https:\/\/contextoanalisisperiodistico.com\/index.php\/wp-json\/wp\/v2\/categories?post=3713"},{"taxonomy":"post_tag","embeddable":true,"href":"https:\/\/contextoanalisisperiodistico.com\/index.php\/wp-json\/wp\/v2\/tags?post=3713"}],"curies":[{"name":"wp","href":"https:\/\/api.w.org\/{rel}","templated":true}]}}