{"id":37129,"date":"2025-02-11T12:33:56","date_gmt":"2025-02-11T18:33:56","guid":{"rendered":"https:\/\/contextoanalisisperiodistico.com\/index.php\/2025\/02\/11\/coincide-ayuntamiento-en-priorizar-el-bienestar-de-las-familias-de-la-capital-oaxaquena\/"},"modified":"2025-02-11T12:33:56","modified_gmt":"2025-02-11T18:33:56","slug":"coincide-ayuntamiento-en-priorizar-el-bienestar-de-las-familias-de-la-capital-oaxaquena","status":"publish","type":"post","link":"https:\/\/contextoanalisisperiodistico.com\/index.php\/2025\/02\/11\/coincide-ayuntamiento-en-priorizar-el-bienestar-de-las-familias-de-la-capital-oaxaquena\/","title":{"rendered":"Coincide Ayuntamiento en priorizar el bienestar de las familias de la capital oaxaque\u00f1a"},"content":{"rendered":"<div id=\"fb-root\"><\/div>\n\n<p>\u2022Se dio a conocer la convocatoria para la distinci\u00f3n \u00abMujer Oaxaque\u00f1a 2025\u00bb, adem\u00e1s de impulsar campa\u00f1as para el cuidado del agua.<\/p>\n\n\n\n<figure class=\"wp-block-image size-large\"><img fetchpriority=\"high\" decoding=\"async\" width=\"1024\" height=\"684\" src=\"https:\/\/contextoanalisisperiodistico.com\/wp-content\/uploads\/2025\/02\/img-20250211-wa00411285067631143123467-1024x684.jpg\" alt=\"\" class=\"wp-image-37128\" srcset=\"https:\/\/contextoanalisisperiodistico.com\/wp-content\/uploads\/2025\/02\/img-20250211-wa00411285067631143123467-1024x684.jpg 1024w, https:\/\/contextoanalisisperiodistico.com\/wp-content\/uploads\/2025\/02\/img-20250211-wa00411285067631143123467-300x200.jpg 300w, https:\/\/contextoanalisisperiodistico.com\/wp-content\/uploads\/2025\/02\/img-20250211-wa00411285067631143123467-768x513.jpg 768w, https:\/\/contextoanalisisperiodistico.com\/wp-content\/uploads\/2025\/02\/img-20250211-wa00411285067631143123467-1536x1027.jpg 1536w, https:\/\/contextoanalisisperiodistico.com\/wp-content\/uploads\/2025\/02\/img-20250211-wa00411285067631143123467.jpg 1616w\" sizes=\"(max-width: 1024px) 100vw, 1024px\" \/><\/figure>\n\n\n\n<figure class=\"wp-block-image\"><img decoding=\"async\" width=\"1024\" height=\"684\" src=\"https:\/\/contextoanalisisperiodistico.com\/wp-content\/uploads\/2025\/02\/img-20250211-wa00386007191762030987588-1024x684.jpg\" alt=\"\" class=\"wp-image-37127\" srcset=\"https:\/\/contextoanalisisperiodistico.com\/wp-content\/uploads\/2025\/02\/img-20250211-wa00386007191762030987588-1024x684.jpg 1024w, https:\/\/contextoanalisisperiodistico.com\/wp-content\/uploads\/2025\/02\/img-20250211-wa00386007191762030987588-300x200.jpg 300w, https:\/\/contextoanalisisperiodistico.com\/wp-content\/uploads\/2025\/02\/img-20250211-wa00386007191762030987588-768x513.jpg 768w, https:\/\/contextoanalisisperiodistico.com\/wp-content\/uploads\/2025\/02\/img-20250211-wa00386007191762030987588-1536x1027.jpg 1536w, https:\/\/contextoanalisisperiodistico.com\/wp-content\/uploads\/2025\/02\/img-20250211-wa00386007191762030987588.jpg 1616w\" sizes=\"(max-width: 1024px) 100vw, 1024px\" \/><\/figure>\n\n\n\n<figure class=\"wp-block-image\"><img decoding=\"async\" width=\"1024\" height=\"682\" src=\"https:\/\/contextoanalisisperiodistico.com\/wp-content\/uploads\/2025\/02\/img-20250211-wa00405973648297050958275-1024x682.jpg\" alt=\"\" class=\"wp-image-37126\" srcset=\"https:\/\/contextoanalisisperiodistico.com\/wp-content\/uploads\/2025\/02\/img-20250211-wa00405973648297050958275-1024x682.jpg 1024w, https:\/\/contextoanalisisperiodistico.com\/wp-content\/uploads\/2025\/02\/img-20250211-wa00405973648297050958275-300x200.jpg 300w, https:\/\/contextoanalisisperiodistico.com\/wp-content\/uploads\/2025\/02\/img-20250211-wa00405973648297050958275-768x512.jpg 768w, https:\/\/contextoanalisisperiodistico.com\/wp-content\/uploads\/2025\/02\/img-20250211-wa00405973648297050958275.jpg 1469w\" sizes=\"(max-width: 1024px) 100vw, 1024px\" \/><\/figure>\n\n\n\n<p>Oaxaca de Ju\u00e1rez, Oax., 11 de febrero de 2025.- Con el firme compromiso de velar por el bienestar de las vecinas y vecinos, el Ayuntamiento de Oaxaca de Ju\u00e1rez, en Sesi\u00f3n Ordinaria, aprob\u00f3 dict\u00e1menes y asuntos en cartera que responden a la necesidad de poner orden y priorizar temas en beneficio de la ciudadan\u00eda.<\/p>\n\n\n\n<p>Uno de los dict\u00e1menes aprobados, con 15 votos a favor, fue la autorizaci\u00f3n de la licencia del agente de polic\u00eda municipal de Candiani, Felipe Antonio Garc\u00eda Paz. Asimismo, se autoriz\u00f3 a la Direcci\u00f3n de Comercio en V\u00eda P\u00fablica para expedir permisos temporales con motivo de la festividad del D\u00eda del Amor y la Amistad, conforme a los d\u00edas y horarios establecidos en el dictamen.<\/p>\n\n\n\n<p>En asuntos generales, la Regidur\u00eda de Seguridad Vecinal destac\u00f3 que 700 elementos fueron capacitados en materia de justicia c\u00edvica, en una actividad encabezada por la Alcald\u00eda Municipal y la Secretar\u00eda de Seguridad Vecinal. Esta acci\u00f3n tiene como objetivo garantizar que la seguridad llegue a todas las agencias y colonias.<\/p>\n\n\n\n<p>De igual forma, se dio a conocer la convocatoria para la distinci\u00f3n Mujer Oaxaque\u00f1a 2025, cuyo prop\u00f3sito es reconocer a mujeres destacadas en diversos \u00e1mbitos, como el educativo, cultural y art\u00edstico.<\/p>\n\n\n\n<p>El galard\u00f3n ser\u00e1 entregado el 8 de marzo en Sesi\u00f3n Solemne de Cabildo, y la convocatoria est\u00e1 disponible en la p\u00e1gina web del Municipio de Oaxaca de Ju\u00e1rez.<\/p>\n\n\n\n<p>Finalmente, las y los concejales coincidieron en la importancia de generar una campa\u00f1a permanente para el cuidado del agua, con el objetivo de concientizar a la poblaci\u00f3n sobre la importancia de este recurso vital.<\/p>\n","protected":false},"excerpt":{"rendered":"<p>\u2022Se dio a conocer la convocatoria para la distinci\u00f3n \u00abMujer Oaxaque\u00f1a 2025\u00bb, adem\u00e1s de impulsar&#8230;<\/p>\n","protected":false},"author":4,"featured_media":37125,"comment_status":"","ping_status":"open","sticky":false,"template":"","format":"standard","meta":{"footnotes":""},"categories":[9],"tags":[178,235,234,45],"jetpack_sharing_enabled":true,"featured_image_urls":{"full":["https:\/\/contextoanalisisperiodistico.com\/wp-content\/uploads\/2025\/02\/IMG-20250211-WA0039.jpg",1616,1080,false],"thumbnail":["https:\/\/contextoanalisisperiodistico.com\/wp-content\/uploads\/2025\/02\/IMG-20250211-WA0039-150x150.jpg",150,150,true],"medium":["https:\/\/contextoanalisisperiodistico.com\/wp-content\/uploads\/2025\/02\/IMG-20250211-WA0039-300x200.jpg",300,200,true],"medium_large":["https:\/\/contextoanalisisperiodistico.com\/wp-content\/uploads\/2025\/02\/IMG-20250211-WA0039-768x513.jpg",640,428,true],"large":["https:\/\/contextoanalisisperiodistico.com\/wp-content\/uploads\/2025\/02\/IMG-20250211-WA0039-1024x684.jpg",640,428,true],"1536x1536":["https:\/\/contextoanalisisperiodistico.com\/wp-content\/uploads\/2025\/02\/IMG-20250211-WA0039-1536x1027.jpg",1536,1027,true],"2048x2048":["https:\/\/contextoanalisisperiodistico.com\/wp-content\/uploads\/2025\/02\/IMG-20250211-WA0039.jpg",1616,1080,false],"covernews-slider-full":["https:\/\/contextoanalisisperiodistico.com\/wp-content\/uploads\/2025\/02\/IMG-20250211-WA0039-1115x715.jpg",1115,715,true],"covernews-slider-center":["https:\/\/contextoanalisisperiodistico.com\/wp-content\/uploads\/2025\/02\/IMG-20250211-WA0039-800x500.jpg",800,500,true],"covernews-featured":["https:\/\/contextoanalisisperiodistico.com\/wp-content\/uploads\/2025\/02\/IMG-20250211-WA0039-1024x684.jpg",1024,684,true],"covernews-medium":["https:\/\/contextoanalisisperiodistico.com\/wp-content\/uploads\/2025\/02\/IMG-20250211-WA0039-540x340.jpg",540,340,true],"covernews-medium-square":["https:\/\/contextoanalisisperiodistico.com\/wp-content\/uploads\/2025\/02\/IMG-20250211-WA0039-400x250.jpg",400,250,true]},"author_info":{"display_name":"Mario Gir\u00f3n","author_link":"https:\/\/contextoanalisisperiodistico.com\/index.php\/author\/director\/"},"category_info":"<a href=\"https:\/\/contextoanalisisperiodistico.com\/index.php\/category\/politica\/\" rel=\"category tag\">Pol\u00edtica<\/a>","tag_info":"Pol\u00edtica","comment_count":"0","jetpack_featured_media_url":"https:\/\/contextoanalisisperiodistico.com\/wp-content\/uploads\/2025\/02\/IMG-20250211-WA0039.jpg","_links":{"self":[{"href":"https:\/\/contextoanalisisperiodistico.com\/index.php\/wp-json\/wp\/v2\/posts\/37129"}],"collection":[{"href":"https:\/\/contextoanalisisperiodistico.com\/index.php\/wp-json\/wp\/v2\/posts"}],"about":[{"href":"https:\/\/contextoanalisisperiodistico.com\/index.php\/wp-json\/wp\/v2\/types\/post"}],"author":[{"embeddable":true,"href":"https:\/\/contextoanalisisperiodistico.com\/index.php\/wp-json\/wp\/v2\/users\/4"}],"replies":[{"embeddable":true,"href":"https:\/\/contextoanalisisperiodistico.com\/index.php\/wp-json\/wp\/v2\/comments?post=37129"}],"version-history":[{"count":0,"href":"https:\/\/contextoanalisisperiodistico.com\/index.php\/wp-json\/wp\/v2\/posts\/37129\/revisions"}],"wp:featuredmedia":[{"embeddable":true,"href":"https:\/\/contextoanalisisperiodistico.com\/index.php\/wp-json\/wp\/v2\/media\/37125"}],"wp:attachment":[{"href":"https:\/\/contextoanalisisperiodistico.com\/index.php\/wp-json\/wp\/v2\/media?parent=37129"}],"wp:term":[{"taxonomy":"category","embeddable":true,"href":"https:\/\/contextoanalisisperiodistico.com\/index.php\/wp-json\/wp\/v2\/categories?post=37129"},{"taxonomy":"post_tag","embeddable":true,"href":"https:\/\/contextoanalisisperiodistico.com\/index.php\/wp-json\/wp\/v2\/tags?post=37129"}],"curies":[{"name":"wp","href":"https:\/\/api.w.org\/{rel}","templated":true}]}}