{"id":36973,"date":"2025-02-07T09:59:09","date_gmt":"2025-02-07T15:59:09","guid":{"rendered":"https:\/\/contextoanalisisperiodistico.com\/index.php\/2025\/02\/07\/oaxaca-de-juarez-optimiza-logistica-de-residuos-solidos-en-el-playon-y-mantiene-la-zona-libre-de-contaminacion\/"},"modified":"2025-02-07T09:59:09","modified_gmt":"2025-02-07T15:59:09","slug":"oaxaca-de-juarez-optimiza-logistica-de-residuos-solidos-en-el-playon-y-mantiene-la-zona-libre-de-contaminacion","status":"publish","type":"post","link":"https:\/\/contextoanalisisperiodistico.com\/index.php\/2025\/02\/07\/oaxaca-de-juarez-optimiza-logistica-de-residuos-solidos-en-el-playon-y-mantiene-la-zona-libre-de-contaminacion\/","title":{"rendered":"Oaxaca de Ju\u00e1rez optimiza log\u00edstica de residuos s\u00f3lidos en El Play\u00f3n y mantiene la zona libre de contaminaci\u00f3n"},"content":{"rendered":"<div id=\"fb-root\"><\/div>\n\n<p>\u2022Actualmente, el \u00e1rea se mantiene limpia y solo opera para el cambio de unidades recolectoras.<\/p>\n\n\n\n<p>Oaxaca de Ju\u00e1rez, Oax., 7 de febrero de 2025.\u2013 Por instrucci\u00f3n del presidente municipal Ray Chagoya, el Municipio de Oaxaca de Ju\u00e1rez ha implementado un nuevo esquema de transporte de residuos s\u00f3lidos en la zona conocida como El Play\u00f3n, garantizando el cumplimiento de normas ambientales y evitando la acumulaci\u00f3n de desechos que por a\u00f1os generaron contaminaci\u00f3n en las inmediaciones del R\u00edo Atoyac.<\/p>\n\n\n\n<p>A diferencia de administraciones anteriores, que permitieron el almacenamiento de residuos en este punto, el gobierno municipal ha establecido que El Play\u00f3n funcione exclusivamente como sitio de transferencia, donde los desechos recolectados en la capital son trasladados de unidades de menor capacidad a veh\u00edculos de mayor tonelaje.<\/p>\n\n\n\n<p>Para evitar afectaciones ambientales y sanitarias, la Secretar\u00eda de Servicios Vecinales realiza labores de limpieza en el \u00e1rea el mismo d\u00eda en que se llevan a cabo estas maniobras. Con esta medida, el municipio atiende las disposiciones de la Procuradur\u00eda de Protecci\u00f3n al Medio Ambiente del Estado de Oaxaca y protege la salud de vecinas, vecinos y transe\u00fantes.<\/p>\n\n\n\n<p>Con este modelo, Oaxaca de Ju\u00e1rez avanza hacia una gesti\u00f3n de residuos m\u00e1s eficiente y sustentable, eliminando focos de contaminaci\u00f3n y garantizando espacios p\u00fablicos limpios.<\/p>\n\n\n\n<figure class=\"wp-block-image size-large\"><img fetchpriority=\"high\" decoding=\"async\" width=\"1024\" height=\"767\" src=\"https:\/\/contextoanalisisperiodistico.com\/wp-content\/uploads\/2025\/02\/img-20250207-wa00238547599217753486950-1024x767.jpg\" alt=\"\" class=\"wp-image-36972\" srcset=\"https:\/\/contextoanalisisperiodistico.com\/wp-content\/uploads\/2025\/02\/img-20250207-wa00238547599217753486950-1024x767.jpg 1024w, https:\/\/contextoanalisisperiodistico.com\/wp-content\/uploads\/2025\/02\/img-20250207-wa00238547599217753486950-300x225.jpg 300w, https:\/\/contextoanalisisperiodistico.com\/wp-content\/uploads\/2025\/02\/img-20250207-wa00238547599217753486950-768x575.jpg 768w, https:\/\/contextoanalisisperiodistico.com\/wp-content\/uploads\/2025\/02\/img-20250207-wa00238547599217753486950-1536x1150.jpg 1536w, https:\/\/contextoanalisisperiodistico.com\/wp-content\/uploads\/2025\/02\/img-20250207-wa00238547599217753486950.jpg 1600w\" sizes=\"(max-width: 1024px) 100vw, 1024px\" \/><\/figure>\n","protected":false},"excerpt":{"rendered":"<p>\u2022Actualmente, el \u00e1rea se mantiene limpia y solo opera para el cambio de unidades recolectoras&#8230;.<\/p>\n","protected":false},"author":4,"featured_media":36971,"comment_status":"","ping_status":"open","sticky":false,"template":"","format":"standard","meta":{"footnotes":""},"categories":[9],"tags":[178,235,234,45],"jetpack_sharing_enabled":true,"featured_image_urls":{"full":["https:\/\/contextoanalisisperiodistico.com\/wp-content\/uploads\/2025\/02\/IMG-20250207-WA0024.jpg",1600,1198,false],"thumbnail":["https:\/\/contextoanalisisperiodistico.com\/wp-content\/uploads\/2025\/02\/IMG-20250207-WA0024-150x150.jpg",150,150,true],"medium":["https:\/\/contextoanalisisperiodistico.com\/wp-content\/uploads\/2025\/02\/IMG-20250207-WA0024-300x225.jpg",300,225,true],"medium_large":["https:\/\/contextoanalisisperiodistico.com\/wp-content\/uploads\/2025\/02\/IMG-20250207-WA0024-768x575.jpg",640,479,true],"large":["https:\/\/contextoanalisisperiodistico.com\/wp-content\/uploads\/2025\/02\/IMG-20250207-WA0024-1024x767.jpg",640,479,true],"1536x1536":["https:\/\/contextoanalisisperiodistico.com\/wp-content\/uploads\/2025\/02\/IMG-20250207-WA0024-1536x1150.jpg",1536,1150,true],"2048x2048":["https:\/\/contextoanalisisperiodistico.com\/wp-content\/uploads\/2025\/02\/IMG-20250207-WA0024.jpg",1600,1198,false],"covernews-slider-full":["https:\/\/contextoanalisisperiodistico.com\/wp-content\/uploads\/2025\/02\/IMG-20250207-WA0024-1115x715.jpg",1115,715,true],"covernews-slider-center":["https:\/\/contextoanalisisperiodistico.com\/wp-content\/uploads\/2025\/02\/IMG-20250207-WA0024-800x500.jpg",800,500,true],"covernews-featured":["https:\/\/contextoanalisisperiodistico.com\/wp-content\/uploads\/2025\/02\/IMG-20250207-WA0024-1024x767.jpg",1024,767,true],"covernews-medium":["https:\/\/contextoanalisisperiodistico.com\/wp-content\/uploads\/2025\/02\/IMG-20250207-WA0024-540x340.jpg",540,340,true],"covernews-medium-square":["https:\/\/contextoanalisisperiodistico.com\/wp-content\/uploads\/2025\/02\/IMG-20250207-WA0024-400x250.jpg",400,250,true]},"author_info":{"display_name":"Mario Gir\u00f3n","author_link":"https:\/\/contextoanalisisperiodistico.com\/index.php\/author\/director\/"},"category_info":"<a href=\"https:\/\/contextoanalisisperiodistico.com\/index.php\/category\/politica\/\" rel=\"category tag\">Pol\u00edtica<\/a>","tag_info":"Pol\u00edtica","comment_count":"0","jetpack_featured_media_url":"https:\/\/contextoanalisisperiodistico.com\/wp-content\/uploads\/2025\/02\/IMG-20250207-WA0024.jpg","_links":{"self":[{"href":"https:\/\/contextoanalisisperiodistico.com\/index.php\/wp-json\/wp\/v2\/posts\/36973"}],"collection":[{"href":"https:\/\/contextoanalisisperiodistico.com\/index.php\/wp-json\/wp\/v2\/posts"}],"about":[{"href":"https:\/\/contextoanalisisperiodistico.com\/index.php\/wp-json\/wp\/v2\/types\/post"}],"author":[{"embeddable":true,"href":"https:\/\/contextoanalisisperiodistico.com\/index.php\/wp-json\/wp\/v2\/users\/4"}],"replies":[{"embeddable":true,"href":"https:\/\/contextoanalisisperiodistico.com\/index.php\/wp-json\/wp\/v2\/comments?post=36973"}],"version-history":[{"count":0,"href":"https:\/\/contextoanalisisperiodistico.com\/index.php\/wp-json\/wp\/v2\/posts\/36973\/revisions"}],"wp:featuredmedia":[{"embeddable":true,"href":"https:\/\/contextoanalisisperiodistico.com\/index.php\/wp-json\/wp\/v2\/media\/36971"}],"wp:attachment":[{"href":"https:\/\/contextoanalisisperiodistico.com\/index.php\/wp-json\/wp\/v2\/media?parent=36973"}],"wp:term":[{"taxonomy":"category","embeddable":true,"href":"https:\/\/contextoanalisisperiodistico.com\/index.php\/wp-json\/wp\/v2\/categories?post=36973"},{"taxonomy":"post_tag","embeddable":true,"href":"https:\/\/contextoanalisisperiodistico.com\/index.php\/wp-json\/wp\/v2\/tags?post=36973"}],"curies":[{"name":"wp","href":"https:\/\/api.w.org\/{rel}","templated":true}]}}