{"id":36927,"date":"2025-02-05T18:54:06","date_gmt":"2025-02-06T00:54:06","guid":{"rendered":"https:\/\/contextoanalisisperiodistico.com\/index.php\/2025\/02\/05\/aprueba-cabildo-convocatoria-para-eleccion-de-agentes-municipales-en-oaxaca-de-juarez\/"},"modified":"2025-02-05T18:54:06","modified_gmt":"2025-02-06T00:54:06","slug":"aprueba-cabildo-convocatoria-para-eleccion-de-agentes-municipales-en-oaxaca-de-juarez","status":"publish","type":"post","link":"https:\/\/contextoanalisisperiodistico.com\/index.php\/2025\/02\/05\/aprueba-cabildo-convocatoria-para-eleccion-de-agentes-municipales-en-oaxaca-de-juarez\/","title":{"rendered":"Aprueba Cabildo convocatoria para elecci\u00f3n de agentes municipales en Oaxaca de Ju\u00e1rez"},"content":{"rendered":"<div id=\"fb-root\"><\/div>\n\n<ul class=\"wp-block-list\">\n<li>La jornada se realizar\u00e1 los d\u00edas 2 y 9 de marzo de este a\u00f1o.<\/li>\n<\/ul>\n\n\n\n<p>Oaxaca de Ju\u00e1rez, Oax., 5 de febrero de 2025.- En Sesi\u00f3n Extraordinaria de Cabildo, fue aprobado el dictamen para la convocatoria para la elecci\u00f3n de agentes municipales y de polic\u00eda de Oaxaca de Ju\u00e1rez. Dicha convocatoria est\u00e1 dirigida a las ciudadanas y ciudadanos en pleno uso de sus derechos pol\u00edticos, invit\u00e1ndolos a participar en el proceso democr\u00e1tico que se llevar\u00e1 a cabo los d\u00edas 2 y 9 de marzo de 2025.<\/p>\n\n\n\n<p>En este sentido, las y los concejales, as\u00ed como el presidente Ray Chagoya, instruyeron a la Secretar\u00eda de Gobierno Municipal para que, a trav\u00e9s de la Direcci\u00f3n de Agencias, Barrios y Colonias, realice las acciones necesarias para la organizaci\u00f3n de la elecci\u00f3n.<\/p>\n\n\n\n<p>Asimismo, en la sesi\u00f3n, que se llev\u00f3 a cabo de manera virtual, se instruy\u00f3 a la Secretar\u00eda de Seguridad Vecinal a implementar un mecanismo de seguridad que garantice el correcto desarrollo de la elecci\u00f3n.<\/p>\n\n\n\n<p>El dictamen fue emitido por la Comisi\u00f3n de Gobierno, Territorio, Normatividad, Nomenclatura, Mercados y Comercio en la V\u00eda P\u00fablica.<\/p>\n","protected":false},"excerpt":{"rendered":"<p>Oaxaca de Ju\u00e1rez, Oax., 5 de febrero de 2025.- En Sesi\u00f3n Extraordinaria de Cabildo, fue&#8230;<\/p>\n","protected":false},"author":4,"featured_media":36926,"comment_status":"","ping_status":"open","sticky":false,"template":"","format":"standard","meta":{"footnotes":""},"categories":[9],"tags":[178,235,234,45],"jetpack_sharing_enabled":true,"featured_image_urls":{"full":["https:\/\/contextoanalisisperiodistico.com\/wp-content\/uploads\/2025\/02\/IMG-20250205-WA0165.jpg",2560,1706,false],"thumbnail":["https:\/\/contextoanalisisperiodistico.com\/wp-content\/uploads\/2025\/02\/IMG-20250205-WA0165-150x150.jpg",150,150,true],"medium":["https:\/\/contextoanalisisperiodistico.com\/wp-content\/uploads\/2025\/02\/IMG-20250205-WA0165-300x200.jpg",300,200,true],"medium_large":["https:\/\/contextoanalisisperiodistico.com\/wp-content\/uploads\/2025\/02\/IMG-20250205-WA0165-768x512.jpg",640,427,true],"large":["https:\/\/contextoanalisisperiodistico.com\/wp-content\/uploads\/2025\/02\/IMG-20250205-WA0165-1024x682.jpg",640,426,true],"1536x1536":["https:\/\/contextoanalisisperiodistico.com\/wp-content\/uploads\/2025\/02\/IMG-20250205-WA0165-1536x1024.jpg",1536,1024,true],"2048x2048":["https:\/\/contextoanalisisperiodistico.com\/wp-content\/uploads\/2025\/02\/IMG-20250205-WA0165-2048x1365.jpg",2048,1365,true],"covernews-slider-full":["https:\/\/contextoanalisisperiodistico.com\/wp-content\/uploads\/2025\/02\/IMG-20250205-WA0165-1115x715.jpg",1115,715,true],"covernews-slider-center":["https:\/\/contextoanalisisperiodistico.com\/wp-content\/uploads\/2025\/02\/IMG-20250205-WA0165-800x500.jpg",800,500,true],"covernews-featured":["https:\/\/contextoanalisisperiodistico.com\/wp-content\/uploads\/2025\/02\/IMG-20250205-WA0165-1024x682.jpg",1024,682,true],"covernews-medium":["https:\/\/contextoanalisisperiodistico.com\/wp-content\/uploads\/2025\/02\/IMG-20250205-WA0165-540x340.jpg",540,340,true],"covernews-medium-square":["https:\/\/contextoanalisisperiodistico.com\/wp-content\/uploads\/2025\/02\/IMG-20250205-WA0165-400x250.jpg",400,250,true]},"author_info":{"display_name":"Mario Gir\u00f3n","author_link":"https:\/\/contextoanalisisperiodistico.com\/index.php\/author\/director\/"},"category_info":"<a href=\"https:\/\/contextoanalisisperiodistico.com\/index.php\/category\/politica\/\" rel=\"category tag\">Pol\u00edtica<\/a>","tag_info":"Pol\u00edtica","comment_count":"0","jetpack_featured_media_url":"https:\/\/contextoanalisisperiodistico.com\/wp-content\/uploads\/2025\/02\/IMG-20250205-WA0165.jpg","_links":{"self":[{"href":"https:\/\/contextoanalisisperiodistico.com\/index.php\/wp-json\/wp\/v2\/posts\/36927"}],"collection":[{"href":"https:\/\/contextoanalisisperiodistico.com\/index.php\/wp-json\/wp\/v2\/posts"}],"about":[{"href":"https:\/\/contextoanalisisperiodistico.com\/index.php\/wp-json\/wp\/v2\/types\/post"}],"author":[{"embeddable":true,"href":"https:\/\/contextoanalisisperiodistico.com\/index.php\/wp-json\/wp\/v2\/users\/4"}],"replies":[{"embeddable":true,"href":"https:\/\/contextoanalisisperiodistico.com\/index.php\/wp-json\/wp\/v2\/comments?post=36927"}],"version-history":[{"count":0,"href":"https:\/\/contextoanalisisperiodistico.com\/index.php\/wp-json\/wp\/v2\/posts\/36927\/revisions"}],"wp:featuredmedia":[{"embeddable":true,"href":"https:\/\/contextoanalisisperiodistico.com\/index.php\/wp-json\/wp\/v2\/media\/36926"}],"wp:attachment":[{"href":"https:\/\/contextoanalisisperiodistico.com\/index.php\/wp-json\/wp\/v2\/media?parent=36927"}],"wp:term":[{"taxonomy":"category","embeddable":true,"href":"https:\/\/contextoanalisisperiodistico.com\/index.php\/wp-json\/wp\/v2\/categories?post=36927"},{"taxonomy":"post_tag","embeddable":true,"href":"https:\/\/contextoanalisisperiodistico.com\/index.php\/wp-json\/wp\/v2\/tags?post=36927"}],"curies":[{"name":"wp","href":"https:\/\/api.w.org\/{rel}","templated":true}]}}