{"id":36925,"date":"2025-02-05T18:12:01","date_gmt":"2025-02-06T00:12:01","guid":{"rendered":"https:\/\/contextoanalisisperiodistico.com\/index.php\/2025\/02\/05\/entrega-cobao-guias-de-estudio-gratuitas-a-estudiantes\/"},"modified":"2025-02-05T18:12:01","modified_gmt":"2025-02-06T00:12:01","slug":"entrega-cobao-guias-de-estudio-gratuitas-a-estudiantes","status":"publish","type":"post","link":"https:\/\/contextoanalisisperiodistico.com\/index.php\/2025\/02\/05\/entrega-cobao-guias-de-estudio-gratuitas-a-estudiantes\/","title":{"rendered":"Entrega Cobao gu\u00edas de estudio gratuitas a estudiantes"},"content":{"rendered":"<div id=\"fb-root\"><\/div>\n\n<p>\u2022 Se reafirma el compromiso del Gobierno de la Primavera Oaxaque\u00f1a con la educaci\u00f3n de las juventudes<\/p>\n\n\n\n<figure class=\"wp-block-image size-large\"><img fetchpriority=\"high\" decoding=\"async\" width=\"900\" height=\"600\" src=\"https:\/\/contextoanalisisperiodistico.com\/wp-content\/uploads\/2025\/02\/img-20250205-wa01361916875411800437327.jpg\" alt=\"\" class=\"wp-image-36921\" srcset=\"https:\/\/contextoanalisisperiodistico.com\/wp-content\/uploads\/2025\/02\/img-20250205-wa01361916875411800437327.jpg 900w, https:\/\/contextoanalisisperiodistico.com\/wp-content\/uploads\/2025\/02\/img-20250205-wa01361916875411800437327-300x200.jpg 300w, https:\/\/contextoanalisisperiodistico.com\/wp-content\/uploads\/2025\/02\/img-20250205-wa01361916875411800437327-768x512.jpg 768w\" sizes=\"(max-width: 900px) 100vw, 900px\" \/><\/figure>\n\n\n\n<figure class=\"wp-block-image\"><img decoding=\"async\" width=\"300\" height=\"200\" src=\"https:\/\/contextoanalisisperiodistico.com\/wp-content\/uploads\/2025\/02\/img-20250205-wa01377555978349718336028-300x200.jpg\" alt=\"\" class=\"wp-image-36924\" srcset=\"https:\/\/contextoanalisisperiodistico.com\/wp-content\/uploads\/2025\/02\/img-20250205-wa01377555978349718336028-300x200.jpg 300w, https:\/\/contextoanalisisperiodistico.com\/wp-content\/uploads\/2025\/02\/img-20250205-wa01377555978349718336028-768x511.jpg 768w, https:\/\/contextoanalisisperiodistico.com\/wp-content\/uploads\/2025\/02\/img-20250205-wa01377555978349718336028.jpg 900w\" sizes=\"(max-width: 300px) 100vw, 300px\" \/><\/figure>\n\n\n\n<figure class=\"wp-block-image\"><img decoding=\"async\" width=\"300\" height=\"200\" src=\"https:\/\/contextoanalisisperiodistico.com\/wp-content\/uploads\/2025\/02\/img-20250205-wa01351205438226600417951-300x200.jpg\" alt=\"\" class=\"wp-image-36922\" srcset=\"https:\/\/contextoanalisisperiodistico.com\/wp-content\/uploads\/2025\/02\/img-20250205-wa01351205438226600417951-300x200.jpg 300w, https:\/\/contextoanalisisperiodistico.com\/wp-content\/uploads\/2025\/02\/img-20250205-wa01351205438226600417951-768x511.jpg 768w, https:\/\/contextoanalisisperiodistico.com\/wp-content\/uploads\/2025\/02\/img-20250205-wa01351205438226600417951.jpg 900w\" sizes=\"(max-width: 300px) 100vw, 300px\" \/><\/figure>\n\n\n\n<figure class=\"wp-block-image\"><img loading=\"lazy\" decoding=\"async\" width=\"300\" height=\"200\" src=\"https:\/\/contextoanalisisperiodistico.com\/wp-content\/uploads\/2025\/02\/img-20250205-wa01344717141368094870329-300x200.jpg\" alt=\"\" class=\"wp-image-36923\" srcset=\"https:\/\/contextoanalisisperiodistico.com\/wp-content\/uploads\/2025\/02\/img-20250205-wa01344717141368094870329-300x200.jpg 300w, https:\/\/contextoanalisisperiodistico.com\/wp-content\/uploads\/2025\/02\/img-20250205-wa01344717141368094870329-768x511.jpg 768w, https:\/\/contextoanalisisperiodistico.com\/wp-content\/uploads\/2025\/02\/img-20250205-wa01344717141368094870329.jpg 900w\" sizes=\"(max-width: 300px) 100vw, 300px\" \/><\/figure>\n\n\n\n<p>Nazareno Etla, Oax. 5 de febrero de 2025.- En un hecho hist\u00f3rico para fortalecer la educaci\u00f3n en la entidad, el Colegio de Bachilleres del Estado de Oaxaca (Cobao) entreg\u00f3 36 mil 912 gu\u00edas de estudio gratuitas a la comunidad estudiantil, que cursa el ciclo escolar 2025\u00b4A en toda la entidad.<\/p>\n\n\n\n<p>En el plantel 39 ubicado en Nazareno Etla, la directora general Ang\u00e9lica Garc\u00eda P\u00e9rez reafirm\u00f3 el compromiso del Gobierno de la Primavera Oaxaque\u00f1a con la educaci\u00f3n a favor de las juventudes del estado, as\u00ed como las acciones del programa Inscripci\u00f3n Cero que exenta el pago en este concepto y representa un respaldo econ\u00f3mico para las familias de la entidad.<\/p>\n\n\n\n<p>Exhort\u00f3 a las y los bachilleres oaxaque\u00f1os de los 68 planteles que recibieron sus gu\u00edas gratuitas, a ser agentes de cambio en sus comunidades, lo cual abona a la construcci\u00f3n de un futuro donde la educaci\u00f3n sea un pilar significativo para el desarrollo de la sociedad.<\/p>\n\n\n\n<p>En presencia del estudiantado, personal docente y administrativo, as\u00ed como madres y padres de familia, mencion\u00f3 que se trata de un paso fundamental hacia la equidad educativa y un reflejo de la atenci\u00f3n que el Gobierno del Estado tiene con la juventud al cumplir con el art\u00edculo Tercero de la Constituci\u00f3n Mexicana que establece gratuidad en la educaci\u00f3n.<\/p>\n\n\n\n<p>Invit\u00f3 a la comunidad de este subsistema a aprovechar los recursos que ahora tienen a su disposici\u00f3n y que suman al aprendizaje, pero sobre todo a no dejar de so\u00f1ar en grande y trabajar en conjunto, a fin de construir un Oaxaca donde la educaci\u00f3n sea un derecho garantizado para todas y todos.<\/p>\n\n\n\n<p>-0-<\/p>\n","protected":false},"excerpt":{"rendered":"<p>\u2022 Se reafirma el compromiso del Gobierno de la Primavera Oaxaque\u00f1a con la educaci\u00f3n de&#8230;<\/p>\n","protected":false},"author":4,"featured_media":36920,"comment_status":"","ping_status":"open","sticky":false,"template":"","format":"standard","meta":{"footnotes":""},"categories":[91],"tags":[],"jetpack_sharing_enabled":true,"featured_image_urls":{"full":["https:\/\/contextoanalisisperiodistico.com\/wp-content\/uploads\/2025\/02\/IMG-20250205-WA0133.jpg",900,599,false],"thumbnail":["https:\/\/contextoanalisisperiodistico.com\/wp-content\/uploads\/2025\/02\/IMG-20250205-WA0133-150x150.jpg",150,150,true],"medium":["https:\/\/contextoanalisisperiodistico.com\/wp-content\/uploads\/2025\/02\/IMG-20250205-WA0133-300x200.jpg",300,200,true],"medium_large":["https:\/\/contextoanalisisperiodistico.com\/wp-content\/uploads\/2025\/02\/IMG-20250205-WA0133-768x511.jpg",640,426,true],"large":["https:\/\/contextoanalisisperiodistico.com\/wp-content\/uploads\/2025\/02\/IMG-20250205-WA0133.jpg",640,426,false],"1536x1536":["https:\/\/contextoanalisisperiodistico.com\/wp-content\/uploads\/2025\/02\/IMG-20250205-WA0133.jpg",900,599,false],"2048x2048":["https:\/\/contextoanalisisperiodistico.com\/wp-content\/uploads\/2025\/02\/IMG-20250205-WA0133.jpg",900,599,false],"covernews-slider-full":["https:\/\/contextoanalisisperiodistico.com\/wp-content\/uploads\/2025\/02\/IMG-20250205-WA0133.jpg",900,599,false],"covernews-slider-center":["https:\/\/contextoanalisisperiodistico.com\/wp-content\/uploads\/2025\/02\/IMG-20250205-WA0133-800x500.jpg",800,500,true],"covernews-featured":["https:\/\/contextoanalisisperiodistico.com\/wp-content\/uploads\/2025\/02\/IMG-20250205-WA0133.jpg",900,599,false],"covernews-medium":["https:\/\/contextoanalisisperiodistico.com\/wp-content\/uploads\/2025\/02\/IMG-20250205-WA0133-540x340.jpg",540,340,true],"covernews-medium-square":["https:\/\/contextoanalisisperiodistico.com\/wp-content\/uploads\/2025\/02\/IMG-20250205-WA0133-400x250.jpg",400,250,true]},"author_info":{"display_name":"Mario Gir\u00f3n","author_link":"https:\/\/contextoanalisisperiodistico.com\/index.php\/author\/director\/"},"category_info":"<a href=\"https:\/\/contextoanalisisperiodistico.com\/index.php\/category\/educacion\/\" rel=\"category tag\">Educaci\u00f3n<\/a>","tag_info":"Educaci\u00f3n","comment_count":"0","jetpack_featured_media_url":"https:\/\/contextoanalisisperiodistico.com\/wp-content\/uploads\/2025\/02\/IMG-20250205-WA0133.jpg","_links":{"self":[{"href":"https:\/\/contextoanalisisperiodistico.com\/index.php\/wp-json\/wp\/v2\/posts\/36925"}],"collection":[{"href":"https:\/\/contextoanalisisperiodistico.com\/index.php\/wp-json\/wp\/v2\/posts"}],"about":[{"href":"https:\/\/contextoanalisisperiodistico.com\/index.php\/wp-json\/wp\/v2\/types\/post"}],"author":[{"embeddable":true,"href":"https:\/\/contextoanalisisperiodistico.com\/index.php\/wp-json\/wp\/v2\/users\/4"}],"replies":[{"embeddable":true,"href":"https:\/\/contextoanalisisperiodistico.com\/index.php\/wp-json\/wp\/v2\/comments?post=36925"}],"version-history":[{"count":0,"href":"https:\/\/contextoanalisisperiodistico.com\/index.php\/wp-json\/wp\/v2\/posts\/36925\/revisions"}],"wp:featuredmedia":[{"embeddable":true,"href":"https:\/\/contextoanalisisperiodistico.com\/index.php\/wp-json\/wp\/v2\/media\/36920"}],"wp:attachment":[{"href":"https:\/\/contextoanalisisperiodistico.com\/index.php\/wp-json\/wp\/v2\/media?parent=36925"}],"wp:term":[{"taxonomy":"category","embeddable":true,"href":"https:\/\/contextoanalisisperiodistico.com\/index.php\/wp-json\/wp\/v2\/categories?post=36925"},{"taxonomy":"post_tag","embeddable":true,"href":"https:\/\/contextoanalisisperiodistico.com\/index.php\/wp-json\/wp\/v2\/tags?post=36925"}],"curies":[{"name":"wp","href":"https:\/\/api.w.org\/{rel}","templated":true}]}}