{"id":3690,"date":"2022-06-02T11:22:15","date_gmt":"2022-06-02T16:22:15","guid":{"rendered":"http:\/\/contextoanalisisperiodistico.com.mx\/2022\/06\/02\/fuerzas-de-seguridad-de-santa-lucia-del-camino-recuperan-vehiculo-con-reporte-de-robo\/"},"modified":"2022-06-02T11:22:15","modified_gmt":"2022-06-02T16:22:15","slug":"fuerzas-de-seguridad-de-santa-lucia-del-camino-recuperan-vehiculo-con-reporte-de-robo","status":"publish","type":"post","link":"https:\/\/contextoanalisisperiodistico.com\/index.php\/2022\/06\/02\/fuerzas-de-seguridad-de-santa-lucia-del-camino-recuperan-vehiculo-con-reporte-de-robo\/","title":{"rendered":"Fuerzas de seguridad de Santa Luc\u00eda del Camino recuperan veh\u00edculo con reporte de robo"},"content":{"rendered":"<div id=\"fb-root\"><\/div>\n\n<p>Durante recorridos de seguridad y vigilancia, elementos de seguridad del municipio de Santa Luc\u00eda del Camino lograron recuperar un veh\u00edculo que contaba con un reporte de robo vigente; esto, ocurrido sobre la carretera internacional 190, en su esquina con la calle Colombia, perteneciente a la colonia Am\u00e9rica Norte.<\/p>\n\n\n\n<figure class=\"wp-block-image size-large\"><img decoding=\"async\" src=\"https:\/\/contextoinformacionyanalisisperiodistico.files.wordpress.com\/2022\/06\/img-20220602-wa0010.jpg?w=1024\" alt=\"\" class=\"wp-image-3689\" \/><\/figure>\n\n\n\n<p>Un hombre identificado como Joaqu\u00edn M\u00e9ndez, fue quien alert\u00f3 a los polic\u00edas municipales del robo ocurrido horas antes, y que fue mediante el sistema de geolocalizaci\u00f3n (GPS) que pudo localizar la unidad de motor; por lo que los uniformados acudieron a la zona para verificar los hechos.<\/p>\n\n\n\n<p>Ya en el lugar, los polic\u00edas observaron un autom\u00f3vil marca Chevrolet tipo Beat, de color plata, con placas de circulaci\u00f3n del estado de Chiapas; por lo que, al establecer contacto con el Centro de Control Comando y Comunicaci\u00f3n, se pudo corroborar que dicha unidad de motor contaba con un reporte de robo vigente.<\/p>\n\n\n\n<p>Tras la verificaci\u00f3n correspondiente, los polic\u00edas de Santa Luc\u00eda del Camino aseguraron el veh\u00edculo, para posteriormente ponerlo a disposici\u00f3n de la Fiscal\u00eda General del Estado de Oaxaca (FGEO), para el procedimiento correspondiente.<\/p>\n","protected":false},"excerpt":{"rendered":"<p>Durante recorridos de seguridad y vigilancia, elementos de seguridad del municipio de Santa Luc\u00eda del&#8230;<\/p>\n","protected":false},"author":2,"featured_media":0,"comment_status":"open","ping_status":"open","sticky":false,"template":"","format":"standard","meta":{"footnotes":""},"categories":[10],"tags":[],"jetpack_sharing_enabled":true,"featured_image_urls":{"full":"","thumbnail":"","medium":"","medium_large":"","large":"","1536x1536":"","2048x2048":"","covernews-slider-full":"","covernews-slider-center":"","covernews-featured":"","covernews-medium":"","covernews-medium-square":""},"author_info":{"display_name":"Miguel","author_link":"https:\/\/contextoanalisisperiodistico.com\/index.php\/author\/editor\/"},"category_info":"<a href=\"https:\/\/contextoanalisisperiodistico.com\/index.php\/category\/seguridad\/\" rel=\"category tag\">Seguridad<\/a>","tag_info":"Seguridad","comment_count":"0","jetpack_featured_media_url":"","_links":{"self":[{"href":"https:\/\/contextoanalisisperiodistico.com\/index.php\/wp-json\/wp\/v2\/posts\/3690"}],"collection":[{"href":"https:\/\/contextoanalisisperiodistico.com\/index.php\/wp-json\/wp\/v2\/posts"}],"about":[{"href":"https:\/\/contextoanalisisperiodistico.com\/index.php\/wp-json\/wp\/v2\/types\/post"}],"author":[{"embeddable":true,"href":"https:\/\/contextoanalisisperiodistico.com\/index.php\/wp-json\/wp\/v2\/users\/2"}],"replies":[{"embeddable":true,"href":"https:\/\/contextoanalisisperiodistico.com\/index.php\/wp-json\/wp\/v2\/comments?post=3690"}],"version-history":[{"count":0,"href":"https:\/\/contextoanalisisperiodistico.com\/index.php\/wp-json\/wp\/v2\/posts\/3690\/revisions"}],"wp:attachment":[{"href":"https:\/\/contextoanalisisperiodistico.com\/index.php\/wp-json\/wp\/v2\/media?parent=3690"}],"wp:term":[{"taxonomy":"category","embeddable":true,"href":"https:\/\/contextoanalisisperiodistico.com\/index.php\/wp-json\/wp\/v2\/categories?post=3690"},{"taxonomy":"post_tag","embeddable":true,"href":"https:\/\/contextoanalisisperiodistico.com\/index.php\/wp-json\/wp\/v2\/tags?post=3690"}],"curies":[{"name":"wp","href":"https:\/\/api.w.org\/{rel}","templated":true}]}}