{"id":36887,"date":"2025-02-04T16:44:14","date_gmt":"2025-02-04T22:44:14","guid":{"rendered":"https:\/\/contextoanalisisperiodistico.com\/index.php\/2025\/02\/04\/autoriza-cabildo-de-oaxaca-de-juarez-licencia-de-agentes-municipales-de-santa-rosa-y-cinco-senores\/"},"modified":"2025-02-04T16:47:41","modified_gmt":"2025-02-04T22:47:41","slug":"autoriza-cabildo-de-oaxaca-de-juarez-licencia-de-agentes-municipales-de-santa-rosa-y-cinco-senores","status":"publish","type":"post","link":"https:\/\/contextoanalisisperiodistico.com\/index.php\/2025\/02\/04\/autoriza-cabildo-de-oaxaca-de-juarez-licencia-de-agentes-municipales-de-santa-rosa-y-cinco-senores\/","title":{"rendered":"Autoriza Cabildo de Oaxaca de Ju\u00e1rez licencia de agentes municipales de Santa Rosa y Cinco Se\u00f1ores"},"content":{"rendered":"<div id=\"fb-root\"><\/div>\n\n<p>\u2022Fue turnada a comisiones el punto de acuerdo por el que se reforma el reglamento de Arbolado Urbano para el Municipio de Oaxaca de Ju\u00e1rez.<\/p>\n\n\n\n<figure class=\"wp-block-image size-large\"><img fetchpriority=\"high\" decoding=\"async\" width=\"1024\" height=\"684\" src=\"https:\/\/contextoanalisisperiodistico.com\/wp-content\/uploads\/2025\/02\/img-20250204-wa01517941578176012741382-1024x684.jpg\" alt=\"\" class=\"wp-image-36884\" srcset=\"https:\/\/contextoanalisisperiodistico.com\/wp-content\/uploads\/2025\/02\/img-20250204-wa01517941578176012741382-1024x684.jpg 1024w, https:\/\/contextoanalisisperiodistico.com\/wp-content\/uploads\/2025\/02\/img-20250204-wa01517941578176012741382-300x200.jpg 300w, https:\/\/contextoanalisisperiodistico.com\/wp-content\/uploads\/2025\/02\/img-20250204-wa01517941578176012741382-768x513.jpg 768w, https:\/\/contextoanalisisperiodistico.com\/wp-content\/uploads\/2025\/02\/img-20250204-wa01517941578176012741382-1536x1027.jpg 1536w, https:\/\/contextoanalisisperiodistico.com\/wp-content\/uploads\/2025\/02\/img-20250204-wa01517941578176012741382.jpg 1616w\" sizes=\"(max-width: 1024px) 100vw, 1024px\" \/><\/figure>\n\n\n\n<figure class=\"wp-block-image\"><img decoding=\"async\" width=\"1024\" height=\"684\" src=\"https:\/\/contextoanalisisperiodistico.com\/wp-content\/uploads\/2025\/02\/img-20250204-wa01508949006293498980501-1024x684.jpg\" alt=\"\" class=\"wp-image-36885\" srcset=\"https:\/\/contextoanalisisperiodistico.com\/wp-content\/uploads\/2025\/02\/img-20250204-wa01508949006293498980501-1024x684.jpg 1024w, https:\/\/contextoanalisisperiodistico.com\/wp-content\/uploads\/2025\/02\/img-20250204-wa01508949006293498980501-300x200.jpg 300w, https:\/\/contextoanalisisperiodistico.com\/wp-content\/uploads\/2025\/02\/img-20250204-wa01508949006293498980501-768x513.jpg 768w, https:\/\/contextoanalisisperiodistico.com\/wp-content\/uploads\/2025\/02\/img-20250204-wa01508949006293498980501-1536x1027.jpg 1536w, https:\/\/contextoanalisisperiodistico.com\/wp-content\/uploads\/2025\/02\/img-20250204-wa01508949006293498980501.jpg 1616w\" sizes=\"(max-width: 1024px) 100vw, 1024px\" \/><\/figure>\n\n\n\n<figure class=\"wp-block-image\"><img decoding=\"async\" width=\"1024\" height=\"684\" src=\"https:\/\/contextoanalisisperiodistico.com\/wp-content\/uploads\/2025\/02\/img-20250204-wa01521302898533354262899-1024x684.jpg\" alt=\"\" class=\"wp-image-36886\" srcset=\"https:\/\/contextoanalisisperiodistico.com\/wp-content\/uploads\/2025\/02\/img-20250204-wa01521302898533354262899-1024x684.jpg 1024w, https:\/\/contextoanalisisperiodistico.com\/wp-content\/uploads\/2025\/02\/img-20250204-wa01521302898533354262899-300x200.jpg 300w, https:\/\/contextoanalisisperiodistico.com\/wp-content\/uploads\/2025\/02\/img-20250204-wa01521302898533354262899-768x513.jpg 768w, https:\/\/contextoanalisisperiodistico.com\/wp-content\/uploads\/2025\/02\/img-20250204-wa01521302898533354262899-1536x1027.jpg 1536w, https:\/\/contextoanalisisperiodistico.com\/wp-content\/uploads\/2025\/02\/img-20250204-wa01521302898533354262899.jpg 1616w\" sizes=\"(max-width: 1024px) 100vw, 1024px\" \/><\/figure>\n\n\n\n<p>Oaxaca de Ju\u00e1rez, Oax. 04 de febrero de 2025.- En Sesi\u00f3n de Cabildo del Municipio de Oaxaca de Ju\u00e1rez que encabeza Ray Chagoya se aprobaron acuerdos clave para el desarrollo de la capital y se dieron seguimiento a temas fundamentales para la transformaci\u00f3n de Oaxaca de Ju\u00e1rez.<\/p>\n\n\n\n<p>El punto de acuerdo suscrito por el Regidor de Desarrollo Sostenible, Medio Ambiente y Gesti\u00f3n H\u00eddrica Jos\u00e9 Bernardo Mayr\u00e9n Garc\u00eda, el cual busca reformar al art\u00edculo 12 del Reglamento de Arbolado Urbano para el Municipio de Oaxaca de Ju\u00e1rez, fue turnado a comisiones para su an\u00e1lisis por mayor\u00eda de votos.<\/p>\n\n\n\n<p>De igual forma fueron aprobados los puntos de acuerdo por los que procede la licencia de los agentes de polic\u00eda municipal de Cinco Se\u00f1ores Tania Patricia Velasco, y de Santa Rosa Panzacola Germ\u00e1n Pav\u00f3n Gir\u00f3n respectivamente.<\/p>\n\n\n\n<p>En asuntos generales, Antonio \u00c1lvarez Mart\u00ednez, Regidor del Centro Hist\u00f3rico y Patrimonio Mundial solicit\u00f3 dar continuidad al esquema denominado \u201cMi\u00e9rcoles sin ambulantes\u201d dado que Oaxaca de Ju\u00e1rez es una ciudad que alberga cultura y arquitectura colonial.<\/p>\n\n\n\n<p>Por lo que la propuesta es que ese d\u00eda ser\u00eda destinado a limpiar las calles donde se establecen durante el resto de la semana.<\/p>\n\n\n\n<p>En otro tema, Sergio Alejandro Carre\u00f1o M\u00e9ndez, Regidor de Bienestar, Tequios Vecinales y Sanidad reconoci\u00f3 la voluntad de esta administraci\u00f3n por implementar los operativos \u201cAlcohol\u00edmetro\u201d, los cuales tienen el objetivo de salvar vidas.<\/p>\n\n\n\n<p>En el tema de seguridad, Alma Itzel Garc\u00eda Herrera, Regidora de Seguridad Vecinal y Cultura de Paz hizo uso de la voz para presentar el comparativo de resultados en el mes de enero de este a\u00f1o con el mismo periodo en 2024.<br \/>En este comparativo destac\u00f3 que fueron aseguradas 4 armas de fuego, se reportaron 155 accidentes de tr\u00e1nsito atendidos, el robo de veh\u00edculos baj\u00f3 un 43%, los veh\u00edculos cristalazos bajaron en 21.4%.<br \/>En otro tenor, Obdulia Salgado Delgado, S\u00edndica Primera, recalc\u00f3 la importancia de hacer conciencia en el marco del D\u00eda Internacional de la lucha contra el C\u00e1ncer, ya que es una enfermedad que ha cobrado muchas vidas, por lo que consider\u00f3 importante la prevenci\u00f3n oportuna.<br \/>A este tema tambi\u00e9n se sumaron los regidores de Protecci\u00f3n Civil y de Cultura Educaci\u00f3n y Fomento a la Lectura H\u00e9ctor Pablo Ram\u00edrez Puga Leyva y Mart\u00edn V\u00e1squez Villanueva respectivamente.<\/p>\n","protected":false},"excerpt":{"rendered":"<p>\u2022Fue turnada a comisiones el punto de acuerdo por el que se reforma el reglamento&#8230;<\/p>\n","protected":false},"author":4,"featured_media":36883,"comment_status":"closed","ping_status":"open","sticky":false,"template":"","format":"standard","meta":{"footnotes":""},"categories":[3,9],"tags":[178,235,234,45],"jetpack_sharing_enabled":true,"featured_image_urls":{"full":["https:\/\/contextoanalisisperiodistico.com\/wp-content\/uploads\/2025\/02\/IMG-20250204-WA0149.jpg",1616,1080,false],"thumbnail":["https:\/\/contextoanalisisperiodistico.com\/wp-content\/uploads\/2025\/02\/IMG-20250204-WA0149-150x150.jpg",150,150,true],"medium":["https:\/\/contextoanalisisperiodistico.com\/wp-content\/uploads\/2025\/02\/IMG-20250204-WA0149-300x200.jpg",300,200,true],"medium_large":["https:\/\/contextoanalisisperiodistico.com\/wp-content\/uploads\/2025\/02\/IMG-20250204-WA0149-768x513.jpg",640,428,true],"large":["https:\/\/contextoanalisisperiodistico.com\/wp-content\/uploads\/2025\/02\/IMG-20250204-WA0149-1024x684.jpg",640,428,true],"1536x1536":["https:\/\/contextoanalisisperiodistico.com\/wp-content\/uploads\/2025\/02\/IMG-20250204-WA0149-1536x1027.jpg",1536,1027,true],"2048x2048":["https:\/\/contextoanalisisperiodistico.com\/wp-content\/uploads\/2025\/02\/IMG-20250204-WA0149.jpg",1616,1080,false],"covernews-slider-full":["https:\/\/contextoanalisisperiodistico.com\/wp-content\/uploads\/2025\/02\/IMG-20250204-WA0149-1115x715.jpg",1115,715,true],"covernews-slider-center":["https:\/\/contextoanalisisperiodistico.com\/wp-content\/uploads\/2025\/02\/IMG-20250204-WA0149-800x500.jpg",800,500,true],"covernews-featured":["https:\/\/contextoanalisisperiodistico.com\/wp-content\/uploads\/2025\/02\/IMG-20250204-WA0149-1024x684.jpg",1024,684,true],"covernews-medium":["https:\/\/contextoanalisisperiodistico.com\/wp-content\/uploads\/2025\/02\/IMG-20250204-WA0149-540x340.jpg",540,340,true],"covernews-medium-square":["https:\/\/contextoanalisisperiodistico.com\/wp-content\/uploads\/2025\/02\/IMG-20250204-WA0149-400x250.jpg",400,250,true]},"author_info":{"display_name":"Mario Gir\u00f3n","author_link":"https:\/\/contextoanalisisperiodistico.com\/index.php\/author\/director\/"},"category_info":"<a href=\"https:\/\/contextoanalisisperiodistico.com\/index.php\/category\/ciudad\/\" rel=\"category tag\">Ciudad<\/a> <a href=\"https:\/\/contextoanalisisperiodistico.com\/index.php\/category\/politica\/\" rel=\"category tag\">Pol\u00edtica<\/a>","tag_info":"Pol\u00edtica","comment_count":"0","jetpack_featured_media_url":"https:\/\/contextoanalisisperiodistico.com\/wp-content\/uploads\/2025\/02\/IMG-20250204-WA0149.jpg","_links":{"self":[{"href":"https:\/\/contextoanalisisperiodistico.com\/index.php\/wp-json\/wp\/v2\/posts\/36887"}],"collection":[{"href":"https:\/\/contextoanalisisperiodistico.com\/index.php\/wp-json\/wp\/v2\/posts"}],"about":[{"href":"https:\/\/contextoanalisisperiodistico.com\/index.php\/wp-json\/wp\/v2\/types\/post"}],"author":[{"embeddable":true,"href":"https:\/\/contextoanalisisperiodistico.com\/index.php\/wp-json\/wp\/v2\/users\/4"}],"replies":[{"embeddable":true,"href":"https:\/\/contextoanalisisperiodistico.com\/index.php\/wp-json\/wp\/v2\/comments?post=36887"}],"version-history":[{"count":1,"href":"https:\/\/contextoanalisisperiodistico.com\/index.php\/wp-json\/wp\/v2\/posts\/36887\/revisions"}],"predecessor-version":[{"id":36888,"href":"https:\/\/contextoanalisisperiodistico.com\/index.php\/wp-json\/wp\/v2\/posts\/36887\/revisions\/36888"}],"wp:featuredmedia":[{"embeddable":true,"href":"https:\/\/contextoanalisisperiodistico.com\/index.php\/wp-json\/wp\/v2\/media\/36883"}],"wp:attachment":[{"href":"https:\/\/contextoanalisisperiodistico.com\/index.php\/wp-json\/wp\/v2\/media?parent=36887"}],"wp:term":[{"taxonomy":"category","embeddable":true,"href":"https:\/\/contextoanalisisperiodistico.com\/index.php\/wp-json\/wp\/v2\/categories?post=36887"},{"taxonomy":"post_tag","embeddable":true,"href":"https:\/\/contextoanalisisperiodistico.com\/index.php\/wp-json\/wp\/v2\/tags?post=36887"}],"curies":[{"name":"wp","href":"https:\/\/api.w.org\/{rel}","templated":true}]}}