{"id":36875,"date":"2025-02-04T15:23:37","date_gmt":"2025-02-04T21:23:37","guid":{"rendered":"https:\/\/contextoanalisisperiodistico.com\/index.php\/2025\/02\/04\/anuncia-salomon-jara-creacion-de-ciudad-de-la-salud\/"},"modified":"2025-02-04T15:23:37","modified_gmt":"2025-02-04T21:23:37","slug":"anuncia-salomon-jara-creacion-de-ciudad-de-la-salud","status":"publish","type":"post","link":"https:\/\/contextoanalisisperiodistico.com\/index.php\/2025\/02\/04\/anuncia-salomon-jara-creacion-de-ciudad-de-la-salud\/","title":{"rendered":"\u00a0Anuncia Salom\u00f3n Jara creaci\u00f3n de Ciudad de la Salud"},"content":{"rendered":"<div id=\"fb-root\"><\/div>\n\n<p class=\"MsoNormal\">\u2022Oaxaca contar\u00e1 con un nosocomio de tercer nivel del IMSS y uno de especialidad del ISSSTE<\/p>\n\n\n\n<p>\u2022Para ello, el Gobierno del Estado donar\u00e1 un pol\u00edgono de 22 hect\u00e1reas en la Agencia de Guadalupe Hidalgo, San Lorenzo Cacaotepec<\/p>\n\n\n\n<figure class=\"wp-block-image size-large\"><img fetchpriority=\"high\" decoding=\"async\" width=\"1024\" height=\"683\" src=\"https:\/\/contextoanalisisperiodistico.com\/wp-content\/uploads\/2025\/02\/anunciasalomC3B3njaracreaciC3B3ndeciudaddelasalud2Cproyectodeinfraestructurahospitalaria-37512186644743662289-1024x683.jpg\" alt=\"\" class=\"wp-image-36874\" srcset=\"https:\/\/contextoanalisisperiodistico.com\/wp-content\/uploads\/2025\/02\/anunciasalomC3B3njaracreaciC3B3ndeciudaddelasalud2Cproyectodeinfraestructurahospitalaria-37512186644743662289-1024x683.jpg 1024w, https:\/\/contextoanalisisperiodistico.com\/wp-content\/uploads\/2025\/02\/anunciasalomC3B3njaracreaciC3B3ndeciudaddelasalud2Cproyectodeinfraestructurahospitalaria-37512186644743662289-300x200.jpg 300w, https:\/\/contextoanalisisperiodistico.com\/wp-content\/uploads\/2025\/02\/anunciasalomC3B3njaracreaciC3B3ndeciudaddelasalud2Cproyectodeinfraestructurahospitalaria-37512186644743662289-768x512.jpg 768w, https:\/\/contextoanalisisperiodistico.com\/wp-content\/uploads\/2025\/02\/anunciasalomC3B3njaracreaciC3B3ndeciudaddelasalud2Cproyectodeinfraestructurahospitalaria-37512186644743662289-1536x1024.jpg 1536w, https:\/\/contextoanalisisperiodistico.com\/wp-content\/uploads\/2025\/02\/anunciasalomC3B3njaracreaciC3B3ndeciudaddelasalud2Cproyectodeinfraestructurahospitalaria-37512186644743662289.jpg 1620w\" sizes=\"(max-width: 1024px) 100vw, 1024px\" \/><\/figure>\n\n\n\n<figure class=\"wp-block-image\"><img decoding=\"async\" width=\"1024\" height=\"683\" src=\"https:\/\/contextoanalisisperiodistico.com\/wp-content\/uploads\/2025\/02\/anunciasalomC3B3njaracreaciC3B3ndeciudaddelasalud2Cproyectodeinfraestructurahospitalaria-21486005342403665961-1024x683.jpg\" alt=\"\" class=\"wp-image-36873\" srcset=\"https:\/\/contextoanalisisperiodistico.com\/wp-content\/uploads\/2025\/02\/anunciasalomC3B3njaracreaciC3B3ndeciudaddelasalud2Cproyectodeinfraestructurahospitalaria-21486005342403665961-1024x683.jpg 1024w, https:\/\/contextoanalisisperiodistico.com\/wp-content\/uploads\/2025\/02\/anunciasalomC3B3njaracreaciC3B3ndeciudaddelasalud2Cproyectodeinfraestructurahospitalaria-21486005342403665961-300x200.jpg 300w, https:\/\/contextoanalisisperiodistico.com\/wp-content\/uploads\/2025\/02\/anunciasalomC3B3njaracreaciC3B3ndeciudaddelasalud2Cproyectodeinfraestructurahospitalaria-21486005342403665961-768x512.jpg 768w, https:\/\/contextoanalisisperiodistico.com\/wp-content\/uploads\/2025\/02\/anunciasalomC3B3njaracreaciC3B3ndeciudaddelasalud2Cproyectodeinfraestructurahospitalaria-21486005342403665961-1536x1024.jpg 1536w, https:\/\/contextoanalisisperiodistico.com\/wp-content\/uploads\/2025\/02\/anunciasalomC3B3njaracreaciC3B3ndeciudaddelasalud2Cproyectodeinfraestructurahospitalaria-21486005342403665961.jpg 1620w\" sizes=\"(max-width: 1024px) 100vw, 1024px\" \/><\/figure>\n\n\n\n<ul class=\"wp-block-list\"><\/ul>\n\n\n\n<p class=\"MsoNormal\">Santa Cruz Xoxocotl\u00e1n, Oax. 4 de febrero de 2025. Para garantizar la continuidad de los servicios m\u00e9dicos b\u00e1sicos y especializados, el Gobernador Salom\u00f3n Jara Cruz anunci\u00f3 la creaci\u00f3n de la Ciudad de la Salud, un importante proyecto de infraestructura hospitalaria que contempla la construcci\u00f3n de un nosocomio de tercer nivel del IMSS y uno de especialidad del ISSSTE.<\/p>\n\n\n\n<p class=\"MsoNormal\">&nbsp;<\/p>\n\n\n\n<p class=\"MsoNormal\">Para la edificaci\u00f3n de estas obras, el Gobierno de Oaxaca donar\u00e1 al Instituto Mexicano del Seguro Social y al Instituto de Seguridad y Servicios Sociales de los Trabajadores del Estado, un pol\u00edgono de 22 hect\u00e1reas en la agencia Guadalupe Hidalgo, perteneciente al municipio de San Lorenzo Cacaotepec.<\/p>\n\n\n\n<p class=\"MsoNormal\">&nbsp;<\/p>\n\n\n\n<p class=\"MsoNormal\">\u201cSe trata de acciones que nos van a ayudar a abatir el rezago en el que nos heredaron el sistema de salud y van a permitirnos avanzar en la garant\u00eda del derecho a la salud de todas y todos los oaxaque\u00f1os\u201d, afirm\u00f3.<\/p>\n\n\n\n<p class=\"MsoNormal\">&nbsp;<\/p>\n\n\n\n<p class=\"MsoNormal\">El Mandatario estatal resalt\u00f3 que Ciudad de la Salud es resultado del trabajo conjunto y coordinado con los \u00f3rganos de salud IMSS e ISSSTE y, adem\u00e1s, da respuesta a una petici\u00f3n del Magisterio de la Secci\u00f3n XXII del Sindicato Nacional de Trabajadores de la Educaci\u00f3n (SNTE).<\/p>\n\n\n\n<p class=\"MsoNormal\">&nbsp;<\/p>\n\n\n\n<p class=\"MsoNormal\">En su oportunidad, el titular de la Consejer\u00eda Jur\u00eddica y Asistencia Legal, Geovany V\u00e1squez Sagrero explic\u00f3 que este proyecto deriva de peticiones de los \u00f3rganos federales de salud para atender el rezago hospitalario; y que gobiernos estatales anteriores postergaron.<\/p>\n\n\n\n<p class=\"MsoNormal\">&nbsp;<\/p>\n\n\n\n<p class=\"MsoNormal\">Detall\u00f3 que Ciudad de la Salud proyecta la ampliaci\u00f3n del centro de salud de Guadalupe Hidalgo, a cargo del IMSS, para convertirlo en hospital regional que requerir\u00e1 en su primera etapa 3 mil millones de pesos.<\/p>\n\n\n\n<p class=\"MsoNormal\">&nbsp;<\/p>\n\n\n\n<p class=\"MsoNormal\">\u201cCon esto se sopesar\u00e1 las carencias que se tiene en salud\u201d, destac\u00f3, al tiempo de se\u00f1alar que con estas unidades m\u00e9dicas se beneficiar\u00e1n a pacientes de la zona y tambi\u00e9n de otros estados.<\/p>\n\n\n\n<p class=\"MsoNormal\">&nbsp;<\/p>\n\n\n\n<p class=\"MsoNormal\">A\u00f1adi\u00f3 que el pol\u00edgono que se donar\u00e1 deriv\u00f3 de una b\u00fasqueda a cargo de la Direcci\u00f3n de Patrimonio de la Secretar\u00eda de Administraci\u00f3n y, destac\u00f3, cumple con las caracter\u00edsticas para tal fin.<\/p>\n\n\n\n<p class=\"MsoNormal\">&nbsp;<\/p>\n\n\n\n<p class=\"MsoNormal\">&nbsp;<\/p>\n\n\n\n<p class=\"MsoNormal\">-0-<\/p>\n\n\n\n<p class=\"MsoNormal\">&nbsp;<\/p>\n\n\n\n<p class=\"MsoNormal\">&nbsp;<\/p>\n\n\n\n<p class=\"MsoNormal\">&nbsp;<\/p>\n\n\n\n<p class=\"MsoNormal\">&nbsp;<\/p>\n\n\n\n<p class=\"MsoNormal\">&nbsp;<\/p>\n\n\n\n<p class=\"MsoNormal\">&nbsp;<\/p>\n","protected":false},"excerpt":{"rendered":"<p>\u2022Oaxaca contar\u00e1 con un nosocomio de tercer nivel del IMSS y uno de especialidad del&#8230;<\/p>\n","protected":false},"author":4,"featured_media":36872,"comment_status":"","ping_status":"open","sticky":false,"template":"","format":"standard","meta":{"footnotes":""},"categories":[9],"tags":[],"jetpack_sharing_enabled":true,"featured_image_urls":{"full":["https:\/\/contextoanalisisperiodistico.com\/wp-content\/uploads\/2025\/02\/AnunciaSalomC3B3nJaracreaciC3B3ndeCiudaddelaSalud2Cproyectodeinfraestructurahospitalaria-1.jpg",1620,1080,false],"thumbnail":["https:\/\/contextoanalisisperiodistico.com\/wp-content\/uploads\/2025\/02\/AnunciaSalomC3B3nJaracreaciC3B3ndeCiudaddelaSalud2Cproyectodeinfraestructurahospitalaria-1-150x150.jpg",150,150,true],"medium":["https:\/\/contextoanalisisperiodistico.com\/wp-content\/uploads\/2025\/02\/AnunciaSalomC3B3nJaracreaciC3B3ndeCiudaddelaSalud2Cproyectodeinfraestructurahospitalaria-1-300x200.jpg",300,200,true],"medium_large":["https:\/\/contextoanalisisperiodistico.com\/wp-content\/uploads\/2025\/02\/AnunciaSalomC3B3nJaracreaciC3B3ndeCiudaddelaSalud2Cproyectodeinfraestructurahospitalaria-1-768x512.jpg",640,427,true],"large":["https:\/\/contextoanalisisperiodistico.com\/wp-content\/uploads\/2025\/02\/AnunciaSalomC3B3nJaracreaciC3B3ndeCiudaddelaSalud2Cproyectodeinfraestructurahospitalaria-1-1024x683.jpg",640,427,true],"1536x1536":["https:\/\/contextoanalisisperiodistico.com\/wp-content\/uploads\/2025\/02\/AnunciaSalomC3B3nJaracreaciC3B3ndeCiudaddelaSalud2Cproyectodeinfraestructurahospitalaria-1-1536x1024.jpg",1536,1024,true],"2048x2048":["https:\/\/contextoanalisisperiodistico.com\/wp-content\/uploads\/2025\/02\/AnunciaSalomC3B3nJaracreaciC3B3ndeCiudaddelaSalud2Cproyectodeinfraestructurahospitalaria-1.jpg",1620,1080,false],"covernews-slider-full":["https:\/\/contextoanalisisperiodistico.com\/wp-content\/uploads\/2025\/02\/AnunciaSalomC3B3nJaracreaciC3B3ndeCiudaddelaSalud2Cproyectodeinfraestructurahospitalaria-1-1115x715.jpg",1115,715,true],"covernews-slider-center":["https:\/\/contextoanalisisperiodistico.com\/wp-content\/uploads\/2025\/02\/AnunciaSalomC3B3nJaracreaciC3B3ndeCiudaddelaSalud2Cproyectodeinfraestructurahospitalaria-1-800x500.jpg",800,500,true],"covernews-featured":["https:\/\/contextoanalisisperiodistico.com\/wp-content\/uploads\/2025\/02\/AnunciaSalomC3B3nJaracreaciC3B3ndeCiudaddelaSalud2Cproyectodeinfraestructurahospitalaria-1-1024x683.jpg",1024,683,true],"covernews-medium":["https:\/\/contextoanalisisperiodistico.com\/wp-content\/uploads\/2025\/02\/AnunciaSalomC3B3nJaracreaciC3B3ndeCiudaddelaSalud2Cproyectodeinfraestructurahospitalaria-1-540x340.jpg",540,340,true],"covernews-medium-square":["https:\/\/contextoanalisisperiodistico.com\/wp-content\/uploads\/2025\/02\/AnunciaSalomC3B3nJaracreaciC3B3ndeCiudaddelaSalud2Cproyectodeinfraestructurahospitalaria-1-400x250.jpg",400,250,true]},"author_info":{"display_name":"Mario Gir\u00f3n","author_link":"https:\/\/contextoanalisisperiodistico.com\/index.php\/author\/director\/"},"category_info":"<a href=\"https:\/\/contextoanalisisperiodistico.com\/index.php\/category\/politica\/\" rel=\"category tag\">Pol\u00edtica<\/a>","tag_info":"Pol\u00edtica","comment_count":"0","jetpack_featured_media_url":"https:\/\/contextoanalisisperiodistico.com\/wp-content\/uploads\/2025\/02\/AnunciaSalomC3B3nJaracreaciC3B3ndeCiudaddelaSalud2Cproyectodeinfraestructurahospitalaria-1.jpg","_links":{"self":[{"href":"https:\/\/contextoanalisisperiodistico.com\/index.php\/wp-json\/wp\/v2\/posts\/36875"}],"collection":[{"href":"https:\/\/contextoanalisisperiodistico.com\/index.php\/wp-json\/wp\/v2\/posts"}],"about":[{"href":"https:\/\/contextoanalisisperiodistico.com\/index.php\/wp-json\/wp\/v2\/types\/post"}],"author":[{"embeddable":true,"href":"https:\/\/contextoanalisisperiodistico.com\/index.php\/wp-json\/wp\/v2\/users\/4"}],"replies":[{"embeddable":true,"href":"https:\/\/contextoanalisisperiodistico.com\/index.php\/wp-json\/wp\/v2\/comments?post=36875"}],"version-history":[{"count":0,"href":"https:\/\/contextoanalisisperiodistico.com\/index.php\/wp-json\/wp\/v2\/posts\/36875\/revisions"}],"wp:featuredmedia":[{"embeddable":true,"href":"https:\/\/contextoanalisisperiodistico.com\/index.php\/wp-json\/wp\/v2\/media\/36872"}],"wp:attachment":[{"href":"https:\/\/contextoanalisisperiodistico.com\/index.php\/wp-json\/wp\/v2\/media?parent=36875"}],"wp:term":[{"taxonomy":"category","embeddable":true,"href":"https:\/\/contextoanalisisperiodistico.com\/index.php\/wp-json\/wp\/v2\/categories?post=36875"},{"taxonomy":"post_tag","embeddable":true,"href":"https:\/\/contextoanalisisperiodistico.com\/index.php\/wp-json\/wp\/v2\/tags?post=36875"}],"curies":[{"name":"wp","href":"https:\/\/api.w.org\/{rel}","templated":true}]}}