{"id":36867,"date":"2025-02-04T14:29:16","date_gmt":"2025-02-04T20:29:16","guid":{"rendered":"https:\/\/contextoanalisisperiodistico.com\/index.php\/2025\/02\/04\/descarta-sso-alerta-por-virus-coxsackie-en-oaxaca\/"},"modified":"2025-02-04T14:29:16","modified_gmt":"2025-02-04T20:29:16","slug":"descarta-sso-alerta-por-virus-coxsackie-en-oaxaca","status":"publish","type":"post","link":"https:\/\/contextoanalisisperiodistico.com\/index.php\/2025\/02\/04\/descarta-sso-alerta-por-virus-coxsackie-en-oaxaca\/","title":{"rendered":"Descarta SSO alerta por virus Coxsackie en Oaxaca"},"content":{"rendered":"<div id=\"fb-root\"><\/div>\n\n<p>\u2022 Fundamental implementar medidas sanitarias para evitar contagios<br \/>\u2022 El virus es tratable y no pone en riesgo la vida<\/p>\n\n\n\n<figure class=\"wp-block-image size-large\"><img fetchpriority=\"high\" decoding=\"async\" width=\"900\" height=\"600\" src=\"https:\/\/contextoanalisisperiodistico.com\/wp-content\/uploads\/2025\/02\/img-20250204-wa01055917052080506335387.jpg\" alt=\"\" class=\"wp-image-36866\" srcset=\"https:\/\/contextoanalisisperiodistico.com\/wp-content\/uploads\/2025\/02\/img-20250204-wa01055917052080506335387.jpg 900w, https:\/\/contextoanalisisperiodistico.com\/wp-content\/uploads\/2025\/02\/img-20250204-wa01055917052080506335387-300x200.jpg 300w, https:\/\/contextoanalisisperiodistico.com\/wp-content\/uploads\/2025\/02\/img-20250204-wa01055917052080506335387-768x512.jpg 768w\" sizes=\"(max-width: 900px) 100vw, 900px\" \/><\/figure>\n\n\n\n<p>Oaxaca de Ju\u00e1rez, Oax. 4 de febrero de 2025.- Servicios de Salud de Oaxaca (SSO) informa que no existe una alerta sanitaria por casos del virus Coxsackie en la entidad.<\/p>\n\n\n\n<p>En lo que va del a\u00f1o, se han registrado 12 casos pedi\u00e1tricos con sintomatolog\u00eda asociada a este padecimiento, en la Jurisdicci\u00f3n Sanitaria 1 Valles Centrales.<\/p>\n\n\n\n<p>El virus Coxsackie, tambi\u00e9n conocido como enfermedad de manos, pies y boca, con la debida atenci\u00f3n m\u00e9dica es controlado, ya que es un padecimiento que se auto limita.<\/p>\n\n\n\n<p>Es tratable y no representa un riesgo para la vida, aunque puede provocar llagas en la boca y sarpullido, principalmente en menores de cinco a\u00f1os.<\/p>\n\n\n\n<p>SSO refuerza la vigilancia epidemiol\u00f3gica para minimizar los riesgos de contagio. Adem\u00e1s, el personal de la Unidad de Inteligencia para Emergencias en Salud (UIES) ha visitado instituciones educativas para informar a docentes y comit\u00e9s de padres y madres, sobre medidas preventivas y la importancia de la atenci\u00f3n m\u00e9dica oportuna.<\/p>\n\n\n\n<p>Asimismo, se implementan estrategias informativas sobre la evoluci\u00f3n natural de la enfermedad, medidas de aislamiento necesarias y protocolos de control del padecimiento.<\/p>\n\n\n\n<p>Para prevenir contagios, se recomienda: lavado frecuente de manos con agua y jab\u00f3n, uso individual de cubiertos y utensilios, cubrirse con el antebrazo al toser o estornudar, mantener medidas de higiene en escuelas y hogares.<\/p>\n\n\n\n<p>En caso de s\u00edntomas como fiebre, malestar y dolor de garganta, se exhorta a padres y madres a acudir con un m\u00e9dico para una valoraci\u00f3n oportuna y evitar la automedicaci\u00f3n.<\/p>\n\n\n\n<p>La dependencia reafirma su compromiso con la salud de la poblaci\u00f3n e invita a seguir estas medidas para prevenir la propagaci\u00f3n del virus.<br \/>-0-<\/p>\n","protected":false},"excerpt":{"rendered":"<p>\u2022 Fundamental implementar medidas sanitarias para evitar contagios\u2022 El virus es tratable y no pone&#8230;<\/p>\n","protected":false},"author":4,"featured_media":36865,"comment_status":"","ping_status":"open","sticky":false,"template":"","format":"standard","meta":{"footnotes":""},"categories":[92],"tags":[],"jetpack_sharing_enabled":true,"featured_image_urls":{"full":["https:\/\/contextoanalisisperiodistico.com\/wp-content\/uploads\/2025\/02\/IMG-20250204-WA0106.jpg",900,600,false],"thumbnail":["https:\/\/contextoanalisisperiodistico.com\/wp-content\/uploads\/2025\/02\/IMG-20250204-WA0106-150x150.jpg",150,150,true],"medium":["https:\/\/contextoanalisisperiodistico.com\/wp-content\/uploads\/2025\/02\/IMG-20250204-WA0106-300x200.jpg",300,200,true],"medium_large":["https:\/\/contextoanalisisperiodistico.com\/wp-content\/uploads\/2025\/02\/IMG-20250204-WA0106-768x512.jpg",640,427,true],"large":["https:\/\/contextoanalisisperiodistico.com\/wp-content\/uploads\/2025\/02\/IMG-20250204-WA0106.jpg",640,427,false],"1536x1536":["https:\/\/contextoanalisisperiodistico.com\/wp-content\/uploads\/2025\/02\/IMG-20250204-WA0106.jpg",900,600,false],"2048x2048":["https:\/\/contextoanalisisperiodistico.com\/wp-content\/uploads\/2025\/02\/IMG-20250204-WA0106.jpg",900,600,false],"covernews-slider-full":["https:\/\/contextoanalisisperiodistico.com\/wp-content\/uploads\/2025\/02\/IMG-20250204-WA0106.jpg",900,600,false],"covernews-slider-center":["https:\/\/contextoanalisisperiodistico.com\/wp-content\/uploads\/2025\/02\/IMG-20250204-WA0106-800x500.jpg",800,500,true],"covernews-featured":["https:\/\/contextoanalisisperiodistico.com\/wp-content\/uploads\/2025\/02\/IMG-20250204-WA0106.jpg",900,600,false],"covernews-medium":["https:\/\/contextoanalisisperiodistico.com\/wp-content\/uploads\/2025\/02\/IMG-20250204-WA0106-540x340.jpg",540,340,true],"covernews-medium-square":["https:\/\/contextoanalisisperiodistico.com\/wp-content\/uploads\/2025\/02\/IMG-20250204-WA0106-400x250.jpg",400,250,true]},"author_info":{"display_name":"Mario Gir\u00f3n","author_link":"https:\/\/contextoanalisisperiodistico.com\/index.php\/author\/director\/"},"category_info":"<a href=\"https:\/\/contextoanalisisperiodistico.com\/index.php\/category\/salud\/\" rel=\"category tag\">Salud<\/a>","tag_info":"Salud","comment_count":"0","jetpack_featured_media_url":"https:\/\/contextoanalisisperiodistico.com\/wp-content\/uploads\/2025\/02\/IMG-20250204-WA0106.jpg","_links":{"self":[{"href":"https:\/\/contextoanalisisperiodistico.com\/index.php\/wp-json\/wp\/v2\/posts\/36867"}],"collection":[{"href":"https:\/\/contextoanalisisperiodistico.com\/index.php\/wp-json\/wp\/v2\/posts"}],"about":[{"href":"https:\/\/contextoanalisisperiodistico.com\/index.php\/wp-json\/wp\/v2\/types\/post"}],"author":[{"embeddable":true,"href":"https:\/\/contextoanalisisperiodistico.com\/index.php\/wp-json\/wp\/v2\/users\/4"}],"replies":[{"embeddable":true,"href":"https:\/\/contextoanalisisperiodistico.com\/index.php\/wp-json\/wp\/v2\/comments?post=36867"}],"version-history":[{"count":0,"href":"https:\/\/contextoanalisisperiodistico.com\/index.php\/wp-json\/wp\/v2\/posts\/36867\/revisions"}],"wp:featuredmedia":[{"embeddable":true,"href":"https:\/\/contextoanalisisperiodistico.com\/index.php\/wp-json\/wp\/v2\/media\/36865"}],"wp:attachment":[{"href":"https:\/\/contextoanalisisperiodistico.com\/index.php\/wp-json\/wp\/v2\/media?parent=36867"}],"wp:term":[{"taxonomy":"category","embeddable":true,"href":"https:\/\/contextoanalisisperiodistico.com\/index.php\/wp-json\/wp\/v2\/categories?post=36867"},{"taxonomy":"post_tag","embeddable":true,"href":"https:\/\/contextoanalisisperiodistico.com\/index.php\/wp-json\/wp\/v2\/tags?post=36867"}],"curies":[{"name":"wp","href":"https:\/\/api.w.org\/{rel}","templated":true}]}}