{"id":36864,"date":"2025-02-04T14:19:55","date_gmt":"2025-02-04T20:19:55","guid":{"rendered":"https:\/\/contextoanalisisperiodistico.com\/index.php\/2025\/02\/04\/avanza-con-firmeza-farmacias-bienestar-a-favor-de-la-salud-de-las-y-los-oaxaquenos\/"},"modified":"2025-02-04T14:19:55","modified_gmt":"2025-02-04T20:19:55","slug":"avanza-con-firmeza-farmacias-bienestar-a-favor-de-la-salud-de-las-y-los-oaxaquenos","status":"publish","type":"post","link":"https:\/\/contextoanalisisperiodistico.com\/index.php\/2025\/02\/04\/avanza-con-firmeza-farmacias-bienestar-a-favor-de-la-salud-de-las-y-los-oaxaquenos\/","title":{"rendered":"Avanza con firmeza Farmacias Bienestar a favor de la salud de las y los oaxaque\u00f1os"},"content":{"rendered":"<div id=\"fb-root\"><\/div>\n\n<p>\u2022 El Gobernador Salom\u00f3n Jara anunci\u00f3 la apertura de dos sedes m\u00e1s, en Putla Villa de Guerrero y Santiago Juxtlahuaca<\/p>\n\n\n\n<figure class=\"wp-block-image size-large\"><img fetchpriority=\"high\" decoding=\"async\" width=\"900\" height=\"600\" src=\"https:\/\/contextoanalisisperiodistico.com\/wp-content\/uploads\/2025\/02\/img-20250204-wa01127392717990454367230.jpg\" alt=\"\" class=\"wp-image-36863\" srcset=\"https:\/\/contextoanalisisperiodistico.com\/wp-content\/uploads\/2025\/02\/img-20250204-wa01127392717990454367230.jpg 900w, https:\/\/contextoanalisisperiodistico.com\/wp-content\/uploads\/2025\/02\/img-20250204-wa01127392717990454367230-300x200.jpg 300w, https:\/\/contextoanalisisperiodistico.com\/wp-content\/uploads\/2025\/02\/img-20250204-wa01127392717990454367230-768x512.jpg 768w\" sizes=\"(max-width: 900px) 100vw, 900px\" \/><\/figure>\n\n\n\n<p>\u2022 De acuerdo con la convocatoria 2025, inicia el registro de personas beneficiarias a partir de hoy 4 de febrero y concluye el 21 de marzo<\/p>\n\n\n\n<p>Santa Cruz Xoxocotl\u00e1n, Oax. 4 de febrero de 2025.- El Gobernador del Estado Salom\u00f3n Jara Cruz anunci\u00f3 la apertura de dos Farmacias Bienestar en Oaxaca, ubicadas en Putla Villa de Guerrero y Santiago Juxtlahuaca, con el fin de fortalecer la atenci\u00f3n m\u00e9dica a las familias oaxaque\u00f1as que no cuentan con servicios p\u00fablicos o privados de salud.<\/p>\n\n\n\n<p>Durante la conferencia de prensa, destac\u00f3 que actualmente existen en la entidad 11 sedes de este modelo \u00fanico en el pa\u00eds, las cuales brindan atenci\u00f3n gratuita de primer nivel en las ocho regiones del estado; con las nuevas sucursales se ampl\u00eda la atenci\u00f3n a las comunidades de estas demarcaciones.<\/p>\n\n\n\n<p>\u201cEs una estrategia exitosa que la Presidenta Claudia Sheinbaum Pardo retomar\u00e1 para replicarla en todo el pa\u00eds\u201d, afirm\u00f3.<\/p>\n\n\n\n<p>Como parte de la inversi\u00f3n hist\u00f3rica de la administraci\u00f3n estatal, la titular de la Secretar\u00eda de Bienestar, Tequio e Inclusi\u00f3n (Sebienti) Vilma Mart\u00ednez Cort\u00e9s, dio a conocer la convocatoria del programa Farmacias Bienestar 2025 con vigencia del 4 de febrero al 21 de marzo, lapso en el que las y los interesados podr\u00e1n registrarse y ser acreedores a servicios b\u00e1sicos de salud.<\/p>\n\n\n\n<p>El programa contempla a una persona titular que puede afiliar hasta cuatro dependientes econ\u00f3micos, como hijas, hijos o adolescentes menores de 18 a\u00f1os, as\u00ed como c\u00f3nyuge o mayores de edad con discapacidad permanente que tengan bajo custodia.<\/p>\n\n\n\n<p>Quienes sean beneficiarias podr\u00e1n recibir atenci\u00f3n ilimitada gratuita de consulta m\u00e9dica, revisi\u00f3n y operatoria dental, y examen de la vista; de manera mensual acceder\u00e1n a tres medicamentos del cuadro b\u00e1sico; de manera anual seis estudios de laboratorio del cuadro b\u00e1sico y dos pares de lentes graduados de hasta cuatro dioptr\u00edas.<\/p>\n\n\n\n<p>Las y los afiliados en el a\u00f1o 2024 deber\u00e1n presentar en la sede m\u00e1s cercana los siguientes documentos: formato de solicitud de continuidad, actualizaci\u00f3n del recibo de tarjeta, identificaci\u00f3n oficial vigente, comprobante de domicilio (no anterior a tres meses), acta de nacimiento y Clave \u00danica de Registro de Poblaci\u00f3n (CURP) de las y los dependientes econ\u00f3micos menores de 18 a\u00f1os (en caso de nuevos registros).<\/p>\n\n\n\n<p>En el caso de nuevos registros presentar\u00e1n en el m\u00f3dulo m\u00e1s cercano la siguiente documentaci\u00f3n: formato de solicitud de registro, cuestionario socioecon\u00f3mico y de acceso a la salud, identificaci\u00f3n oficial vigente, comprobante de domicilio (no anterior a tres meses), Clave \u00danica de Registro de Poblaci\u00f3n (CURP) y acta de nacimiento y CURP de las y los dependientes econ\u00f3micos menores de 18 a\u00f1os.<\/p>\n\n\n\n<p>Antes de acudir a una de las 11 sedes situadas en el estado, las personas beneficiarias del a\u00f1o 2024 y las que se registran por primera vez, tendr\u00e1n que realizar un pre-registro a trav\u00e9s de la p\u00e1gina oficial del programa:<\/p>\n\n\n\n<figure class=\"wp-block-embed\"><div class=\"wp-block-embed__wrapper\">\nhttps:\/\/farmaciasbienestar.oaxaca.gob.mx\/index.html#\/registroBeneficiario\/index\n<\/div><\/figure>\n\n\n\n<p>-0-<\/p>\n","protected":false},"excerpt":{"rendered":"<p>\u2022 El Gobernador Salom\u00f3n Jara anunci\u00f3 la apertura de dos sedes m\u00e1s, en Putla Villa&#8230;<\/p>\n","protected":false},"author":4,"featured_media":36862,"comment_status":"","ping_status":"open","sticky":false,"template":"","format":"standard","meta":{"footnotes":""},"categories":[9],"tags":[],"jetpack_sharing_enabled":true,"featured_image_urls":{"full":["https:\/\/contextoanalisisperiodistico.com\/wp-content\/uploads\/2025\/02\/IMG-20250204-WA0111.jpg",900,600,false],"thumbnail":["https:\/\/contextoanalisisperiodistico.com\/wp-content\/uploads\/2025\/02\/IMG-20250204-WA0111-150x150.jpg",150,150,true],"medium":["https:\/\/contextoanalisisperiodistico.com\/wp-content\/uploads\/2025\/02\/IMG-20250204-WA0111-300x200.jpg",300,200,true],"medium_large":["https:\/\/contextoanalisisperiodistico.com\/wp-content\/uploads\/2025\/02\/IMG-20250204-WA0111-768x512.jpg",640,427,true],"large":["https:\/\/contextoanalisisperiodistico.com\/wp-content\/uploads\/2025\/02\/IMG-20250204-WA0111.jpg",640,427,false],"1536x1536":["https:\/\/contextoanalisisperiodistico.com\/wp-content\/uploads\/2025\/02\/IMG-20250204-WA0111.jpg",900,600,false],"2048x2048":["https:\/\/contextoanalisisperiodistico.com\/wp-content\/uploads\/2025\/02\/IMG-20250204-WA0111.jpg",900,600,false],"covernews-slider-full":["https:\/\/contextoanalisisperiodistico.com\/wp-content\/uploads\/2025\/02\/IMG-20250204-WA0111.jpg",900,600,false],"covernews-slider-center":["https:\/\/contextoanalisisperiodistico.com\/wp-content\/uploads\/2025\/02\/IMG-20250204-WA0111-800x500.jpg",800,500,true],"covernews-featured":["https:\/\/contextoanalisisperiodistico.com\/wp-content\/uploads\/2025\/02\/IMG-20250204-WA0111.jpg",900,600,false],"covernews-medium":["https:\/\/contextoanalisisperiodistico.com\/wp-content\/uploads\/2025\/02\/IMG-20250204-WA0111-540x340.jpg",540,340,true],"covernews-medium-square":["https:\/\/contextoanalisisperiodistico.com\/wp-content\/uploads\/2025\/02\/IMG-20250204-WA0111-400x250.jpg",400,250,true]},"author_info":{"display_name":"Mario Gir\u00f3n","author_link":"https:\/\/contextoanalisisperiodistico.com\/index.php\/author\/director\/"},"category_info":"<a href=\"https:\/\/contextoanalisisperiodistico.com\/index.php\/category\/politica\/\" rel=\"category tag\">Pol\u00edtica<\/a>","tag_info":"Pol\u00edtica","comment_count":"0","jetpack_featured_media_url":"https:\/\/contextoanalisisperiodistico.com\/wp-content\/uploads\/2025\/02\/IMG-20250204-WA0111.jpg","_links":{"self":[{"href":"https:\/\/contextoanalisisperiodistico.com\/index.php\/wp-json\/wp\/v2\/posts\/36864"}],"collection":[{"href":"https:\/\/contextoanalisisperiodistico.com\/index.php\/wp-json\/wp\/v2\/posts"}],"about":[{"href":"https:\/\/contextoanalisisperiodistico.com\/index.php\/wp-json\/wp\/v2\/types\/post"}],"author":[{"embeddable":true,"href":"https:\/\/contextoanalisisperiodistico.com\/index.php\/wp-json\/wp\/v2\/users\/4"}],"replies":[{"embeddable":true,"href":"https:\/\/contextoanalisisperiodistico.com\/index.php\/wp-json\/wp\/v2\/comments?post=36864"}],"version-history":[{"count":0,"href":"https:\/\/contextoanalisisperiodistico.com\/index.php\/wp-json\/wp\/v2\/posts\/36864\/revisions"}],"wp:featuredmedia":[{"embeddable":true,"href":"https:\/\/contextoanalisisperiodistico.com\/index.php\/wp-json\/wp\/v2\/media\/36862"}],"wp:attachment":[{"href":"https:\/\/contextoanalisisperiodistico.com\/index.php\/wp-json\/wp\/v2\/media?parent=36864"}],"wp:term":[{"taxonomy":"category","embeddable":true,"href":"https:\/\/contextoanalisisperiodistico.com\/index.php\/wp-json\/wp\/v2\/categories?post=36864"},{"taxonomy":"post_tag","embeddable":true,"href":"https:\/\/contextoanalisisperiodistico.com\/index.php\/wp-json\/wp\/v2\/tags?post=36864"}],"curies":[{"name":"wp","href":"https:\/\/api.w.org\/{rel}","templated":true}]}}