{"id":36785,"date":"2025-02-02T13:38:16","date_gmt":"2025-02-02T19:38:16","guid":{"rendered":"https:\/\/contextoanalisisperiodistico.com\/index.php\/2025\/02\/02\/descarta-gobierno-municipal-de-oaxaca-de-juarez-expropiacion-de-viviendas-en-poligono-norte\/"},"modified":"2025-02-02T13:43:37","modified_gmt":"2025-02-02T19:43:37","slug":"descarta-gobierno-municipal-de-oaxaca-de-juarez-expropiacion-de-viviendas-en-poligono-norte","status":"publish","type":"post","link":"https:\/\/contextoanalisisperiodistico.com\/index.php\/2025\/02\/02\/descarta-gobierno-municipal-de-oaxaca-de-juarez-expropiacion-de-viviendas-en-poligono-norte\/","title":{"rendered":"Descarta Gobierno Municipal capitalino expropiaci\u00f3n de viviendas en Pol\u00edgono Norte"},"content":{"rendered":"<div id=\"fb-root\"><\/div>\n\n<ul class=\"wp-block-list\">\n<li><em>El Presidente Ray Chagoya dej\u00f3 claro que se trata de un ordenamiento en los lineamientos de construcci\u00f3n para preservar el \u00e1rea natural protegida.<\/em><\/li>\n<\/ul>\n\n\n\n<figure class=\"wp-block-video\"><video controls src=\"https:\/\/contextoanalisisperiodistico.com\/wp-content\/uploads\/2025\/02\/VID20250202084956.mp4\"><\/video><figcaption class=\"wp-element-caption\">Presidente Municipal, Raymundo Chagoya <\/figcaption><\/figure>\n\n\n\n\n\n<figure class=\"wp-block-video\"><video controls src=\"https:\/\/contextoanalisisperiodistico.com\/wp-content\/uploads\/2025\/02\/VID20250202084241.mp4\"><\/video><figcaption class=\"wp-element-caption\">Secretario de Gobierno y Territorio, No\u00e9 Jara <\/figcaption><\/figure>\n\n\n\n<p>Oaxaca de Ju\u00e1rez, Oax., 2 de febrero de 2025. \u2013 El presidente Ray Chagoya asegur\u00f3 que no existe intenci\u00f3n de expropiar viviendas en el Pol\u00edgono Norte, que comprende desde la agencia de Viguera hasta la agencia de Donaj\u00ed. Esto luego de que se diera a conocer que se implementar\u00e1n medidas para preservar el \u00e1rea natural protegida ubicada en esa zona.<\/p>\n\n\n\n<p>El edil de la capital afirm\u00f3 que ni el Gobierno Municipal, que \u00e9l encabeza, ni el Gobierno del Estado tienen la intenci\u00f3n de afectar el patrimonio de las vecinas y vecinos. Destac\u00f3 que \u00fanicamente se establecer\u00e1n lineamientos para la conservaci\u00f3n del \u00e1rea.<\/p>\n\n\n\n<p>\u00abLo que se har\u00e1 es un \u00e1rea natural protegida, un ordenamiento y se establecer\u00e1n lineamientos de construcci\u00f3n; no habr\u00e1 demoliciones\u00bb, enfatiz\u00f3.<\/p>\n\n\n\n<p>Ray Chagoya realiz\u00f3 estas declaraciones tras encabezar el Tequio Vecinal en la colonia El Manantial, en Pueblo Nuevo. Durante la jornada, a petici\u00f3n de las y los vecinos, realiz\u00f3 un recorrido por el pol\u00edgono para atender sus inquietudes sobre este tema.<\/p>\n\n\n\n<p>El Presidente Municipal mencion\u00f3 que se establecer\u00e1n lineamientos para quienes habitan en esta zona, comprendida entre las agencias de Viguera y Donaj\u00ed, con el objetivo de preservar este pulm\u00f3n natural de la ciudad de Oaxaca.<\/p>\n","protected":false},"excerpt":{"rendered":"<p>Oaxaca de Ju\u00e1rez, Oax., 2 de febrero de 2025. \u2013 El presidente Ray Chagoya asegur\u00f3&#8230;<\/p>\n","protected":false},"author":4,"featured_media":36782,"comment_status":"closed","ping_status":"open","sticky":false,"template":"","format":"standard","meta":{"footnotes":""},"categories":[9],"tags":[178,235,234,45],"jetpack_sharing_enabled":true,"featured_image_urls":{"full":["https:\/\/contextoanalisisperiodistico.com\/wp-content\/uploads\/2025\/02\/IMG-20250202-WA0070.jpg",2048,1365,false],"thumbnail":["https:\/\/contextoanalisisperiodistico.com\/wp-content\/uploads\/2025\/02\/IMG-20250202-WA0070-150x150.jpg",150,150,true],"medium":["https:\/\/contextoanalisisperiodistico.com\/wp-content\/uploads\/2025\/02\/IMG-20250202-WA0070-300x200.jpg",300,200,true],"medium_large":["https:\/\/contextoanalisisperiodistico.com\/wp-content\/uploads\/2025\/02\/IMG-20250202-WA0070-768x512.jpg",640,427,true],"large":["https:\/\/contextoanalisisperiodistico.com\/wp-content\/uploads\/2025\/02\/IMG-20250202-WA0070-1024x683.jpg",640,427,true],"1536x1536":["https:\/\/contextoanalisisperiodistico.com\/wp-content\/uploads\/2025\/02\/IMG-20250202-WA0070-1536x1024.jpg",1536,1024,true],"2048x2048":["https:\/\/contextoanalisisperiodistico.com\/wp-content\/uploads\/2025\/02\/IMG-20250202-WA0070.jpg",2048,1365,false],"covernews-slider-full":["https:\/\/contextoanalisisperiodistico.com\/wp-content\/uploads\/2025\/02\/IMG-20250202-WA0070-1115x715.jpg",1115,715,true],"covernews-slider-center":["https:\/\/contextoanalisisperiodistico.com\/wp-content\/uploads\/2025\/02\/IMG-20250202-WA0070-800x500.jpg",800,500,true],"covernews-featured":["https:\/\/contextoanalisisperiodistico.com\/wp-content\/uploads\/2025\/02\/IMG-20250202-WA0070-1024x683.jpg",1024,683,true],"covernews-medium":["https:\/\/contextoanalisisperiodistico.com\/wp-content\/uploads\/2025\/02\/IMG-20250202-WA0070-540x340.jpg",540,340,true],"covernews-medium-square":["https:\/\/contextoanalisisperiodistico.com\/wp-content\/uploads\/2025\/02\/IMG-20250202-WA0070-400x250.jpg",400,250,true]},"author_info":{"display_name":"Mario Gir\u00f3n","author_link":"https:\/\/contextoanalisisperiodistico.com\/index.php\/author\/director\/"},"category_info":"<a href=\"https:\/\/contextoanalisisperiodistico.com\/index.php\/category\/politica\/\" rel=\"category tag\">Pol\u00edtica<\/a>","tag_info":"Pol\u00edtica","comment_count":"0","jetpack_featured_media_url":"https:\/\/contextoanalisisperiodistico.com\/wp-content\/uploads\/2025\/02\/IMG-20250202-WA0070.jpg","_links":{"self":[{"href":"https:\/\/contextoanalisisperiodistico.com\/index.php\/wp-json\/wp\/v2\/posts\/36785"}],"collection":[{"href":"https:\/\/contextoanalisisperiodistico.com\/index.php\/wp-json\/wp\/v2\/posts"}],"about":[{"href":"https:\/\/contextoanalisisperiodistico.com\/index.php\/wp-json\/wp\/v2\/types\/post"}],"author":[{"embeddable":true,"href":"https:\/\/contextoanalisisperiodistico.com\/index.php\/wp-json\/wp\/v2\/users\/4"}],"replies":[{"embeddable":true,"href":"https:\/\/contextoanalisisperiodistico.com\/index.php\/wp-json\/wp\/v2\/comments?post=36785"}],"version-history":[{"count":2,"href":"https:\/\/contextoanalisisperiodistico.com\/index.php\/wp-json\/wp\/v2\/posts\/36785\/revisions"}],"predecessor-version":[{"id":36787,"href":"https:\/\/contextoanalisisperiodistico.com\/index.php\/wp-json\/wp\/v2\/posts\/36785\/revisions\/36787"}],"wp:featuredmedia":[{"embeddable":true,"href":"https:\/\/contextoanalisisperiodistico.com\/index.php\/wp-json\/wp\/v2\/media\/36782"}],"wp:attachment":[{"href":"https:\/\/contextoanalisisperiodistico.com\/index.php\/wp-json\/wp\/v2\/media?parent=36785"}],"wp:term":[{"taxonomy":"category","embeddable":true,"href":"https:\/\/contextoanalisisperiodistico.com\/index.php\/wp-json\/wp\/v2\/categories?post=36785"},{"taxonomy":"post_tag","embeddable":true,"href":"https:\/\/contextoanalisisperiodistico.com\/index.php\/wp-json\/wp\/v2\/tags?post=36785"}],"curies":[{"name":"wp","href":"https:\/\/api.w.org\/{rel}","templated":true}]}}