{"id":36732,"date":"2025-02-01T14:32:02","date_gmt":"2025-02-01T20:32:02","guid":{"rendered":"https:\/\/contextoanalisisperiodistico.com\/index.php\/2025\/02\/01\/inicio-el-encuentro-nudista-oaxaqueno-zipolite-2025\/"},"modified":"2025-02-01T14:32:02","modified_gmt":"2025-02-01T20:32:02","slug":"inicio-el-encuentro-nudista-oaxaqueno-zipolite-2025","status":"publish","type":"post","link":"https:\/\/contextoanalisisperiodistico.com\/index.php\/2025\/02\/01\/inicio-el-encuentro-nudista-oaxaqueno-zipolite-2025\/","title":{"rendered":"Inici\u00f3 el Encuentro Nudista Oaxaque\u00f1o Zipolite 2025"},"content":{"rendered":"<div id=\"fb-root\"><\/div>\n\n<p>\u2022 Sectur Oaxaca estim\u00f3 que las actividades que concluir\u00e1n el 2 de febrero, generar\u00e1n una derrama econ\u00f3mica aproximada de 25 millones de pesos<\/p>\n\n\n\n<p>San Pedro Pochutla, Oax. 1 de febrero de 2025.- La d\u00e9cima edici\u00f3n del Encuentro Nudista Zipolite 2025 dio inicio como una celebraci\u00f3n de la libertad, la naturaleza y el respeto por el cuerpo humano, y que se ha convertido en uno de los atractivos m\u00e1s importantes de Oaxaca para el turismo nacional e internacional.<\/p>\n\n\n\n<p>La Secretar\u00eda de Turismo del Estado de Oaxaca (Sectur) indic\u00f3 que se espera una importante afluencia de visitantes nacionales e internacionales, que generar\u00e1n una derrama econ\u00f3mica aproximada de 25 millones de pesos y una ocupaci\u00f3n hotelera del 84 por ciento.<\/p>\n\n\n\n<p>Destac\u00f3 que la playa Zipolite es Patrimonio Biocultural y la \u00fanica playa nudista del estado, por lo que llega a ser el epicentro con mayor turismo naturista, que desde 2016, ha sido un referente nacional e internacional de este movimiento.<\/p>\n\n\n\n<p>Este modelo representa una oportunidad de desarrollo sustentable por favorecer la econom\u00eda local, y de esta manera, es como se refuerza la estrategia del Gobernador del Estado, Salom\u00f3n Jara Cruz, de transformar al turismo en motor de bienestar.<\/p>\n\n\n\n<p>Zipolite, con su atm\u00f3sfera \u00fanica, se consolida como un destino emblem\u00e1tico, que demuestra que el turismo puede ser inclusivo, sostenible y ben\u00e9fico para todas y todos.<\/p>\n\n\n\n<p>Con la presencia del delegado de la Sectur Oaxaca, Juli\u00e1n Herrera L\u00f3pez Velarde, autoridades municipales y cientos de visitantes presentes, se inauguraron estas actividades y que cerrar\u00e1 el 2 de febrero, reafirmando el valor del nudismo como una filosof\u00eda que promueve el bienestar, la inclusi\u00f3n y la conexi\u00f3n con el entorno.<br \/>-0-<\/p>\n\n\n\n<p><\/p>\n\n\n\n<p><\/p>\n\n\n\n<figure class=\"wp-block-image size-large\"><img fetchpriority=\"high\" decoding=\"async\" width=\"1024\" height=\"682\" src=\"https:\/\/contextoanalisisperiodistico.com\/wp-content\/uploads\/2025\/02\/img-20250201-wa00851613727619830522649-1024x682.jpg\" alt=\"\" class=\"wp-image-36731\" srcset=\"https:\/\/contextoanalisisperiodistico.com\/wp-content\/uploads\/2025\/02\/img-20250201-wa00851613727619830522649-1024x682.jpg 1024w, https:\/\/contextoanalisisperiodistico.com\/wp-content\/uploads\/2025\/02\/img-20250201-wa00851613727619830522649-300x200.jpg 300w, https:\/\/contextoanalisisperiodistico.com\/wp-content\/uploads\/2025\/02\/img-20250201-wa00851613727619830522649-768x512.jpg 768w, https:\/\/contextoanalisisperiodistico.com\/wp-content\/uploads\/2025\/02\/img-20250201-wa00851613727619830522649-1536x1023.jpg 1536w, https:\/\/contextoanalisisperiodistico.com\/wp-content\/uploads\/2025\/02\/img-20250201-wa00851613727619830522649.jpg 1600w\" sizes=\"(max-width: 1024px) 100vw, 1024px\" \/><\/figure>\n\n\n\n<figure class=\"wp-block-image\"><img decoding=\"async\" width=\"1024\" height=\"576\" src=\"https:\/\/contextoanalisisperiodistico.com\/wp-content\/uploads\/2025\/02\/img-20250201-wa00873621172918968120902-1024x576.jpg\" alt=\"\" class=\"wp-image-36730\" srcset=\"https:\/\/contextoanalisisperiodistico.com\/wp-content\/uploads\/2025\/02\/img-20250201-wa00873621172918968120902-1024x576.jpg 1024w, https:\/\/contextoanalisisperiodistico.com\/wp-content\/uploads\/2025\/02\/img-20250201-wa00873621172918968120902-300x169.jpg 300w, https:\/\/contextoanalisisperiodistico.com\/wp-content\/uploads\/2025\/02\/img-20250201-wa00873621172918968120902-768x432.jpg 768w, https:\/\/contextoanalisisperiodistico.com\/wp-content\/uploads\/2025\/02\/img-20250201-wa00873621172918968120902-1536x864.jpg 1536w, https:\/\/contextoanalisisperiodistico.com\/wp-content\/uploads\/2025\/02\/img-20250201-wa00873621172918968120902.jpg 1600w\" sizes=\"(max-width: 1024px) 100vw, 1024px\" \/><\/figure>\n\n\n\n<figure class=\"wp-block-image\"><img decoding=\"async\" width=\"1024\" height=\"682\" src=\"https:\/\/contextoanalisisperiodistico.com\/wp-content\/uploads\/2025\/02\/img-20250201-wa00842812573861544847513-1024x682.jpg\" alt=\"\" class=\"wp-image-36729\" srcset=\"https:\/\/contextoanalisisperiodistico.com\/wp-content\/uploads\/2025\/02\/img-20250201-wa00842812573861544847513-1024x682.jpg 1024w, https:\/\/contextoanalisisperiodistico.com\/wp-content\/uploads\/2025\/02\/img-20250201-wa00842812573861544847513-300x200.jpg 300w, https:\/\/contextoanalisisperiodistico.com\/wp-content\/uploads\/2025\/02\/img-20250201-wa00842812573861544847513-768x512.jpg 768w, https:\/\/contextoanalisisperiodistico.com\/wp-content\/uploads\/2025\/02\/img-20250201-wa00842812573861544847513-1536x1023.jpg 1536w, https:\/\/contextoanalisisperiodistico.com\/wp-content\/uploads\/2025\/02\/img-20250201-wa00842812573861544847513.jpg 1600w\" sizes=\"(max-width: 1024px) 100vw, 1024px\" \/><\/figure>\n","protected":false},"excerpt":{"rendered":"<p>\u2022 Sectur Oaxaca estim\u00f3 que las actividades que concluir\u00e1n el 2 de febrero, generar\u00e1n una&#8230;<\/p>\n","protected":false},"author":4,"featured_media":36728,"comment_status":"","ping_status":"open","sticky":false,"template":"","format":"standard","meta":{"footnotes":""},"categories":[9],"tags":[],"jetpack_sharing_enabled":true,"featured_image_urls":{"full":["https:\/\/contextoanalisisperiodistico.com\/wp-content\/uploads\/2025\/02\/IMG-20250201-WA0088.jpg",1600,1066,false],"thumbnail":["https:\/\/contextoanalisisperiodistico.com\/wp-content\/uploads\/2025\/02\/IMG-20250201-WA0088-150x150.jpg",150,150,true],"medium":["https:\/\/contextoanalisisperiodistico.com\/wp-content\/uploads\/2025\/02\/IMG-20250201-WA0088-300x200.jpg",300,200,true],"medium_large":["https:\/\/contextoanalisisperiodistico.com\/wp-content\/uploads\/2025\/02\/IMG-20250201-WA0088-768x512.jpg",640,427,true],"large":["https:\/\/contextoanalisisperiodistico.com\/wp-content\/uploads\/2025\/02\/IMG-20250201-WA0088-1024x682.jpg",640,426,true],"1536x1536":["https:\/\/contextoanalisisperiodistico.com\/wp-content\/uploads\/2025\/02\/IMG-20250201-WA0088-1536x1023.jpg",1536,1023,true],"2048x2048":["https:\/\/contextoanalisisperiodistico.com\/wp-content\/uploads\/2025\/02\/IMG-20250201-WA0088.jpg",1600,1066,false],"covernews-slider-full":["https:\/\/contextoanalisisperiodistico.com\/wp-content\/uploads\/2025\/02\/IMG-20250201-WA0088-1115x715.jpg",1115,715,true],"covernews-slider-center":["https:\/\/contextoanalisisperiodistico.com\/wp-content\/uploads\/2025\/02\/IMG-20250201-WA0088-800x500.jpg",800,500,true],"covernews-featured":["https:\/\/contextoanalisisperiodistico.com\/wp-content\/uploads\/2025\/02\/IMG-20250201-WA0088-1024x682.jpg",1024,682,true],"covernews-medium":["https:\/\/contextoanalisisperiodistico.com\/wp-content\/uploads\/2025\/02\/IMG-20250201-WA0088-540x340.jpg",540,340,true],"covernews-medium-square":["https:\/\/contextoanalisisperiodistico.com\/wp-content\/uploads\/2025\/02\/IMG-20250201-WA0088-400x250.jpg",400,250,true]},"author_info":{"display_name":"Mario Gir\u00f3n","author_link":"https:\/\/contextoanalisisperiodistico.com\/index.php\/author\/director\/"},"category_info":"<a href=\"https:\/\/contextoanalisisperiodistico.com\/index.php\/category\/politica\/\" rel=\"category tag\">Pol\u00edtica<\/a>","tag_info":"Pol\u00edtica","comment_count":"0","jetpack_featured_media_url":"https:\/\/contextoanalisisperiodistico.com\/wp-content\/uploads\/2025\/02\/IMG-20250201-WA0088.jpg","_links":{"self":[{"href":"https:\/\/contextoanalisisperiodistico.com\/index.php\/wp-json\/wp\/v2\/posts\/36732"}],"collection":[{"href":"https:\/\/contextoanalisisperiodistico.com\/index.php\/wp-json\/wp\/v2\/posts"}],"about":[{"href":"https:\/\/contextoanalisisperiodistico.com\/index.php\/wp-json\/wp\/v2\/types\/post"}],"author":[{"embeddable":true,"href":"https:\/\/contextoanalisisperiodistico.com\/index.php\/wp-json\/wp\/v2\/users\/4"}],"replies":[{"embeddable":true,"href":"https:\/\/contextoanalisisperiodistico.com\/index.php\/wp-json\/wp\/v2\/comments?post=36732"}],"version-history":[{"count":0,"href":"https:\/\/contextoanalisisperiodistico.com\/index.php\/wp-json\/wp\/v2\/posts\/36732\/revisions"}],"wp:featuredmedia":[{"embeddable":true,"href":"https:\/\/contextoanalisisperiodistico.com\/index.php\/wp-json\/wp\/v2\/media\/36728"}],"wp:attachment":[{"href":"https:\/\/contextoanalisisperiodistico.com\/index.php\/wp-json\/wp\/v2\/media?parent=36732"}],"wp:term":[{"taxonomy":"category","embeddable":true,"href":"https:\/\/contextoanalisisperiodistico.com\/index.php\/wp-json\/wp\/v2\/categories?post=36732"},{"taxonomy":"post_tag","embeddable":true,"href":"https:\/\/contextoanalisisperiodistico.com\/index.php\/wp-json\/wp\/v2\/tags?post=36732"}],"curies":[{"name":"wp","href":"https:\/\/api.w.org\/{rel}","templated":true}]}}