{"id":36717,"date":"2025-02-01T11:35:42","date_gmt":"2025-02-01T17:35:42","guid":{"rendered":"https:\/\/contextoanalisisperiodistico.com\/index.php\/2025\/02\/01\/secretaria-de-seguridad-vecinal-realiza-operativo-para-evitar-arrancones-en-la-avenida-universidad\/"},"modified":"2025-02-01T11:36:54","modified_gmt":"2025-02-01T17:36:54","slug":"secretaria-de-seguridad-vecinal-realiza-operativo-para-evitar-arrancones-en-la-avenida-universidad","status":"publish","type":"post","link":"https:\/\/contextoanalisisperiodistico.com\/index.php\/2025\/02\/01\/secretaria-de-seguridad-vecinal-realiza-operativo-para-evitar-arrancones-en-la-avenida-universidad\/","title":{"rendered":"Secretar\u00eda de Seguridad Vecinal en operativo para evitar arrancones en Avenida Universidad"},"content":{"rendered":"<div id=\"fb-root\"><\/div>\n\n<p>\u2022Aseguran cuatro motocicletas en operativo contra arrancones<\/p>\n\n\n\n<figure class=\"wp-block-image size-large\"><img fetchpriority=\"high\" decoding=\"async\" width=\"1024\" height=\"885\" src=\"https:\/\/contextoanalisisperiodistico.com\/wp-content\/uploads\/2025\/02\/img-20250201-wa00093924623414747546008-1024x885.jpg\" alt=\"\" class=\"wp-image-36715\" srcset=\"https:\/\/contextoanalisisperiodistico.com\/wp-content\/uploads\/2025\/02\/img-20250201-wa00093924623414747546008-1024x885.jpg 1024w, https:\/\/contextoanalisisperiodistico.com\/wp-content\/uploads\/2025\/02\/img-20250201-wa00093924623414747546008-300x259.jpg 300w, https:\/\/contextoanalisisperiodistico.com\/wp-content\/uploads\/2025\/02\/img-20250201-wa00093924623414747546008-768x664.jpg 768w, https:\/\/contextoanalisisperiodistico.com\/wp-content\/uploads\/2025\/02\/img-20250201-wa00093924623414747546008.jpg 1393w\" sizes=\"(max-width: 1024px) 100vw, 1024px\" \/><\/figure>\n\n\n\n<figure class=\"wp-block-image\"><img decoding=\"async\" width=\"1024\" height=\"771\" src=\"https:\/\/contextoanalisisperiodistico.com\/wp-content\/uploads\/2025\/02\/img-20250201-wa00081981888954783500603-1024x771.jpg\" alt=\"\" class=\"wp-image-36716\" srcset=\"https:\/\/contextoanalisisperiodistico.com\/wp-content\/uploads\/2025\/02\/img-20250201-wa00081981888954783500603-1024x771.jpg 1024w, https:\/\/contextoanalisisperiodistico.com\/wp-content\/uploads\/2025\/02\/img-20250201-wa00081981888954783500603-300x226.jpg 300w, https:\/\/contextoanalisisperiodistico.com\/wp-content\/uploads\/2025\/02\/img-20250201-wa00081981888954783500603-768x578.jpg 768w, https:\/\/contextoanalisisperiodistico.com\/wp-content\/uploads\/2025\/02\/img-20250201-wa00081981888954783500603-1536x1156.jpg 1536w, https:\/\/contextoanalisisperiodistico.com\/wp-content\/uploads\/2025\/02\/img-20250201-wa00081981888954783500603.jpg 1600w\" sizes=\"(max-width: 1024px) 100vw, 1024px\" \/><\/figure>\n\n\n\n<p>\u2022Coordinaci\u00f3n estatal y municipal refuerza seguridad en Oaxaca de Ju\u00e1rez<\/p>\n\n\n\n<p>Oaxaca de Ju\u00e1rez, Oax., 1 de febrero de 2025.- Personal de la Secretar\u00eda de Seguridad Vecinal, en coordinaci\u00f3n con la Secretar\u00eda de Seguridad y Protecci\u00f3n Ciudadana, llev\u00f3 a cabo un operativo en la Avenida Universidad con la finalidad de evitar carreras clandestinas (arrancones) en dicha v\u00eda.<\/p>\n\n\n\n<p>En los primeros minutos de este s\u00e1bado, elementos de la Direcci\u00f3n de Proximidad Social del Grupo Urbano de Fuerzas Especiales (GUFE) implementaron un operativo en la zona tras el reporte de la presencia de varios motociclistas reunidos en el lugar.<\/p>\n\n\n\n<p>De manera coordinada, las autoridades aplicaron el operativo, que concluy\u00f3 con el aseguramiento de cuatro motocicletas, ya que sus conductores no contaban con la documentaci\u00f3n correspondiente.<\/p>\n\n\n\n<p>Los veh\u00edculos fueron enviados al encierro oficial en tanto sus propietarios acreditan la propiedad.<\/p>\n\n\n\n<p>Al trabajar de manera conjunta con el Gobierno del Estado, la Secretar\u00eda de Seguridad Vecinal refuerza su compromiso de garantizar la seguridad de las vecinas y vecinos de Oaxaca de Ju\u00e1rez.<\/p>\n","protected":false},"excerpt":{"rendered":"<p>\u2022Aseguran cuatro motocicletas en operativo contra arrancones \u2022Coordinaci\u00f3n estatal y municipal refuerza seguridad en Oaxaca&#8230;<\/p>\n","protected":false},"author":4,"featured_media":36714,"comment_status":"closed","ping_status":"open","sticky":false,"template":"","format":"standard","meta":{"footnotes":""},"categories":[3],"tags":[178,235,234,45],"jetpack_sharing_enabled":true,"featured_image_urls":{"full":["https:\/\/contextoanalisisperiodistico.com\/wp-content\/uploads\/2025\/02\/1000289010.jpg",1393,1204,false],"thumbnail":["https:\/\/contextoanalisisperiodistico.com\/wp-content\/uploads\/2025\/02\/1000289010-150x150.jpg",150,150,true],"medium":["https:\/\/contextoanalisisperiodistico.com\/wp-content\/uploads\/2025\/02\/1000289010-300x259.jpg",300,259,true],"medium_large":["https:\/\/contextoanalisisperiodistico.com\/wp-content\/uploads\/2025\/02\/1000289010-768x664.jpg",640,553,true],"large":["https:\/\/contextoanalisisperiodistico.com\/wp-content\/uploads\/2025\/02\/1000289010-1024x885.jpg",640,553,true],"1536x1536":["https:\/\/contextoanalisisperiodistico.com\/wp-content\/uploads\/2025\/02\/1000289010.jpg",1393,1204,false],"2048x2048":["https:\/\/contextoanalisisperiodistico.com\/wp-content\/uploads\/2025\/02\/1000289010.jpg",1393,1204,false],"covernews-slider-full":["https:\/\/contextoanalisisperiodistico.com\/wp-content\/uploads\/2025\/02\/1000289010-1115x715.jpg",1115,715,true],"covernews-slider-center":["https:\/\/contextoanalisisperiodistico.com\/wp-content\/uploads\/2025\/02\/1000289010-800x500.jpg",800,500,true],"covernews-featured":["https:\/\/contextoanalisisperiodistico.com\/wp-content\/uploads\/2025\/02\/1000289010-1024x885.jpg",1024,885,true],"covernews-medium":["https:\/\/contextoanalisisperiodistico.com\/wp-content\/uploads\/2025\/02\/1000289010-540x340.jpg",540,340,true],"covernews-medium-square":["https:\/\/contextoanalisisperiodistico.com\/wp-content\/uploads\/2025\/02\/1000289010-400x250.jpg",400,250,true]},"author_info":{"display_name":"Mario Gir\u00f3n","author_link":"https:\/\/contextoanalisisperiodistico.com\/index.php\/author\/director\/"},"category_info":"<a href=\"https:\/\/contextoanalisisperiodistico.com\/index.php\/category\/ciudad\/\" rel=\"category tag\">Ciudad<\/a>","tag_info":"Ciudad","comment_count":"0","jetpack_featured_media_url":"https:\/\/contextoanalisisperiodistico.com\/wp-content\/uploads\/2025\/02\/1000289010.jpg","_links":{"self":[{"href":"https:\/\/contextoanalisisperiodistico.com\/index.php\/wp-json\/wp\/v2\/posts\/36717"}],"collection":[{"href":"https:\/\/contextoanalisisperiodistico.com\/index.php\/wp-json\/wp\/v2\/posts"}],"about":[{"href":"https:\/\/contextoanalisisperiodistico.com\/index.php\/wp-json\/wp\/v2\/types\/post"}],"author":[{"embeddable":true,"href":"https:\/\/contextoanalisisperiodistico.com\/index.php\/wp-json\/wp\/v2\/users\/4"}],"replies":[{"embeddable":true,"href":"https:\/\/contextoanalisisperiodistico.com\/index.php\/wp-json\/wp\/v2\/comments?post=36717"}],"version-history":[{"count":1,"href":"https:\/\/contextoanalisisperiodistico.com\/index.php\/wp-json\/wp\/v2\/posts\/36717\/revisions"}],"predecessor-version":[{"id":36718,"href":"https:\/\/contextoanalisisperiodistico.com\/index.php\/wp-json\/wp\/v2\/posts\/36717\/revisions\/36718"}],"wp:featuredmedia":[{"embeddable":true,"href":"https:\/\/contextoanalisisperiodistico.com\/index.php\/wp-json\/wp\/v2\/media\/36714"}],"wp:attachment":[{"href":"https:\/\/contextoanalisisperiodistico.com\/index.php\/wp-json\/wp\/v2\/media?parent=36717"}],"wp:term":[{"taxonomy":"category","embeddable":true,"href":"https:\/\/contextoanalisisperiodistico.com\/index.php\/wp-json\/wp\/v2\/categories?post=36717"},{"taxonomy":"post_tag","embeddable":true,"href":"https:\/\/contextoanalisisperiodistico.com\/index.php\/wp-json\/wp\/v2\/tags?post=36717"}],"curies":[{"name":"wp","href":"https:\/\/api.w.org\/{rel}","templated":true}]}}