{"id":36652,"date":"2025-01-31T11:09:56","date_gmt":"2025-01-31T17:09:56","guid":{"rendered":"https:\/\/contextoanalisisperiodistico.com\/index.php\/2025\/01\/31\/policias-municipales-detienen-a-dos-en-posesion-de-arma-de-fuego-hechiza-y-navaja\/"},"modified":"2025-01-31T11:09:56","modified_gmt":"2025-01-31T17:09:56","slug":"policias-municipales-detienen-a-dos-en-posesion-de-arma-de-fuego-hechiza-y-navaja","status":"publish","type":"post","link":"https:\/\/contextoanalisisperiodistico.com\/index.php\/2025\/01\/31\/policias-municipales-detienen-a-dos-en-posesion-de-arma-de-fuego-hechiza-y-navaja\/","title":{"rendered":"Polic\u00edas municipales detienen a dos en posesi\u00f3n de arma de fuego hechiza y navaja"},"content":{"rendered":"<div id=\"fb-root\"><\/div>\n\n<p>Oaxaca de Ju\u00e1rez, Oax., 31 de enero de 2025.- Personal de la Secretar\u00eda de Seguridad Vecinal efectu\u00f3 la detenci\u00f3n de dos personas acusadas del delito de robo, a quienes les aseguraron un arma de fuego hechiza y una navaja.<\/p>\n\n\n\n<p>Este jueves, a las 10:48 horas, elementos de la Direcci\u00f3n de Proximidad Social adscritos a la Unidad Motorizada de Acci\u00f3n R\u00e1pida (UMAR) realizaban labores de prevenci\u00f3n y disuasi\u00f3n en el centro de la ciudad.<\/p>\n\n\n\n<p>Al circular por la calle Aldama y Miguel Cabrera, una persona les solicit\u00f3 apoyo y se\u00f1al\u00f3 a dos sujetos que caminaban a unos metros de distancia como los mismos que le hab\u00edan robado.<\/p>\n\n\n\n<p>En ese momento, los sujetos emprendieron la huida por la calle Aldama con direcci\u00f3n a Bustamante y avanzaron en sentido contrario a la circulaci\u00f3n hacia la calle Mina.<\/p>\n\n\n\n<p>En dicho lugar fueron interceptados y detenidos por elementos de la UMAR. Minutos despu\u00e9s, arrib\u00f3 la persona afectada, quien inform\u00f3 que momentos antes los sujetos ingresaron a su zapater\u00eda, ubicada en la calle Mina, donde se apoderaron de un par de huaraches y, adem\u00e1s, simularon sacar un arma de fuego para amedrentarlo.<\/p>\n\n\n\n<p>Los individuos salieron del establecimiento y caminaron por la calle J. P. Garc\u00eda. El denunciante les dio seguimiento y, al llegar a la calle Aldama, solicit\u00f3 el apoyo de los polic\u00edas de Oaxaca de Ju\u00e1rez.<\/p>\n\n\n\n<p>Los detenidos dijeron llamarse Pablo A. P. L., de 27 a\u00f1os, y David C. L., de 21 a\u00f1os. Durante la inspecci\u00f3n precautoria, se les hall\u00f3 un arma de fuego hechiza, una navaja y el par de huaraches que el afectado reconoci\u00f3 como de su propiedad.<\/p>\n\n\n\n<p>Los dos detenidos y los objetos asegurados quedaron a disposici\u00f3n de la Fiscal\u00eda General del Estado para determinar su situaci\u00f3n jur\u00eddica.<\/p>\n\n\n\n<p>Con estas acciones, la Secretar\u00eda de Seguridad Vecinal reafirma su compromiso de garantizar la seguridad de las vecinas y vecinos de Oaxaca de Ju\u00e1rez.<\/p>\n","protected":false},"excerpt":{"rendered":"<p>Oaxaca de Ju\u00e1rez, Oax., 31 de enero de 2025.- Personal de la Secretar\u00eda de Seguridad&#8230;<\/p>\n","protected":false},"author":4,"featured_media":36651,"comment_status":"","ping_status":"open","sticky":false,"template":"","format":"standard","meta":{"footnotes":""},"categories":[10],"tags":[178,235,234,45],"jetpack_sharing_enabled":true,"featured_image_urls":{"full":["https:\/\/contextoanalisisperiodistico.com\/wp-content\/uploads\/2025\/01\/IMG-20250131-WA0040.jpg",1600,900,false],"thumbnail":["https:\/\/contextoanalisisperiodistico.com\/wp-content\/uploads\/2025\/01\/IMG-20250131-WA0040-150x150.jpg",150,150,true],"medium":["https:\/\/contextoanalisisperiodistico.com\/wp-content\/uploads\/2025\/01\/IMG-20250131-WA0040-300x169.jpg",300,169,true],"medium_large":["https:\/\/contextoanalisisperiodistico.com\/wp-content\/uploads\/2025\/01\/IMG-20250131-WA0040-768x432.jpg",640,360,true],"large":["https:\/\/contextoanalisisperiodistico.com\/wp-content\/uploads\/2025\/01\/IMG-20250131-WA0040-1024x576.jpg",640,360,true],"1536x1536":["https:\/\/contextoanalisisperiodistico.com\/wp-content\/uploads\/2025\/01\/IMG-20250131-WA0040-1536x864.jpg",1536,864,true],"2048x2048":["https:\/\/contextoanalisisperiodistico.com\/wp-content\/uploads\/2025\/01\/IMG-20250131-WA0040.jpg",1600,900,false],"covernews-slider-full":["https:\/\/contextoanalisisperiodistico.com\/wp-content\/uploads\/2025\/01\/IMG-20250131-WA0040-1115x715.jpg",1115,715,true],"covernews-slider-center":["https:\/\/contextoanalisisperiodistico.com\/wp-content\/uploads\/2025\/01\/IMG-20250131-WA0040-800x500.jpg",800,500,true],"covernews-featured":["https:\/\/contextoanalisisperiodistico.com\/wp-content\/uploads\/2025\/01\/IMG-20250131-WA0040-1024x576.jpg",1024,576,true],"covernews-medium":["https:\/\/contextoanalisisperiodistico.com\/wp-content\/uploads\/2025\/01\/IMG-20250131-WA0040-540x340.jpg",540,340,true],"covernews-medium-square":["https:\/\/contextoanalisisperiodistico.com\/wp-content\/uploads\/2025\/01\/IMG-20250131-WA0040-400x250.jpg",400,250,true]},"author_info":{"display_name":"Mario Gir\u00f3n","author_link":"https:\/\/contextoanalisisperiodistico.com\/index.php\/author\/director\/"},"category_info":"<a href=\"https:\/\/contextoanalisisperiodistico.com\/index.php\/category\/seguridad\/\" rel=\"category tag\">Seguridad<\/a>","tag_info":"Seguridad","comment_count":"0","jetpack_featured_media_url":"https:\/\/contextoanalisisperiodistico.com\/wp-content\/uploads\/2025\/01\/IMG-20250131-WA0040.jpg","_links":{"self":[{"href":"https:\/\/contextoanalisisperiodistico.com\/index.php\/wp-json\/wp\/v2\/posts\/36652"}],"collection":[{"href":"https:\/\/contextoanalisisperiodistico.com\/index.php\/wp-json\/wp\/v2\/posts"}],"about":[{"href":"https:\/\/contextoanalisisperiodistico.com\/index.php\/wp-json\/wp\/v2\/types\/post"}],"author":[{"embeddable":true,"href":"https:\/\/contextoanalisisperiodistico.com\/index.php\/wp-json\/wp\/v2\/users\/4"}],"replies":[{"embeddable":true,"href":"https:\/\/contextoanalisisperiodistico.com\/index.php\/wp-json\/wp\/v2\/comments?post=36652"}],"version-history":[{"count":0,"href":"https:\/\/contextoanalisisperiodistico.com\/index.php\/wp-json\/wp\/v2\/posts\/36652\/revisions"}],"wp:featuredmedia":[{"embeddable":true,"href":"https:\/\/contextoanalisisperiodistico.com\/index.php\/wp-json\/wp\/v2\/media\/36651"}],"wp:attachment":[{"href":"https:\/\/contextoanalisisperiodistico.com\/index.php\/wp-json\/wp\/v2\/media?parent=36652"}],"wp:term":[{"taxonomy":"category","embeddable":true,"href":"https:\/\/contextoanalisisperiodistico.com\/index.php\/wp-json\/wp\/v2\/categories?post=36652"},{"taxonomy":"post_tag","embeddable":true,"href":"https:\/\/contextoanalisisperiodistico.com\/index.php\/wp-json\/wp\/v2\/tags?post=36652"}],"curies":[{"name":"wp","href":"https:\/\/api.w.org\/{rel}","templated":true}]}}