{"id":36642,"date":"2025-01-30T21:03:20","date_gmt":"2025-01-31T03:03:20","guid":{"rendered":"https:\/\/contextoanalisisperiodistico.com\/index.php\/2025\/01\/30\/fortalece-gobierno-de-oaxaca-acciones-para-garantizar-la-seguridad-en-san-juan-bautista-tuxtepec\/"},"modified":"2025-01-30T21:04:01","modified_gmt":"2025-01-31T03:04:01","slug":"fortalece-gobierno-de-oaxaca-acciones-para-garantizar-la-seguridad-en-san-juan-bautista-tuxtepec","status":"publish","type":"post","link":"https:\/\/contextoanalisisperiodistico.com\/index.php\/2025\/01\/30\/fortalece-gobierno-de-oaxaca-acciones-para-garantizar-la-seguridad-en-san-juan-bautista-tuxtepec\/","title":{"rendered":"Fortalece Gobierno de Oaxaca acciones para garantizar la seguridad en&nbsp; Tuxtepec"},"content":{"rendered":"<div id=\"fb-root\"><\/div>\n\n<p>\u2022 Encabezados por el titular de la Sego, representantes de las instancias de seguridad de los tres \u00f3rdenes de gobierno acordaron incrementar su presencia en este municipio<\/p>\n\n\n\n<figure class=\"wp-block-image size-large\"><img fetchpriority=\"high\" decoding=\"async\" width=\"1024\" height=\"768\" src=\"https:\/\/contextoanalisisperiodistico.com\/wp-content\/uploads\/2025\/01\/img-20250130-wa01675535231312619892392-1024x768.jpg\" alt=\"\" class=\"wp-image-36641\" srcset=\"https:\/\/contextoanalisisperiodistico.com\/wp-content\/uploads\/2025\/01\/img-20250130-wa01675535231312619892392-1024x768.jpg 1024w, https:\/\/contextoanalisisperiodistico.com\/wp-content\/uploads\/2025\/01\/img-20250130-wa01675535231312619892392-300x225.jpg 300w, https:\/\/contextoanalisisperiodistico.com\/wp-content\/uploads\/2025\/01\/img-20250130-wa01675535231312619892392-768x576.jpg 768w, https:\/\/contextoanalisisperiodistico.com\/wp-content\/uploads\/2025\/01\/img-20250130-wa01675535231312619892392.jpg 1280w\" sizes=\"(max-width: 1024px) 100vw, 1024px\" \/><\/figure>\n\n\n\n<p>San Juan Bautista Tuxtepec, Oax. 30 de enero de 2025. Junto a autoridades y representantes de los tres \u00f3rdenes de gobierno, la Secretar\u00eda de Seguridad y Protecci\u00f3n Ciudadana (SSPC) acord\u00f3 redoblar esfuerzos para garantizar la gobernabilidad, la paz y la tranquilidad en este municipio de la Cuenca del Papaloapan.<\/p>\n\n\n\n<p>Durante un encuentro encabezado por el titular de la Secretar\u00eda de Gobierno (Sego), Jes\u00fas Romero L\u00f3pez, en representaci\u00f3n del Gobernador Salom\u00f3n Jara Cruz, se patentiz\u00f3 el compromiso de la Presidenta Claudia Sheinbaum Pardo con el bienestar y tranquilidad del pueblo tuxtepecano.<\/p>\n\n\n\n<p>Mandos de la Secretar\u00eda de la Defensa Nacional (Defensa), Secretar\u00eda de Marina (Semar), Guardia Nacional (GN), Fiscal\u00eda General de la Rep\u00fablica (FGR), Fiscal\u00eda General del Estado de Oaxaca (FGEO), Polic\u00eda Estatal y Polic\u00eda Municipal, definieron los trabajos a realizar para fortalecer su presencia en la zona.<\/p>\n\n\n\n<p>Con una estrategia basada en la suma de esfuerzos, los gobiernos federal, estatal y municipal hacen frente a la delincuencia y despliegan acciones contundentes para garantizar la seguridad de la ciudadan\u00eda.<\/p>\n\n\n\n<p>-0-<\/p>\n","protected":false},"excerpt":{"rendered":"<p>\u2022 Encabezados por el titular de la Sego, representantes de las instancias de seguridad de&#8230;<\/p>\n","protected":false},"author":4,"featured_media":36640,"comment_status":"closed","ping_status":"open","sticky":false,"template":"","format":"standard","meta":{"footnotes":""},"categories":[9],"tags":[],"jetpack_sharing_enabled":true,"featured_image_urls":{"full":["https:\/\/contextoanalisisperiodistico.com\/wp-content\/uploads\/2025\/01\/IMG-20250130-WA0166.jpg",904,537,false],"thumbnail":["https:\/\/contextoanalisisperiodistico.com\/wp-content\/uploads\/2025\/01\/IMG-20250130-WA0166-150x150.jpg",150,150,true],"medium":["https:\/\/contextoanalisisperiodistico.com\/wp-content\/uploads\/2025\/01\/IMG-20250130-WA0166-300x178.jpg",300,178,true],"medium_large":["https:\/\/contextoanalisisperiodistico.com\/wp-content\/uploads\/2025\/01\/IMG-20250130-WA0166-768x456.jpg",640,380,true],"large":["https:\/\/contextoanalisisperiodistico.com\/wp-content\/uploads\/2025\/01\/IMG-20250130-WA0166.jpg",640,380,false],"1536x1536":["https:\/\/contextoanalisisperiodistico.com\/wp-content\/uploads\/2025\/01\/IMG-20250130-WA0166.jpg",904,537,false],"2048x2048":["https:\/\/contextoanalisisperiodistico.com\/wp-content\/uploads\/2025\/01\/IMG-20250130-WA0166.jpg",904,537,false],"covernews-slider-full":["https:\/\/contextoanalisisperiodistico.com\/wp-content\/uploads\/2025\/01\/IMG-20250130-WA0166.jpg",904,537,false],"covernews-slider-center":["https:\/\/contextoanalisisperiodistico.com\/wp-content\/uploads\/2025\/01\/IMG-20250130-WA0166-800x500.jpg",800,500,true],"covernews-featured":["https:\/\/contextoanalisisperiodistico.com\/wp-content\/uploads\/2025\/01\/IMG-20250130-WA0166.jpg",904,537,false],"covernews-medium":["https:\/\/contextoanalisisperiodistico.com\/wp-content\/uploads\/2025\/01\/IMG-20250130-WA0166-540x340.jpg",540,340,true],"covernews-medium-square":["https:\/\/contextoanalisisperiodistico.com\/wp-content\/uploads\/2025\/01\/IMG-20250130-WA0166-400x250.jpg",400,250,true]},"author_info":{"display_name":"Mario Gir\u00f3n","author_link":"https:\/\/contextoanalisisperiodistico.com\/index.php\/author\/director\/"},"category_info":"<a href=\"https:\/\/contextoanalisisperiodistico.com\/index.php\/category\/politica\/\" rel=\"category tag\">Pol\u00edtica<\/a>","tag_info":"Pol\u00edtica","comment_count":"0","jetpack_featured_media_url":"https:\/\/contextoanalisisperiodistico.com\/wp-content\/uploads\/2025\/01\/IMG-20250130-WA0166.jpg","_links":{"self":[{"href":"https:\/\/contextoanalisisperiodistico.com\/index.php\/wp-json\/wp\/v2\/posts\/36642"}],"collection":[{"href":"https:\/\/contextoanalisisperiodistico.com\/index.php\/wp-json\/wp\/v2\/posts"}],"about":[{"href":"https:\/\/contextoanalisisperiodistico.com\/index.php\/wp-json\/wp\/v2\/types\/post"}],"author":[{"embeddable":true,"href":"https:\/\/contextoanalisisperiodistico.com\/index.php\/wp-json\/wp\/v2\/users\/4"}],"replies":[{"embeddable":true,"href":"https:\/\/contextoanalisisperiodistico.com\/index.php\/wp-json\/wp\/v2\/comments?post=36642"}],"version-history":[{"count":1,"href":"https:\/\/contextoanalisisperiodistico.com\/index.php\/wp-json\/wp\/v2\/posts\/36642\/revisions"}],"predecessor-version":[{"id":36643,"href":"https:\/\/contextoanalisisperiodistico.com\/index.php\/wp-json\/wp\/v2\/posts\/36642\/revisions\/36643"}],"wp:featuredmedia":[{"embeddable":true,"href":"https:\/\/contextoanalisisperiodistico.com\/index.php\/wp-json\/wp\/v2\/media\/36640"}],"wp:attachment":[{"href":"https:\/\/contextoanalisisperiodistico.com\/index.php\/wp-json\/wp\/v2\/media?parent=36642"}],"wp:term":[{"taxonomy":"category","embeddable":true,"href":"https:\/\/contextoanalisisperiodistico.com\/index.php\/wp-json\/wp\/v2\/categories?post=36642"},{"taxonomy":"post_tag","embeddable":true,"href":"https:\/\/contextoanalisisperiodistico.com\/index.php\/wp-json\/wp\/v2\/tags?post=36642"}],"curies":[{"name":"wp","href":"https:\/\/api.w.org\/{rel}","templated":true}]}}