{"id":36633,"date":"2025-01-30T17:46:03","date_gmt":"2025-01-30T23:46:03","guid":{"rendered":"https:\/\/contextoanalisisperiodistico.com\/index.php\/2025\/01\/30\/brinda-gobierno-del-estado-acompanamiento-a-migrantes-oaxaquenos-en-su-retorno-al-pais\/"},"modified":"2025-01-30T17:46:03","modified_gmt":"2025-01-30T23:46:03","slug":"brinda-gobierno-del-estado-acompanamiento-a-migrantes-oaxaquenos-en-su-retorno-al-pais","status":"publish","type":"post","link":"https:\/\/contextoanalisisperiodistico.com\/index.php\/2025\/01\/30\/brinda-gobierno-del-estado-acompanamiento-a-migrantes-oaxaquenos-en-su-retorno-al-pais\/","title":{"rendered":"Brinda Gobierno del Estado acompa\u00f1amiento a migrantes oaxaque\u00f1os en su retorno al pa\u00eds"},"content":{"rendered":"<div id=\"fb-root\"><\/div>\n\n<p>\u2022 A trav\u00e9s del plan de acci\u00f3n \u201cOaxaca es tu tierra\u201d que coordina la Secretar\u00eda de Gobierno se promueven los programas y servicios a quienes lo necesiten<\/p>\n\n\n\n<figure class=\"wp-block-image size-large\"><img fetchpriority=\"high\" decoding=\"async\" width=\"1024\" height=\"461\" src=\"https:\/\/contextoanalisisperiodistico.com\/wp-content\/uploads\/2025\/01\/img-20250130-wa01266334315367874581020-1024x461.jpg\" alt=\"\" class=\"wp-image-36629\" srcset=\"https:\/\/contextoanalisisperiodistico.com\/wp-content\/uploads\/2025\/01\/img-20250130-wa01266334315367874581020-1024x461.jpg 1024w, https:\/\/contextoanalisisperiodistico.com\/wp-content\/uploads\/2025\/01\/img-20250130-wa01266334315367874581020-300x135.jpg 300w, https:\/\/contextoanalisisperiodistico.com\/wp-content\/uploads\/2025\/01\/img-20250130-wa01266334315367874581020-768x346.jpg 768w, https:\/\/contextoanalisisperiodistico.com\/wp-content\/uploads\/2025\/01\/img-20250130-wa01266334315367874581020.jpg 1280w\" sizes=\"(max-width: 1024px) 100vw, 1024px\" \/><\/figure>\n\n\n\n<figure class=\"wp-block-image\"><img decoding=\"async\" width=\"1024\" height=\"768\" src=\"https:\/\/contextoanalisisperiodistico.com\/wp-content\/uploads\/2025\/01\/img-20250130-wa01277297004362848714375-1024x768.jpg\" alt=\"\" class=\"wp-image-36632\" srcset=\"https:\/\/contextoanalisisperiodistico.com\/wp-content\/uploads\/2025\/01\/img-20250130-wa01277297004362848714375-1024x768.jpg 1024w, https:\/\/contextoanalisisperiodistico.com\/wp-content\/uploads\/2025\/01\/img-20250130-wa01277297004362848714375-300x225.jpg 300w, https:\/\/contextoanalisisperiodistico.com\/wp-content\/uploads\/2025\/01\/img-20250130-wa01277297004362848714375-768x576.jpg 768w, https:\/\/contextoanalisisperiodistico.com\/wp-content\/uploads\/2025\/01\/img-20250130-wa01277297004362848714375.jpg 1280w\" sizes=\"(max-width: 1024px) 100vw, 1024px\" \/><\/figure>\n\n\n\n<figure class=\"wp-block-image\"><img decoding=\"async\" width=\"1024\" height=\"768\" src=\"https:\/\/contextoanalisisperiodistico.com\/wp-content\/uploads\/2025\/01\/img-20250130-wa01305332321058556692923-1024x768.jpg\" alt=\"\" class=\"wp-image-36630\" srcset=\"https:\/\/contextoanalisisperiodistico.com\/wp-content\/uploads\/2025\/01\/img-20250130-wa01305332321058556692923-1024x768.jpg 1024w, https:\/\/contextoanalisisperiodistico.com\/wp-content\/uploads\/2025\/01\/img-20250130-wa01305332321058556692923-300x225.jpg 300w, https:\/\/contextoanalisisperiodistico.com\/wp-content\/uploads\/2025\/01\/img-20250130-wa01305332321058556692923-768x576.jpg 768w, https:\/\/contextoanalisisperiodistico.com\/wp-content\/uploads\/2025\/01\/img-20250130-wa01305332321058556692923.jpg 1280w\" sizes=\"(max-width: 1024px) 100vw, 1024px\" \/><\/figure>\n\n\n\n<figure class=\"wp-block-image\"><img loading=\"lazy\" decoding=\"async\" width=\"768\" height=\"1024\" src=\"https:\/\/contextoanalisisperiodistico.com\/wp-content\/uploads\/2025\/01\/img-20250130-wa01288792670736609734822-768x1024.jpg\" alt=\"\" class=\"wp-image-36631\" srcset=\"https:\/\/contextoanalisisperiodistico.com\/wp-content\/uploads\/2025\/01\/img-20250130-wa01288792670736609734822-768x1024.jpg 768w, https:\/\/contextoanalisisperiodistico.com\/wp-content\/uploads\/2025\/01\/img-20250130-wa01288792670736609734822-225x300.jpg 225w, https:\/\/contextoanalisisperiodistico.com\/wp-content\/uploads\/2025\/01\/img-20250130-wa01288792670736609734822.jpg 960w\" sizes=\"(max-width: 768px) 100vw, 768px\" \/><\/figure>\n\n\n\n<p>Oaxaca de Ju\u00e1rez, Oax. 30 de enero de 2025.- Mediante el plan de acci\u00f3n \u201cOaxaca es tu tierra\u201d, el Gobierno del Estado que encabeza Salom\u00f3n Jara Cruz responde a las necesidades de las y los oaxaque\u00f1os en situaci\u00f3n de retorno a la Rep\u00fablica Mexicana, para salvaguardar sus derechos humanos.<\/p>\n\n\n\n<p>Bajo la coordinaci\u00f3n de la Secretar\u00eda de Gobierno (Sego), esta iniciativa incluye la implementaci\u00f3n de diversos programas y servicios para brindar atenci\u00f3n a esta comunidad.<\/p>\n\n\n\n<p>A trav\u00e9s de la Subsecretar\u00eda de Migraci\u00f3n y Poblaci\u00f3n de la Sego, se instal\u00f3 un m\u00f3dulo en la Garita de El Chaparral, en la ciudad de Tijuana, Baja California, para brindar acompa\u00f1amiento a quienes lo requieran.<\/p>\n\n\n\n<p>Tambi\u00e9n se promueve el acceso a programas estatales y federales, as\u00ed como la gratuidad y simplificaci\u00f3n en servicios a las y los oaxaque\u00f1os que se encuentran en diversos albergues de Tijuana, a trav\u00e9s de oficinas virtuales de Oaxaca.<\/p>\n\n\n\n<p>En atenci\u00f3n a la salud, las oficinas de Comunidad Acompa\u00f1amiento, Valores, Educaci\u00f3n y Salud (AVES) Tijuana, ofrece orientaci\u00f3n psicol\u00f3gica y m\u00e9dica, as\u00ed como de primeros auxilios.<\/p>\n\n\n\n<p>De esta manera, se cumple con la instrucci\u00f3n del Mandatario Estatal, Salom\u00f3n Jara, de acompa\u00f1ar, guiar y brindar atenci\u00f3n integral a las familias que lo necesiten en su regreso al pa\u00eds.<\/p>\n\n\n\n<p>-0-<\/p>\n","protected":false},"excerpt":{"rendered":"<p>\u2022 A trav\u00e9s del plan de acci\u00f3n \u201cOaxaca es tu tierra\u201d que coordina la Secretar\u00eda&#8230;<\/p>\n","protected":false},"author":4,"featured_media":36628,"comment_status":"","ping_status":"open","sticky":false,"template":"","format":"standard","meta":{"footnotes":""},"categories":[9],"tags":[],"jetpack_sharing_enabled":true,"featured_image_urls":{"full":["https:\/\/contextoanalisisperiodistico.com\/wp-content\/uploads\/2025\/01\/IMG-20250130-WA0129.jpg",1280,960,false],"thumbnail":["https:\/\/contextoanalisisperiodistico.com\/wp-content\/uploads\/2025\/01\/IMG-20250130-WA0129-150x150.jpg",150,150,true],"medium":["https:\/\/contextoanalisisperiodistico.com\/wp-content\/uploads\/2025\/01\/IMG-20250130-WA0129-300x225.jpg",300,225,true],"medium_large":["https:\/\/contextoanalisisperiodistico.com\/wp-content\/uploads\/2025\/01\/IMG-20250130-WA0129-768x576.jpg",640,480,true],"large":["https:\/\/contextoanalisisperiodistico.com\/wp-content\/uploads\/2025\/01\/IMG-20250130-WA0129-1024x768.jpg",640,480,true],"1536x1536":["https:\/\/contextoanalisisperiodistico.com\/wp-content\/uploads\/2025\/01\/IMG-20250130-WA0129.jpg",1280,960,false],"2048x2048":["https:\/\/contextoanalisisperiodistico.com\/wp-content\/uploads\/2025\/01\/IMG-20250130-WA0129.jpg",1280,960,false],"covernews-slider-full":["https:\/\/contextoanalisisperiodistico.com\/wp-content\/uploads\/2025\/01\/IMG-20250130-WA0129-1115x715.jpg",1115,715,true],"covernews-slider-center":["https:\/\/contextoanalisisperiodistico.com\/wp-content\/uploads\/2025\/01\/IMG-20250130-WA0129-800x500.jpg",800,500,true],"covernews-featured":["https:\/\/contextoanalisisperiodistico.com\/wp-content\/uploads\/2025\/01\/IMG-20250130-WA0129-1024x768.jpg",1024,768,true],"covernews-medium":["https:\/\/contextoanalisisperiodistico.com\/wp-content\/uploads\/2025\/01\/IMG-20250130-WA0129-540x340.jpg",540,340,true],"covernews-medium-square":["https:\/\/contextoanalisisperiodistico.com\/wp-content\/uploads\/2025\/01\/IMG-20250130-WA0129-400x250.jpg",400,250,true]},"author_info":{"display_name":"Mario Gir\u00f3n","author_link":"https:\/\/contextoanalisisperiodistico.com\/index.php\/author\/director\/"},"category_info":"<a href=\"https:\/\/contextoanalisisperiodistico.com\/index.php\/category\/politica\/\" rel=\"category tag\">Pol\u00edtica<\/a>","tag_info":"Pol\u00edtica","comment_count":"0","jetpack_featured_media_url":"https:\/\/contextoanalisisperiodistico.com\/wp-content\/uploads\/2025\/01\/IMG-20250130-WA0129.jpg","_links":{"self":[{"href":"https:\/\/contextoanalisisperiodistico.com\/index.php\/wp-json\/wp\/v2\/posts\/36633"}],"collection":[{"href":"https:\/\/contextoanalisisperiodistico.com\/index.php\/wp-json\/wp\/v2\/posts"}],"about":[{"href":"https:\/\/contextoanalisisperiodistico.com\/index.php\/wp-json\/wp\/v2\/types\/post"}],"author":[{"embeddable":true,"href":"https:\/\/contextoanalisisperiodistico.com\/index.php\/wp-json\/wp\/v2\/users\/4"}],"replies":[{"embeddable":true,"href":"https:\/\/contextoanalisisperiodistico.com\/index.php\/wp-json\/wp\/v2\/comments?post=36633"}],"version-history":[{"count":0,"href":"https:\/\/contextoanalisisperiodistico.com\/index.php\/wp-json\/wp\/v2\/posts\/36633\/revisions"}],"wp:featuredmedia":[{"embeddable":true,"href":"https:\/\/contextoanalisisperiodistico.com\/index.php\/wp-json\/wp\/v2\/media\/36628"}],"wp:attachment":[{"href":"https:\/\/contextoanalisisperiodistico.com\/index.php\/wp-json\/wp\/v2\/media?parent=36633"}],"wp:term":[{"taxonomy":"category","embeddable":true,"href":"https:\/\/contextoanalisisperiodistico.com\/index.php\/wp-json\/wp\/v2\/categories?post=36633"},{"taxonomy":"post_tag","embeddable":true,"href":"https:\/\/contextoanalisisperiodistico.com\/index.php\/wp-json\/wp\/v2\/tags?post=36633"}],"curies":[{"name":"wp","href":"https:\/\/api.w.org\/{rel}","templated":true}]}}