{"id":36609,"date":"2025-01-30T14:57:48","date_gmt":"2025-01-30T20:57:48","guid":{"rendered":"https:\/\/contextoanalisisperiodistico.com\/index.php\/2025\/01\/30\/lucen-calles-de-la-capital-oaxaquena-rehabilitadas-con-mega-plan-de-bacheo-del-gobierno-del-estado\/"},"modified":"2025-01-30T14:57:48","modified_gmt":"2025-01-30T20:57:48","slug":"lucen-calles-de-la-capital-oaxaquena-rehabilitadas-con-mega-plan-de-bacheo-del-gobierno-del-estado","status":"publish","type":"post","link":"https:\/\/contextoanalisisperiodistico.com\/index.php\/2025\/01\/30\/lucen-calles-de-la-capital-oaxaquena-rehabilitadas-con-mega-plan-de-bacheo-del-gobierno-del-estado\/","title":{"rendered":"Lucen calles de la capital oaxaque\u00f1a rehabilitadas con Mega Plan de Bacheo del Gobierno del Estado"},"content":{"rendered":"<div id=\"fb-root\"><\/div>\n\n<ul class=\"wp-block-list\">\n<li>SIC concluye trabajos de reencarpetamiento en cuatro calles del Centro Hist\u00f3rico; adem\u00e1s, pintaron guarniciones y revisar\u00e1n alumbrado<\/li>\n<\/ul>\n\n\n\n<figure class=\"wp-block-image size-large\"><img fetchpriority=\"high\" decoding=\"async\" width=\"1024\" height=\"576\" src=\"https:\/\/contextoanalisisperiodistico.com\/wp-content\/uploads\/2025\/01\/img-20250130-wa00896098813848210166643-1024x576.jpg\" alt=\"\" class=\"wp-image-36607\" srcset=\"https:\/\/contextoanalisisperiodistico.com\/wp-content\/uploads\/2025\/01\/img-20250130-wa00896098813848210166643-1024x576.jpg 1024w, https:\/\/contextoanalisisperiodistico.com\/wp-content\/uploads\/2025\/01\/img-20250130-wa00896098813848210166643-300x169.jpg 300w, https:\/\/contextoanalisisperiodistico.com\/wp-content\/uploads\/2025\/01\/img-20250130-wa00896098813848210166643-768x432.jpg 768w, https:\/\/contextoanalisisperiodistico.com\/wp-content\/uploads\/2025\/01\/img-20250130-wa00896098813848210166643-1536x864.jpg 1536w, https:\/\/contextoanalisisperiodistico.com\/wp-content\/uploads\/2025\/01\/img-20250130-wa00896098813848210166643.jpg 1600w\" sizes=\"(max-width: 1024px) 100vw, 1024px\" \/><\/figure>\n\n\n\n<figure class=\"wp-block-image\"><img decoding=\"async\" width=\"1024\" height=\"576\" src=\"https:\/\/contextoanalisisperiodistico.com\/wp-content\/uploads\/2025\/01\/img-20250130-wa00901088756830567865868-1024x576.jpg\" alt=\"\" class=\"wp-image-36608\" srcset=\"https:\/\/contextoanalisisperiodistico.com\/wp-content\/uploads\/2025\/01\/img-20250130-wa00901088756830567865868-1024x576.jpg 1024w, https:\/\/contextoanalisisperiodistico.com\/wp-content\/uploads\/2025\/01\/img-20250130-wa00901088756830567865868-300x169.jpg 300w, https:\/\/contextoanalisisperiodistico.com\/wp-content\/uploads\/2025\/01\/img-20250130-wa00901088756830567865868-768x432.jpg 768w, https:\/\/contextoanalisisperiodistico.com\/wp-content\/uploads\/2025\/01\/img-20250130-wa00901088756830567865868-1536x864.jpg 1536w, https:\/\/contextoanalisisperiodistico.com\/wp-content\/uploads\/2025\/01\/img-20250130-wa00901088756830567865868.jpg 1600w\" sizes=\"(max-width: 1024px) 100vw, 1024px\" \/><\/figure>\n\n\n\n<p>Oaxaca de Ju\u00e1rez, Oax., 30 de enero de 2025.- En un breve tiempo, la Secretar\u00eda de Infraestructuras y Comunicaciones (SIC) concluy\u00f3 los trabajos de reencarpetamiento en las calles primera, segunda y tercera privada de Independencia, as\u00ed como en Carteros de la colonia Postal, en el Centro Hist\u00f3rico de Oaxaca de Ju\u00e1rez, que implic\u00f3 la rehabilitaci\u00f3n total de 2 mil 400 metros cuadrados de vialidad.<\/p>\n\n\n\n<p>La dependencia inform\u00f3 que, adem\u00e1s, se pintaron guarniciones y se revisar\u00e1 el sistema de alumbrado p\u00fablico para detectar alguna irregularidad que afecte el servicio.<\/p>\n\n\n\n<p>Estas vialidades fueron reconstruidas como parte del Mega Plan de Bacheo y Reencarpetamiento de la Zona Metropolitana de Oaxaca, que puso en marcha el Gobernador Salom\u00f3n Jara Cruz en coordinaci\u00f3n con los municipios de Oaxaca de Ju\u00e1rez, Santa Luc\u00eda del Camino y Santa Cruz Xoxocotl\u00e1n, y que abarca las principales v\u00edas de comunicaci\u00f3n.<\/p>\n\n\n\n<p>Los trabajos se realizaron en horario corrido, iniciando a las 9:00 horas y hasta pasada la medianoche, lo que permiti\u00f3 avanzar de manera r\u00e1pida y entregar resultados tanto a las y los vecinos de la zona como a la ciudadan\u00eda que a diario transitan por estas calles.<\/p>\n\n\n\n<p>En estas vialidades, donde inici\u00f3 el programa de reencarpetamiento el pasado 10 de enero, laboraron tres cuadrillas de 4 elementos especializados, apoyados por una asfaltadora, motoconformadora, volteos para retiro de material, as\u00ed como equipo de mano y se\u00f1alizaciones de la obra.<\/p>\n\n\n\n<p>La SIC destac\u00f3 la importancia de estas acciones sin precedente impulsadas por la Primavera Oaxaque\u00f1a, que sumar\u00e1n en total 140 kil\u00f3metros de vialidades que ser\u00e1n atendidas, aunado a los trabajos de embellecimiento de los accesos a la capital del estado; labores que responden a una a\u00f1eja demanda ciudadana.<\/p>\n\n\n\n<p>-0-<\/p>\n","protected":false},"excerpt":{"rendered":"<p>Oaxaca de Ju\u00e1rez, Oax., 30 de enero de 2025.- En un breve tiempo, la Secretar\u00eda&#8230;<\/p>\n","protected":false},"author":4,"featured_media":36606,"comment_status":"","ping_status":"open","sticky":false,"template":"","format":"standard","meta":{"footnotes":""},"categories":[3],"tags":[],"jetpack_sharing_enabled":true,"featured_image_urls":{"full":["https:\/\/contextoanalisisperiodistico.com\/wp-content\/uploads\/2025\/01\/IMG-20250130-WA0088.jpg",1600,900,false],"thumbnail":["https:\/\/contextoanalisisperiodistico.com\/wp-content\/uploads\/2025\/01\/IMG-20250130-WA0088-150x150.jpg",150,150,true],"medium":["https:\/\/contextoanalisisperiodistico.com\/wp-content\/uploads\/2025\/01\/IMG-20250130-WA0088-300x169.jpg",300,169,true],"medium_large":["https:\/\/contextoanalisisperiodistico.com\/wp-content\/uploads\/2025\/01\/IMG-20250130-WA0088-768x432.jpg",640,360,true],"large":["https:\/\/contextoanalisisperiodistico.com\/wp-content\/uploads\/2025\/01\/IMG-20250130-WA0088-1024x576.jpg",640,360,true],"1536x1536":["https:\/\/contextoanalisisperiodistico.com\/wp-content\/uploads\/2025\/01\/IMG-20250130-WA0088-1536x864.jpg",1536,864,true],"2048x2048":["https:\/\/contextoanalisisperiodistico.com\/wp-content\/uploads\/2025\/01\/IMG-20250130-WA0088.jpg",1600,900,false],"covernews-slider-full":["https:\/\/contextoanalisisperiodistico.com\/wp-content\/uploads\/2025\/01\/IMG-20250130-WA0088-1115x715.jpg",1115,715,true],"covernews-slider-center":["https:\/\/contextoanalisisperiodistico.com\/wp-content\/uploads\/2025\/01\/IMG-20250130-WA0088-800x500.jpg",800,500,true],"covernews-featured":["https:\/\/contextoanalisisperiodistico.com\/wp-content\/uploads\/2025\/01\/IMG-20250130-WA0088-1024x576.jpg",1024,576,true],"covernews-medium":["https:\/\/contextoanalisisperiodistico.com\/wp-content\/uploads\/2025\/01\/IMG-20250130-WA0088-540x340.jpg",540,340,true],"covernews-medium-square":["https:\/\/contextoanalisisperiodistico.com\/wp-content\/uploads\/2025\/01\/IMG-20250130-WA0088-400x250.jpg",400,250,true]},"author_info":{"display_name":"Mario Gir\u00f3n","author_link":"https:\/\/contextoanalisisperiodistico.com\/index.php\/author\/director\/"},"category_info":"<a href=\"https:\/\/contextoanalisisperiodistico.com\/index.php\/category\/ciudad\/\" rel=\"category tag\">Ciudad<\/a>","tag_info":"Ciudad","comment_count":"0","jetpack_featured_media_url":"https:\/\/contextoanalisisperiodistico.com\/wp-content\/uploads\/2025\/01\/IMG-20250130-WA0088.jpg","_links":{"self":[{"href":"https:\/\/contextoanalisisperiodistico.com\/index.php\/wp-json\/wp\/v2\/posts\/36609"}],"collection":[{"href":"https:\/\/contextoanalisisperiodistico.com\/index.php\/wp-json\/wp\/v2\/posts"}],"about":[{"href":"https:\/\/contextoanalisisperiodistico.com\/index.php\/wp-json\/wp\/v2\/types\/post"}],"author":[{"embeddable":true,"href":"https:\/\/contextoanalisisperiodistico.com\/index.php\/wp-json\/wp\/v2\/users\/4"}],"replies":[{"embeddable":true,"href":"https:\/\/contextoanalisisperiodistico.com\/index.php\/wp-json\/wp\/v2\/comments?post=36609"}],"version-history":[{"count":0,"href":"https:\/\/contextoanalisisperiodistico.com\/index.php\/wp-json\/wp\/v2\/posts\/36609\/revisions"}],"wp:featuredmedia":[{"embeddable":true,"href":"https:\/\/contextoanalisisperiodistico.com\/index.php\/wp-json\/wp\/v2\/media\/36606"}],"wp:attachment":[{"href":"https:\/\/contextoanalisisperiodistico.com\/index.php\/wp-json\/wp\/v2\/media?parent=36609"}],"wp:term":[{"taxonomy":"category","embeddable":true,"href":"https:\/\/contextoanalisisperiodistico.com\/index.php\/wp-json\/wp\/v2\/categories?post=36609"},{"taxonomy":"post_tag","embeddable":true,"href":"https:\/\/contextoanalisisperiodistico.com\/index.php\/wp-json\/wp\/v2\/tags?post=36609"}],"curies":[{"name":"wp","href":"https:\/\/api.w.org\/{rel}","templated":true}]}}