{"id":36599,"date":"2025-01-30T12:08:00","date_gmt":"2025-01-30T18:08:00","guid":{"rendered":"https:\/\/contextoanalisisperiodistico.com\/index.php\/2025\/01\/30\/vecinas-y-vecinos-de-san-juan-chapultepec-beneficiados-con-la-jornada-cayapadu-lii\/"},"modified":"2025-01-30T12:08:00","modified_gmt":"2025-01-30T18:08:00","slug":"vecinas-y-vecinos-de-san-juan-chapultepec-beneficiados-con-la-jornada-cayapadu-lii","status":"publish","type":"post","link":"https:\/\/contextoanalisisperiodistico.com\/index.php\/2025\/01\/30\/vecinas-y-vecinos-de-san-juan-chapultepec-beneficiados-con-la-jornada-cayapadu-lii\/","title":{"rendered":"Vecinas y vecinos de San Juan Chapultepec&nbsp; beneficiados con la jornada Cayapadu Lii"},"content":{"rendered":"<div id=\"fb-root\"><\/div>\n\n<p>\u2022El Gobierno Municipal, encabezado por Ray Chagoya, mantiene presencia en esta acci\u00f3n realizada en coordinaci\u00f3n con el Gobierno del Estado.<\/p>\n\n\n\n<p>Oaxaca de Ju\u00e1rez, Oax., 30 de enero de 2025. \u2013 La jornada Cayapadu Lii: Te estamos cuidando, cumple con su objetivo de brindar diversos servicios en las agencias municipales con mayor rezago, como San Juan Chapultepec, donde se llev\u00f3 a cabo este d\u00eda para atender a vecinas y vecinos que requieren distintas atenciones.<\/p>\n\n\n\n<p>Al respecto, el presidente municipal, Ray Chagoya, inform\u00f3 que estas jornadas buscan atender las causas de la inseguridad, llevando la atenci\u00f3n de 40 dependencias de los gobiernos estatal y municipal, con \u00e9nfasis en la salud, la prevenci\u00f3n del delito, la promoci\u00f3n de actividades deportivas y la ocupaci\u00f3n laboral de la poblaci\u00f3n.<\/p>\n\n\n\n<p>En Cayapadu Lii se tramitan actas de nacimiento, afiliaciones al IMSS-Bienestar, se brindan atenciones m\u00e9dicas, se aplican vacunas contra la influenza, se otorgan cartillas de salud y se realizan pruebas de VIH.<\/p>\n\n\n\n<p>De acuerdo con la Secretar\u00eda de Bienestar, Tequio e Inclusi\u00f3n (Sebienti) del Gobierno del Estado, Cayapadu Lii tuvo una cobertura de 6,957 hogares en 37 colonias de la agencia municipal de San Mart\u00edn Mexicapam de C\u00e1rdenas, en Oaxaca de Ju\u00e1rez, durante los d\u00edas en que se llev\u00f3 a cabo.<\/p>\n\n\n\n<p>En total, 300 brigadistas Sembradoras y Sembradores de Paz recorrieron casa por casa para registrar las necesidades de la poblaci\u00f3n.<\/p>\n\n\n\n<p>Esta jornada continuar\u00e1 el 31 de enero en San Juan Chapultepec, en un horario de 9:00 a 15:00 horas.<\/p>\n","protected":false},"excerpt":{"rendered":"<p>\u2022El Gobierno Municipal, encabezado por Ray Chagoya, mantiene presencia en esta acci\u00f3n realizada en coordinaci\u00f3n&#8230;<\/p>\n","protected":false},"author":4,"featured_media":36598,"comment_status":"","ping_status":"open","sticky":false,"template":"","format":"standard","meta":{"footnotes":""},"categories":[9],"tags":[178,235,234,45],"jetpack_sharing_enabled":true,"featured_image_urls":{"full":["https:\/\/contextoanalisisperiodistico.com\/wp-content\/uploads\/2025\/01\/IMG_20250130_121122.jpg",691,492,false],"thumbnail":["https:\/\/contextoanalisisperiodistico.com\/wp-content\/uploads\/2025\/01\/IMG_20250130_121122-150x150.jpg",150,150,true],"medium":["https:\/\/contextoanalisisperiodistico.com\/wp-content\/uploads\/2025\/01\/IMG_20250130_121122-300x214.jpg",300,214,true],"medium_large":["https:\/\/contextoanalisisperiodistico.com\/wp-content\/uploads\/2025\/01\/IMG_20250130_121122.jpg",640,456,false],"large":["https:\/\/contextoanalisisperiodistico.com\/wp-content\/uploads\/2025\/01\/IMG_20250130_121122.jpg",640,456,false],"1536x1536":["https:\/\/contextoanalisisperiodistico.com\/wp-content\/uploads\/2025\/01\/IMG_20250130_121122.jpg",691,492,false],"2048x2048":["https:\/\/contextoanalisisperiodistico.com\/wp-content\/uploads\/2025\/01\/IMG_20250130_121122.jpg",691,492,false],"covernews-slider-full":["https:\/\/contextoanalisisperiodistico.com\/wp-content\/uploads\/2025\/01\/IMG_20250130_121122.jpg",691,492,false],"covernews-slider-center":["https:\/\/contextoanalisisperiodistico.com\/wp-content\/uploads\/2025\/01\/IMG_20250130_121122.jpg",691,492,false],"covernews-featured":["https:\/\/contextoanalisisperiodistico.com\/wp-content\/uploads\/2025\/01\/IMG_20250130_121122.jpg",691,492,false],"covernews-medium":["https:\/\/contextoanalisisperiodistico.com\/wp-content\/uploads\/2025\/01\/IMG_20250130_121122-540x340.jpg",540,340,true],"covernews-medium-square":["https:\/\/contextoanalisisperiodistico.com\/wp-content\/uploads\/2025\/01\/IMG_20250130_121122-400x250.jpg",400,250,true]},"author_info":{"display_name":"Mario Gir\u00f3n","author_link":"https:\/\/contextoanalisisperiodistico.com\/index.php\/author\/director\/"},"category_info":"<a href=\"https:\/\/contextoanalisisperiodistico.com\/index.php\/category\/politica\/\" rel=\"category tag\">Pol\u00edtica<\/a>","tag_info":"Pol\u00edtica","comment_count":"0","jetpack_featured_media_url":"https:\/\/contextoanalisisperiodistico.com\/wp-content\/uploads\/2025\/01\/IMG_20250130_121122.jpg","_links":{"self":[{"href":"https:\/\/contextoanalisisperiodistico.com\/index.php\/wp-json\/wp\/v2\/posts\/36599"}],"collection":[{"href":"https:\/\/contextoanalisisperiodistico.com\/index.php\/wp-json\/wp\/v2\/posts"}],"about":[{"href":"https:\/\/contextoanalisisperiodistico.com\/index.php\/wp-json\/wp\/v2\/types\/post"}],"author":[{"embeddable":true,"href":"https:\/\/contextoanalisisperiodistico.com\/index.php\/wp-json\/wp\/v2\/users\/4"}],"replies":[{"embeddable":true,"href":"https:\/\/contextoanalisisperiodistico.com\/index.php\/wp-json\/wp\/v2\/comments?post=36599"}],"version-history":[{"count":0,"href":"https:\/\/contextoanalisisperiodistico.com\/index.php\/wp-json\/wp\/v2\/posts\/36599\/revisions"}],"wp:featuredmedia":[{"embeddable":true,"href":"https:\/\/contextoanalisisperiodistico.com\/index.php\/wp-json\/wp\/v2\/media\/36598"}],"wp:attachment":[{"href":"https:\/\/contextoanalisisperiodistico.com\/index.php\/wp-json\/wp\/v2\/media?parent=36599"}],"wp:term":[{"taxonomy":"category","embeddable":true,"href":"https:\/\/contextoanalisisperiodistico.com\/index.php\/wp-json\/wp\/v2\/categories?post=36599"},{"taxonomy":"post_tag","embeddable":true,"href":"https:\/\/contextoanalisisperiodistico.com\/index.php\/wp-json\/wp\/v2\/tags?post=36599"}],"curies":[{"name":"wp","href":"https:\/\/api.w.org\/{rel}","templated":true}]}}