{"id":36568,"date":"2025-01-29T18:17:01","date_gmt":"2025-01-30T00:17:01","guid":{"rendered":"https:\/\/contextoanalisisperiodistico.com\/index.php\/2025\/01\/29\/refuerzan-sso-y-beneficencia-publica-suministro-de-medicamentos-en-hospital-aurelio-valdivieso\/"},"modified":"2025-01-29T18:17:01","modified_gmt":"2025-01-30T00:17:01","slug":"refuerzan-sso-y-beneficencia-publica-suministro-de-medicamentos-en-hospital-aurelio-valdivieso","status":"publish","type":"post","link":"https:\/\/contextoanalisisperiodistico.com\/index.php\/2025\/01\/29\/refuerzan-sso-y-beneficencia-publica-suministro-de-medicamentos-en-hospital-aurelio-valdivieso\/","title":{"rendered":"Refuerzan SSO y Beneficencia P\u00fablica suministro de medicamentos en Hospital Aurelio Valdivieso"},"content":{"rendered":"<div id=\"fb-root\"><\/div>\n\n<p>\u2022 Se entregaron 43 claves de f\u00e1rmacos, con un total de 61 mil 796 piezas<\/p>\n\n\n\n<p>\u2022 La remesa ser\u00e1 esencial para la atenci\u00f3n obst\u00e9trica de la unidad m\u00e9dica<\/p>\n\n\n\n<p>Oaxaca de Ju\u00e1rez, Oax. 29 de enero de 2025.- Servicios de Salud de Oaxaca (SSO) y la Administraci\u00f3n del Patrimonio de la Beneficencia P\u00fablica del Estado de Oaxaca (APBP) suman esfuerzos para fortalecer el suministro de medicamentos en el Hospital General Doctor Aurelio Valdivieso IMSS-BIENESTAR, con la entrega de 43 claves de f\u00e1rmacos, que representa un total de 61 mil 796 piezas.<\/p>\n\n\n\n<p>La Direcci\u00f3n de Atenci\u00f3n M\u00e9dica de los SSO recibi\u00f3 esta donaci\u00f3n de medicamentos prioritarios, que ser\u00e1n fundamentales para la atenci\u00f3n obst\u00e9trica en este centro m\u00e9dico. Entre los insumos entregados se encuentran carbetocina, misoprostol, antibi\u00f3ticos de amplio espectro y analg\u00e9sicos como bupivaca\u00edna, indispensables para la seguridad y el bienestar de las pacientes.<\/p>\n\n\n\n<p>El Gobernador Salom\u00f3n Jara Cruz y el encargado de despacho de los Servicios de Salud de Oaxaca (SSO), Efr\u00e9n Emmanuel Jarqu\u00edn Gonz\u00e1lez reafirman su compromiso con la poblaci\u00f3n oaxaque\u00f1a, mediante el impulso de acciones para fortalecer los servicios m\u00e9dicos en unidades de alta demanda, como el Hospital General Doctor Aurelio Valdivieso, que en este 2025 cumple 60 a\u00f1os de servicio y atiende en promedio de 8 a 10 partos diarios.<\/p>\n\n\n\n<p>SSO agradeci\u00f3 al director general de la APBP, Ulises Caballero Navarro por el compromiso con la salud de la poblaci\u00f3n m\u00e1s vulnerable y el apoyo para lograr esta importante donaci\u00f3n.<\/p>\n\n\n\n<p>La dependencia contin\u00faa trabajando en la semaforizaci\u00f3n de necesidades en las seis Jurisdicciones Sanitarias para mejorar la distribuci\u00f3n de insumos m\u00e9dicos y garantizar el acceso oportuno a los medicamentos en todas las unidades de salud del estado.<br \/>-0-<\/p>\n\n\n\n<figure class=\"wp-block-image size-large\"><img fetchpriority=\"high\" decoding=\"async\" width=\"1024\" height=\"682\" src=\"https:\/\/contextoanalisisperiodistico.com\/wp-content\/uploads\/2025\/01\/img-20250129-wa01568460850274486396669-1024x682.jpg\" alt=\"\" class=\"wp-image-36567\" srcset=\"https:\/\/contextoanalisisperiodistico.com\/wp-content\/uploads\/2025\/01\/img-20250129-wa01568460850274486396669-1024x682.jpg 1024w, https:\/\/contextoanalisisperiodistico.com\/wp-content\/uploads\/2025\/01\/img-20250129-wa01568460850274486396669-300x200.jpg 300w, https:\/\/contextoanalisisperiodistico.com\/wp-content\/uploads\/2025\/01\/img-20250129-wa01568460850274486396669-768x512.jpg 768w, https:\/\/contextoanalisisperiodistico.com\/wp-content\/uploads\/2025\/01\/img-20250129-wa01568460850274486396669-1536x1023.jpg 1536w, https:\/\/contextoanalisisperiodistico.com\/wp-content\/uploads\/2025\/01\/img-20250129-wa01568460850274486396669.jpg 1600w\" sizes=\"(max-width: 1024px) 100vw, 1024px\" \/><\/figure>\n\n\n\n<figure class=\"wp-block-image\"><img decoding=\"async\" width=\"1024\" height=\"682\" src=\"https:\/\/contextoanalisisperiodistico.com\/wp-content\/uploads\/2025\/01\/img-20250129-wa01534864825693167635087-1024x682.jpg\" alt=\"\" class=\"wp-image-36564\" srcset=\"https:\/\/contextoanalisisperiodistico.com\/wp-content\/uploads\/2025\/01\/img-20250129-wa01534864825693167635087-1024x682.jpg 1024w, https:\/\/contextoanalisisperiodistico.com\/wp-content\/uploads\/2025\/01\/img-20250129-wa01534864825693167635087-300x200.jpg 300w, https:\/\/contextoanalisisperiodistico.com\/wp-content\/uploads\/2025\/01\/img-20250129-wa01534864825693167635087-768x512.jpg 768w, https:\/\/contextoanalisisperiodistico.com\/wp-content\/uploads\/2025\/01\/img-20250129-wa01534864825693167635087-1536x1023.jpg 1536w, https:\/\/contextoanalisisperiodistico.com\/wp-content\/uploads\/2025\/01\/img-20250129-wa01534864825693167635087.jpg 1600w\" sizes=\"(max-width: 1024px) 100vw, 1024px\" \/><\/figure>\n\n\n\n<figure class=\"wp-block-image\"><img decoding=\"async\" width=\"1024\" height=\"682\" src=\"https:\/\/contextoanalisisperiodistico.com\/wp-content\/uploads\/2025\/01\/img-20250129-wa01541317905932271472019-1024x682.jpg\" alt=\"\" class=\"wp-image-36566\" srcset=\"https:\/\/contextoanalisisperiodistico.com\/wp-content\/uploads\/2025\/01\/img-20250129-wa01541317905932271472019-1024x682.jpg 1024w, https:\/\/contextoanalisisperiodistico.com\/wp-content\/uploads\/2025\/01\/img-20250129-wa01541317905932271472019-300x200.jpg 300w, https:\/\/contextoanalisisperiodistico.com\/wp-content\/uploads\/2025\/01\/img-20250129-wa01541317905932271472019-768x512.jpg 768w, https:\/\/contextoanalisisperiodistico.com\/wp-content\/uploads\/2025\/01\/img-20250129-wa01541317905932271472019-1536x1023.jpg 1536w, https:\/\/contextoanalisisperiodistico.com\/wp-content\/uploads\/2025\/01\/img-20250129-wa01541317905932271472019.jpg 1600w\" sizes=\"(max-width: 1024px) 100vw, 1024px\" \/><\/figure>\n\n\n\n<figure class=\"wp-block-image\"><img loading=\"lazy\" decoding=\"async\" width=\"1024\" height=\"682\" src=\"https:\/\/contextoanalisisperiodistico.com\/wp-content\/uploads\/2025\/01\/img-20250129-wa01556882726265266300545-1024x682.jpg\" alt=\"\" class=\"wp-image-36565\" srcset=\"https:\/\/contextoanalisisperiodistico.com\/wp-content\/uploads\/2025\/01\/img-20250129-wa01556882726265266300545-1024x682.jpg 1024w, https:\/\/contextoanalisisperiodistico.com\/wp-content\/uploads\/2025\/01\/img-20250129-wa01556882726265266300545-300x200.jpg 300w, https:\/\/contextoanalisisperiodistico.com\/wp-content\/uploads\/2025\/01\/img-20250129-wa01556882726265266300545-768x512.jpg 768w, https:\/\/contextoanalisisperiodistico.com\/wp-content\/uploads\/2025\/01\/img-20250129-wa01556882726265266300545-1536x1023.jpg 1536w, https:\/\/contextoanalisisperiodistico.com\/wp-content\/uploads\/2025\/01\/img-20250129-wa01556882726265266300545.jpg 1600w\" sizes=\"(max-width: 1024px) 100vw, 1024px\" \/><\/figure>\n","protected":false},"excerpt":{"rendered":"<p>\u2022 Se entregaron 43 claves de f\u00e1rmacos, con un total de 61 mil 796 piezas&#8230;<\/p>\n","protected":false},"author":4,"featured_media":36563,"comment_status":"","ping_status":"open","sticky":false,"template":"","format":"standard","meta":{"footnotes":""},"categories":[9],"tags":[],"jetpack_sharing_enabled":true,"featured_image_urls":{"full":["https:\/\/contextoanalisisperiodistico.com\/wp-content\/uploads\/2025\/01\/IMG-20250129-WA0152.jpg",1600,1066,false],"thumbnail":["https:\/\/contextoanalisisperiodistico.com\/wp-content\/uploads\/2025\/01\/IMG-20250129-WA0152-150x150.jpg",150,150,true],"medium":["https:\/\/contextoanalisisperiodistico.com\/wp-content\/uploads\/2025\/01\/IMG-20250129-WA0152-300x200.jpg",300,200,true],"medium_large":["https:\/\/contextoanalisisperiodistico.com\/wp-content\/uploads\/2025\/01\/IMG-20250129-WA0152-768x512.jpg",640,427,true],"large":["https:\/\/contextoanalisisperiodistico.com\/wp-content\/uploads\/2025\/01\/IMG-20250129-WA0152-1024x682.jpg",640,426,true],"1536x1536":["https:\/\/contextoanalisisperiodistico.com\/wp-content\/uploads\/2025\/01\/IMG-20250129-WA0152-1536x1023.jpg",1536,1023,true],"2048x2048":["https:\/\/contextoanalisisperiodistico.com\/wp-content\/uploads\/2025\/01\/IMG-20250129-WA0152.jpg",1600,1066,false],"covernews-slider-full":["https:\/\/contextoanalisisperiodistico.com\/wp-content\/uploads\/2025\/01\/IMG-20250129-WA0152-1115x715.jpg",1115,715,true],"covernews-slider-center":["https:\/\/contextoanalisisperiodistico.com\/wp-content\/uploads\/2025\/01\/IMG-20250129-WA0152-800x500.jpg",800,500,true],"covernews-featured":["https:\/\/contextoanalisisperiodistico.com\/wp-content\/uploads\/2025\/01\/IMG-20250129-WA0152-1024x682.jpg",1024,682,true],"covernews-medium":["https:\/\/contextoanalisisperiodistico.com\/wp-content\/uploads\/2025\/01\/IMG-20250129-WA0152-540x340.jpg",540,340,true],"covernews-medium-square":["https:\/\/contextoanalisisperiodistico.com\/wp-content\/uploads\/2025\/01\/IMG-20250129-WA0152-400x250.jpg",400,250,true]},"author_info":{"display_name":"Mario Gir\u00f3n","author_link":"https:\/\/contextoanalisisperiodistico.com\/index.php\/author\/director\/"},"category_info":"<a href=\"https:\/\/contextoanalisisperiodistico.com\/index.php\/category\/politica\/\" rel=\"category tag\">Pol\u00edtica<\/a>","tag_info":"Pol\u00edtica","comment_count":"0","jetpack_featured_media_url":"https:\/\/contextoanalisisperiodistico.com\/wp-content\/uploads\/2025\/01\/IMG-20250129-WA0152.jpg","_links":{"self":[{"href":"https:\/\/contextoanalisisperiodistico.com\/index.php\/wp-json\/wp\/v2\/posts\/36568"}],"collection":[{"href":"https:\/\/contextoanalisisperiodistico.com\/index.php\/wp-json\/wp\/v2\/posts"}],"about":[{"href":"https:\/\/contextoanalisisperiodistico.com\/index.php\/wp-json\/wp\/v2\/types\/post"}],"author":[{"embeddable":true,"href":"https:\/\/contextoanalisisperiodistico.com\/index.php\/wp-json\/wp\/v2\/users\/4"}],"replies":[{"embeddable":true,"href":"https:\/\/contextoanalisisperiodistico.com\/index.php\/wp-json\/wp\/v2\/comments?post=36568"}],"version-history":[{"count":0,"href":"https:\/\/contextoanalisisperiodistico.com\/index.php\/wp-json\/wp\/v2\/posts\/36568\/revisions"}],"wp:featuredmedia":[{"embeddable":true,"href":"https:\/\/contextoanalisisperiodistico.com\/index.php\/wp-json\/wp\/v2\/media\/36563"}],"wp:attachment":[{"href":"https:\/\/contextoanalisisperiodistico.com\/index.php\/wp-json\/wp\/v2\/media?parent=36568"}],"wp:term":[{"taxonomy":"category","embeddable":true,"href":"https:\/\/contextoanalisisperiodistico.com\/index.php\/wp-json\/wp\/v2\/categories?post=36568"},{"taxonomy":"post_tag","embeddable":true,"href":"https:\/\/contextoanalisisperiodistico.com\/index.php\/wp-json\/wp\/v2\/tags?post=36568"}],"curies":[{"name":"wp","href":"https:\/\/api.w.org\/{rel}","templated":true}]}}