{"id":36549,"date":"2025-01-29T14:25:55","date_gmt":"2025-01-29T20:25:55","guid":{"rendered":"https:\/\/contextoanalisisperiodistico.com\/index.php\/2025\/01\/29\/equipos-de-la-utvco-avanzan-a-la-final-de-oaxaca-emprende-2025\/"},"modified":"2025-01-29T14:25:55","modified_gmt":"2025-01-29T20:25:55","slug":"equipos-de-la-utvco-avanzan-a-la-final-de-oaxaca-emprende-2025","status":"publish","type":"post","link":"https:\/\/contextoanalisisperiodistico.com\/index.php\/2025\/01\/29\/equipos-de-la-utvco-avanzan-a-la-final-de-oaxaca-emprende-2025\/","title":{"rendered":"Equipos de la UTVCO avanzan a la final de Oaxaca Emprende 2025"},"content":{"rendered":"<div id=\"fb-root\"><\/div>\n\n<ul class=\"wp-block-list\">\n<li>Cuatro proyectos de la Universidad buscar\u00e1n alcanzar los primeros lugares en sus categor\u00edas en el concurso m\u00e1s importante en su tipo en el estado<\/li>\n<\/ul>\n\n\n\n<figure class=\"wp-block-image size-large\"><img fetchpriority=\"high\" decoding=\"async\" width=\"1024\" height=\"575\" src=\"https:\/\/contextoanalisisperiodistico.com\/wp-content\/uploads\/2025\/01\/img-20250129-wa01025987244654200667157-1024x575.jpg\" alt=\"\" class=\"wp-image-36548\" srcset=\"https:\/\/contextoanalisisperiodistico.com\/wp-content\/uploads\/2025\/01\/img-20250129-wa01025987244654200667157-1024x575.jpg 1024w, https:\/\/contextoanalisisperiodistico.com\/wp-content\/uploads\/2025\/01\/img-20250129-wa01025987244654200667157-300x168.jpg 300w, https:\/\/contextoanalisisperiodistico.com\/wp-content\/uploads\/2025\/01\/img-20250129-wa01025987244654200667157-768x431.jpg 768w, https:\/\/contextoanalisisperiodistico.com\/wp-content\/uploads\/2025\/01\/img-20250129-wa01025987244654200667157-1536x862.jpg 1536w, https:\/\/contextoanalisisperiodistico.com\/wp-content\/uploads\/2025\/01\/img-20250129-wa01025987244654200667157.jpg 1600w\" sizes=\"(max-width: 1024px) 100vw, 1024px\" \/><\/figure>\n\n\n\n<figure class=\"wp-block-image\"><img decoding=\"async\" width=\"1024\" height=\"575\" src=\"https:\/\/contextoanalisisperiodistico.com\/wp-content\/uploads\/2025\/01\/img-20250129-wa01001841626135645669336-1024x575.jpg\" alt=\"\" class=\"wp-image-36547\" srcset=\"https:\/\/contextoanalisisperiodistico.com\/wp-content\/uploads\/2025\/01\/img-20250129-wa01001841626135645669336-1024x575.jpg 1024w, https:\/\/contextoanalisisperiodistico.com\/wp-content\/uploads\/2025\/01\/img-20250129-wa01001841626135645669336-300x168.jpg 300w, https:\/\/contextoanalisisperiodistico.com\/wp-content\/uploads\/2025\/01\/img-20250129-wa01001841626135645669336-768x431.jpg 768w, https:\/\/contextoanalisisperiodistico.com\/wp-content\/uploads\/2025\/01\/img-20250129-wa01001841626135645669336-1536x862.jpg 1536w, https:\/\/contextoanalisisperiodistico.com\/wp-content\/uploads\/2025\/01\/img-20250129-wa01001841626135645669336.jpg 1600w\" sizes=\"(max-width: 1024px) 100vw, 1024px\" \/><\/figure>\n\n\n\n<p>San Pablo Huixtepec, Oax. 29 de enero de 2025.- Cuatro equipos de la Universidad Tecnol\u00f3gica de los Valles Centrales de Oaxaca (UTVCO) clasificaron a la final de la convocatoria interuniversitaria Oaxaca Emprende 2025, que es el concurso de emprendimiento m\u00e1s importante en su tipo en el estado y que re\u00fane las mejores propuestas de j\u00f3venes para impulsar la innovaci\u00f3n y el desarrollo econ\u00f3mico de la entidad.<\/p>\n\n\n\n<p>Los equipos finalistas de la UTVCO destacaron entre 142 proyectos inscritos por estudiantes de 20 universidades p\u00fablicas y privadas de Oaxaca, despu\u00e9s de cumplir con los requisitos establecidos por un comit\u00e9 evaluador, conformado por directores, coordinadores y personal docente de las instituciones participantes.<\/p>\n\n\n\n<p>Adem\u00e1s de sumar los puntos requeridos en la evaluaci\u00f3n, realizada por las y los expertos en las diversas \u00e1reas de las cinco categor\u00edas que integran el concurso y por el equipo de la Fundaci\u00f3n Multiplicaci\u00f3n de Oportunidades, que preside Gerardo Guti\u00e9rrez Candiani.<\/p>\n\n\n\n<p>Los equipos finalistas de la UTVCO de la carrera de Desarrollo de Negocios son: Mestec, en la categor\u00eda de Desarrollo Sustentable y del Medio Ambiente; Zarandy, en Desarrollo Agroalimentario Sostenible, y Reconecta, en Desarrollo de Productos de Nutrici\u00f3n y de la Salud. Adem\u00e1s, Protextec, de Dise\u00f1o Textil y Moda, en la categor\u00eda de Desarrollo de Innovaci\u00f3n, Tecnolog\u00eda y Finanzas.<\/p>\n\n\n\n<p>Los 25 equipos finalistas deber\u00e1n participar en 10 talleres de coaching empresarial que se llevar\u00e1n a cabo entre el 15 de febrero y el 8 de marzo de este a\u00f1o, con sede en diversas universidades participantes, dise\u00f1ados estrat\u00e9gicamente para fortalecer los proyectos con \u00e9nfasis en la formalizaci\u00f3n y b\u00fasqueda de financiamiento para los mismos.<\/p>\n\n\n\n<p>A las y los j\u00f3venes emprendedores se les dotar\u00e1 del conocimiento y herramientas necesarias para el desarrollo de su Producto M\u00ednimo Viable (PMV) y la creaci\u00f3n del pitch de venta, para posteriormente ser evaluados en la final del concurso a celebrarse los d\u00edas 1 y 2 de abril de este a\u00f1o.<\/p>\n\n\n\n<p>El avance de estos equipos no solo es un reflejo del talento y la creatividad de las y los estudiantes de la UTVCO, sino tambi\u00e9n del compromiso de la instituci\u00f3n por impulsar la formaci\u00f3n y el esp\u00edritu emprendedor del estudiantado. La Universidad contin\u00faa demostrando su liderazgo en la educaci\u00f3n y en el desarrollo de iniciativas que contribuyen al progreso y la innovaci\u00f3n de la regi\u00f3n.<br \/>-0-<\/p>\n","protected":false},"excerpt":{"rendered":"<p>San Pablo Huixtepec, Oax. 29 de enero de 2025.- Cuatro equipos de la Universidad Tecnol\u00f3gica&#8230;<\/p>\n","protected":false},"author":4,"featured_media":36546,"comment_status":"","ping_status":"open","sticky":false,"template":"","format":"standard","meta":{"footnotes":""},"categories":[91],"tags":[],"jetpack_sharing_enabled":true,"featured_image_urls":{"full":["https:\/\/contextoanalisisperiodistico.com\/wp-content\/uploads\/2025\/01\/IMG-20250129-WA0101.jpg",1600,898,false],"thumbnail":["https:\/\/contextoanalisisperiodistico.com\/wp-content\/uploads\/2025\/01\/IMG-20250129-WA0101-150x150.jpg",150,150,true],"medium":["https:\/\/contextoanalisisperiodistico.com\/wp-content\/uploads\/2025\/01\/IMG-20250129-WA0101-300x168.jpg",300,168,true],"medium_large":["https:\/\/contextoanalisisperiodistico.com\/wp-content\/uploads\/2025\/01\/IMG-20250129-WA0101-768x431.jpg",640,359,true],"large":["https:\/\/contextoanalisisperiodistico.com\/wp-content\/uploads\/2025\/01\/IMG-20250129-WA0101-1024x575.jpg",640,359,true],"1536x1536":["https:\/\/contextoanalisisperiodistico.com\/wp-content\/uploads\/2025\/01\/IMG-20250129-WA0101-1536x862.jpg",1536,862,true],"2048x2048":["https:\/\/contextoanalisisperiodistico.com\/wp-content\/uploads\/2025\/01\/IMG-20250129-WA0101.jpg",1600,898,false],"covernews-slider-full":["https:\/\/contextoanalisisperiodistico.com\/wp-content\/uploads\/2025\/01\/IMG-20250129-WA0101-1115x715.jpg",1115,715,true],"covernews-slider-center":["https:\/\/contextoanalisisperiodistico.com\/wp-content\/uploads\/2025\/01\/IMG-20250129-WA0101-800x500.jpg",800,500,true],"covernews-featured":["https:\/\/contextoanalisisperiodistico.com\/wp-content\/uploads\/2025\/01\/IMG-20250129-WA0101-1024x575.jpg",1024,575,true],"covernews-medium":["https:\/\/contextoanalisisperiodistico.com\/wp-content\/uploads\/2025\/01\/IMG-20250129-WA0101-540x340.jpg",540,340,true],"covernews-medium-square":["https:\/\/contextoanalisisperiodistico.com\/wp-content\/uploads\/2025\/01\/IMG-20250129-WA0101-400x250.jpg",400,250,true]},"author_info":{"display_name":"Mario Gir\u00f3n","author_link":"https:\/\/contextoanalisisperiodistico.com\/index.php\/author\/director\/"},"category_info":"<a href=\"https:\/\/contextoanalisisperiodistico.com\/index.php\/category\/educacion\/\" rel=\"category tag\">Educaci\u00f3n<\/a>","tag_info":"Educaci\u00f3n","comment_count":"0","jetpack_featured_media_url":"https:\/\/contextoanalisisperiodistico.com\/wp-content\/uploads\/2025\/01\/IMG-20250129-WA0101.jpg","_links":{"self":[{"href":"https:\/\/contextoanalisisperiodistico.com\/index.php\/wp-json\/wp\/v2\/posts\/36549"}],"collection":[{"href":"https:\/\/contextoanalisisperiodistico.com\/index.php\/wp-json\/wp\/v2\/posts"}],"about":[{"href":"https:\/\/contextoanalisisperiodistico.com\/index.php\/wp-json\/wp\/v2\/types\/post"}],"author":[{"embeddable":true,"href":"https:\/\/contextoanalisisperiodistico.com\/index.php\/wp-json\/wp\/v2\/users\/4"}],"replies":[{"embeddable":true,"href":"https:\/\/contextoanalisisperiodistico.com\/index.php\/wp-json\/wp\/v2\/comments?post=36549"}],"version-history":[{"count":0,"href":"https:\/\/contextoanalisisperiodistico.com\/index.php\/wp-json\/wp\/v2\/posts\/36549\/revisions"}],"wp:featuredmedia":[{"embeddable":true,"href":"https:\/\/contextoanalisisperiodistico.com\/index.php\/wp-json\/wp\/v2\/media\/36546"}],"wp:attachment":[{"href":"https:\/\/contextoanalisisperiodistico.com\/index.php\/wp-json\/wp\/v2\/media?parent=36549"}],"wp:term":[{"taxonomy":"category","embeddable":true,"href":"https:\/\/contextoanalisisperiodistico.com\/index.php\/wp-json\/wp\/v2\/categories?post=36549"},{"taxonomy":"post_tag","embeddable":true,"href":"https:\/\/contextoanalisisperiodistico.com\/index.php\/wp-json\/wp\/v2\/tags?post=36549"}],"curies":[{"name":"wp","href":"https:\/\/api.w.org\/{rel}","templated":true}]}}