{"id":36537,"date":"2025-01-29T11:03:38","date_gmt":"2025-01-29T17:03:38","guid":{"rendered":"https:\/\/contextoanalisisperiodistico.com\/index.php\/2025\/01\/29\/invita-dif-oaxaca-a-la-trigesima-primera-edicion-de-la-diverti-ruta\/"},"modified":"2025-01-29T11:03:38","modified_gmt":"2025-01-29T17:03:38","slug":"invita-dif-oaxaca-a-la-trigesima-primera-edicion-de-la-diverti-ruta","status":"publish","type":"post","link":"https:\/\/contextoanalisisperiodistico.com\/index.php\/2025\/01\/29\/invita-dif-oaxaca-a-la-trigesima-primera-edicion-de-la-diverti-ruta\/","title":{"rendered":"Invita DIF Oaxaca a la trig\u00e9sima primera edici\u00f3n de la Diverti Ruta"},"content":{"rendered":"<div id=\"fb-root\"><\/div>\n\n<p>\u2022 Se llevar\u00e1 a cabo el s\u00e1bado 1 de febrero en el Parque Primavera Oaxaque\u00f1a, en un horario de 16:00 a 19:30 horas<\/p>\n\n\n\n<p>Oaxaca de Ju\u00e1rez, Oax. 29 de enero de 2025.- El Sistema para el Desarrollo Integral de la Familia (DIF) Oaxaca anuncia la trig\u00e9sima primera edici\u00f3n de la Diverti Ruta que se llevar\u00e1 a cabo este s\u00e1bado 1 de febrero en el Parque Primavera Oaxaque\u00f1a Cho Ndob\u00e1, donde la diversi\u00f3n estar\u00e1 al alcance de las ni\u00f1as, ni\u00f1os y adolescentes.<\/p>\n\n\n\n<p>Las m\u00e1s de 30 actividades, talleres y juegos que antepone el Inter\u00e9s Superior de la Ni\u00f1ez y Adolescencia, estar\u00e1n disponibles de 16:00 a 19:30 horas, tiempo que permitir\u00e1 a mam\u00e1s, pap\u00e1s y dem\u00e1s familiares divertirse y pasar un momento ameno.<\/p>\n\n\n\n<p>La oferta a cargo de las dependencias de la administraci\u00f3n p\u00fablica estatal incluye la loter\u00eda de la paz y carrera de relevos, alberca de pelotas, juego de Twister de integraci\u00f3n familiar, los talleres inclusivos y de elaboraci\u00f3n de piezas de barro, as\u00ed como la escuela de bicicletas.<\/p>\n\n\n\n<p>Adem\u00e1s de clases de activaci\u00f3n f\u00edsica y baile fitness, juegos de mesa gigantes, el juego Desaf\u00edo de la Honestidad, partidos de f\u00fatbol y juegos tradicionales, entre otras.<\/p>\n\n\n\n<p>En el Club Guardianes de los Derechos de Ni\u00f1as, Ni\u00f1os y Adolescentes, el Sistema DIF Oaxaca ofrecer\u00e1 din\u00e1micas que permitir\u00e1n a estos sectores de la poblaci\u00f3n conocer y reforzar los derechos a los que tienen acceso, en beneficio de una \u00f3ptima calidad de vida y desarrollo personal.<\/p>\n\n\n\n<p>Como en cada edici\u00f3n, se recomienda asistir con ropa c\u00f3moda y llevar botes con agua para hidratarse.<\/p>\n\n\n\n<p>En las cuentas oficiales del Sistema Estatal DIF en las plataformas Facebook, Instagram y X, podr\u00e1n consultar m\u00e1s detalles de las actividades programadas para que contin\u00fae la diversi\u00f3n en este espacio p\u00fablico recuperado para el pueblo oaxaque\u00f1o.<\/p>\n\n\n\n<p>-0-<\/p>\n","protected":false},"excerpt":{"rendered":"<p>\u2022 Se llevar\u00e1 a cabo el s\u00e1bado 1 de febrero en el Parque Primavera Oaxaque\u00f1a,&#8230;<\/p>\n","protected":false},"author":4,"featured_media":36536,"comment_status":"","ping_status":"open","sticky":false,"template":"","format":"standard","meta":{"footnotes":""},"categories":[3],"tags":[],"jetpack_sharing_enabled":true,"featured_image_urls":{"full":["https:\/\/contextoanalisisperiodistico.com\/wp-content\/uploads\/2025\/01\/IMG-20250129-WA0063.jpg",1600,1600,false],"thumbnail":["https:\/\/contextoanalisisperiodistico.com\/wp-content\/uploads\/2025\/01\/IMG-20250129-WA0063-150x150.jpg",150,150,true],"medium":["https:\/\/contextoanalisisperiodistico.com\/wp-content\/uploads\/2025\/01\/IMG-20250129-WA0063-300x300.jpg",300,300,true],"medium_large":["https:\/\/contextoanalisisperiodistico.com\/wp-content\/uploads\/2025\/01\/IMG-20250129-WA0063-768x768.jpg",640,640,true],"large":["https:\/\/contextoanalisisperiodistico.com\/wp-content\/uploads\/2025\/01\/IMG-20250129-WA0063-1024x1024.jpg",640,640,true],"1536x1536":["https:\/\/contextoanalisisperiodistico.com\/wp-content\/uploads\/2025\/01\/IMG-20250129-WA0063-1536x1536.jpg",1536,1536,true],"2048x2048":["https:\/\/contextoanalisisperiodistico.com\/wp-content\/uploads\/2025\/01\/IMG-20250129-WA0063.jpg",1600,1600,false],"covernews-slider-full":["https:\/\/contextoanalisisperiodistico.com\/wp-content\/uploads\/2025\/01\/IMG-20250129-WA0063-1115x715.jpg",1115,715,true],"covernews-slider-center":["https:\/\/contextoanalisisperiodistico.com\/wp-content\/uploads\/2025\/01\/IMG-20250129-WA0063-800x500.jpg",800,500,true],"covernews-featured":["https:\/\/contextoanalisisperiodistico.com\/wp-content\/uploads\/2025\/01\/IMG-20250129-WA0063-1024x1024.jpg",1024,1024,true],"covernews-medium":["https:\/\/contextoanalisisperiodistico.com\/wp-content\/uploads\/2025\/01\/IMG-20250129-WA0063-540x340.jpg",540,340,true],"covernews-medium-square":["https:\/\/contextoanalisisperiodistico.com\/wp-content\/uploads\/2025\/01\/IMG-20250129-WA0063-400x250.jpg",400,250,true]},"author_info":{"display_name":"Mario Gir\u00f3n","author_link":"https:\/\/contextoanalisisperiodistico.com\/index.php\/author\/director\/"},"category_info":"<a href=\"https:\/\/contextoanalisisperiodistico.com\/index.php\/category\/ciudad\/\" rel=\"category tag\">Ciudad<\/a>","tag_info":"Ciudad","comment_count":"0","jetpack_featured_media_url":"https:\/\/contextoanalisisperiodistico.com\/wp-content\/uploads\/2025\/01\/IMG-20250129-WA0063.jpg","_links":{"self":[{"href":"https:\/\/contextoanalisisperiodistico.com\/index.php\/wp-json\/wp\/v2\/posts\/36537"}],"collection":[{"href":"https:\/\/contextoanalisisperiodistico.com\/index.php\/wp-json\/wp\/v2\/posts"}],"about":[{"href":"https:\/\/contextoanalisisperiodistico.com\/index.php\/wp-json\/wp\/v2\/types\/post"}],"author":[{"embeddable":true,"href":"https:\/\/contextoanalisisperiodistico.com\/index.php\/wp-json\/wp\/v2\/users\/4"}],"replies":[{"embeddable":true,"href":"https:\/\/contextoanalisisperiodistico.com\/index.php\/wp-json\/wp\/v2\/comments?post=36537"}],"version-history":[{"count":0,"href":"https:\/\/contextoanalisisperiodistico.com\/index.php\/wp-json\/wp\/v2\/posts\/36537\/revisions"}],"wp:featuredmedia":[{"embeddable":true,"href":"https:\/\/contextoanalisisperiodistico.com\/index.php\/wp-json\/wp\/v2\/media\/36536"}],"wp:attachment":[{"href":"https:\/\/contextoanalisisperiodistico.com\/index.php\/wp-json\/wp\/v2\/media?parent=36537"}],"wp:term":[{"taxonomy":"category","embeddable":true,"href":"https:\/\/contextoanalisisperiodistico.com\/index.php\/wp-json\/wp\/v2\/categories?post=36537"},{"taxonomy":"post_tag","embeddable":true,"href":"https:\/\/contextoanalisisperiodistico.com\/index.php\/wp-json\/wp\/v2\/tags?post=36537"}],"curies":[{"name":"wp","href":"https:\/\/api.w.org\/{rel}","templated":true}]}}