{"id":36491,"date":"2025-01-28T07:33:47","date_gmt":"2025-01-28T13:33:47","guid":{"rendered":"https:\/\/contextoanalisisperiodistico.com\/index.php\/2025\/01\/28\/oaxaca-de-juarez-se-consolida-como-la-capital-de-los-sabores-ray-chagoya\/"},"modified":"2025-01-28T07:33:47","modified_gmt":"2025-01-28T13:33:47","slug":"oaxaca-de-juarez-se-consolida-como-la-capital-de-los-sabores-ray-chagoya","status":"publish","type":"post","link":"https:\/\/contextoanalisisperiodistico.com\/index.php\/2025\/01\/28\/oaxaca-de-juarez-se-consolida-como-la-capital-de-los-sabores-ray-chagoya\/","title":{"rendered":"Oaxaca de Ju\u00e1rez se consolida como la capital de los sabores: Ray Chagoya"},"content":{"rendered":"<div id=\"fb-root\"><\/div>\n\n<p>\u2022La capital oaxaque\u00f1a fue sede de la onceava entrega de placas a los 250 restaurantes de la Gu\u00eda M\u00e9xico Gastron\u00f3mico 2025 de Culinaria Mexicana.<\/p>\n\n\n\n<figure class=\"wp-block-image size-large\"><img fetchpriority=\"high\" decoding=\"async\" width=\"1024\" height=\"684\" src=\"https:\/\/contextoanalisisperiodistico.com\/wp-content\/uploads\/2025\/01\/img-20250128-wa00067922843186899281172-1024x684.jpg\" alt=\"\" class=\"wp-image-36486\" srcset=\"https:\/\/contextoanalisisperiodistico.com\/wp-content\/uploads\/2025\/01\/img-20250128-wa00067922843186899281172-1024x684.jpg 1024w, https:\/\/contextoanalisisperiodistico.com\/wp-content\/uploads\/2025\/01\/img-20250128-wa00067922843186899281172-300x200.jpg 300w, https:\/\/contextoanalisisperiodistico.com\/wp-content\/uploads\/2025\/01\/img-20250128-wa00067922843186899281172-768x513.jpg 768w, https:\/\/contextoanalisisperiodistico.com\/wp-content\/uploads\/2025\/01\/img-20250128-wa00067922843186899281172-1536x1027.jpg 1536w, https:\/\/contextoanalisisperiodistico.com\/wp-content\/uploads\/2025\/01\/img-20250128-wa00067922843186899281172.jpg 1616w\" sizes=\"(max-width: 1024px) 100vw, 1024px\" \/><\/figure>\n\n\n\n<figure class=\"wp-block-image\"><img decoding=\"async\" width=\"1024\" height=\"684\" src=\"https:\/\/contextoanalisisperiodistico.com\/wp-content\/uploads\/2025\/01\/img-20250128-wa00082536141840001293470-1024x684.jpg\" alt=\"\" class=\"wp-image-36487\" srcset=\"https:\/\/contextoanalisisperiodistico.com\/wp-content\/uploads\/2025\/01\/img-20250128-wa00082536141840001293470-1024x684.jpg 1024w, https:\/\/contextoanalisisperiodistico.com\/wp-content\/uploads\/2025\/01\/img-20250128-wa00082536141840001293470-300x200.jpg 300w, https:\/\/contextoanalisisperiodistico.com\/wp-content\/uploads\/2025\/01\/img-20250128-wa00082536141840001293470-768x513.jpg 768w, https:\/\/contextoanalisisperiodistico.com\/wp-content\/uploads\/2025\/01\/img-20250128-wa00082536141840001293470-1536x1027.jpg 1536w, https:\/\/contextoanalisisperiodistico.com\/wp-content\/uploads\/2025\/01\/img-20250128-wa00082536141840001293470.jpg 1616w\" sizes=\"(max-width: 1024px) 100vw, 1024px\" \/><\/figure>\n\n\n\n<figure class=\"wp-block-image\"><img decoding=\"async\" width=\"1024\" height=\"684\" src=\"https:\/\/contextoanalisisperiodistico.com\/wp-content\/uploads\/2025\/01\/img-20250128-wa00105029559288126743995-1024x684.jpg\" alt=\"\" class=\"wp-image-36485\" srcset=\"https:\/\/contextoanalisisperiodistico.com\/wp-content\/uploads\/2025\/01\/img-20250128-wa00105029559288126743995-1024x684.jpg 1024w, https:\/\/contextoanalisisperiodistico.com\/wp-content\/uploads\/2025\/01\/img-20250128-wa00105029559288126743995-300x200.jpg 300w, https:\/\/contextoanalisisperiodistico.com\/wp-content\/uploads\/2025\/01\/img-20250128-wa00105029559288126743995-768x513.jpg 768w, https:\/\/contextoanalisisperiodistico.com\/wp-content\/uploads\/2025\/01\/img-20250128-wa00105029559288126743995-1536x1027.jpg 1536w, https:\/\/contextoanalisisperiodistico.com\/wp-content\/uploads\/2025\/01\/img-20250128-wa00105029559288126743995.jpg 1616w\" sizes=\"(max-width: 1024px) 100vw, 1024px\" \/><\/figure>\n\n\n\n<figure class=\"wp-block-image\"><img loading=\"lazy\" decoding=\"async\" width=\"1024\" height=\"684\" src=\"https:\/\/contextoanalisisperiodistico.com\/wp-content\/uploads\/2025\/01\/img-20250128-wa00093287587883704978484-1024x684.jpg\" alt=\"\" class=\"wp-image-36489\" srcset=\"https:\/\/contextoanalisisperiodistico.com\/wp-content\/uploads\/2025\/01\/img-20250128-wa00093287587883704978484-1024x684.jpg 1024w, https:\/\/contextoanalisisperiodistico.com\/wp-content\/uploads\/2025\/01\/img-20250128-wa00093287587883704978484-300x200.jpg 300w, https:\/\/contextoanalisisperiodistico.com\/wp-content\/uploads\/2025\/01\/img-20250128-wa00093287587883704978484-768x513.jpg 768w, https:\/\/contextoanalisisperiodistico.com\/wp-content\/uploads\/2025\/01\/img-20250128-wa00093287587883704978484-1536x1027.jpg 1536w, https:\/\/contextoanalisisperiodistico.com\/wp-content\/uploads\/2025\/01\/img-20250128-wa00093287587883704978484.jpg 1616w\" sizes=\"(max-width: 1024px) 100vw, 1024px\" \/><\/figure>\n\n\n\n<figure class=\"wp-block-image\"><img loading=\"lazy\" decoding=\"async\" width=\"1024\" height=\"684\" src=\"https:\/\/contextoanalisisperiodistico.com\/wp-content\/uploads\/2025\/01\/img-20250128-wa00118785061462050122463-1024x684.jpg\" alt=\"\" class=\"wp-image-36488\" srcset=\"https:\/\/contextoanalisisperiodistico.com\/wp-content\/uploads\/2025\/01\/img-20250128-wa00118785061462050122463-1024x684.jpg 1024w, https:\/\/contextoanalisisperiodistico.com\/wp-content\/uploads\/2025\/01\/img-20250128-wa00118785061462050122463-300x200.jpg 300w, https:\/\/contextoanalisisperiodistico.com\/wp-content\/uploads\/2025\/01\/img-20250128-wa00118785061462050122463-768x513.jpg 768w, https:\/\/contextoanalisisperiodistico.com\/wp-content\/uploads\/2025\/01\/img-20250128-wa00118785061462050122463-1536x1027.jpg 1536w, https:\/\/contextoanalisisperiodistico.com\/wp-content\/uploads\/2025\/01\/img-20250128-wa00118785061462050122463.jpg 1616w\" sizes=\"(max-width: 1024px) 100vw, 1024px\" \/><\/figure>\n\n\n\n<figure class=\"wp-block-image\"><img loading=\"lazy\" decoding=\"async\" width=\"1024\" height=\"684\" src=\"https:\/\/contextoanalisisperiodistico.com\/wp-content\/uploads\/2025\/01\/img-20250128-wa00123802294696392728023-1024x684.jpg\" alt=\"\" class=\"wp-image-36490\" srcset=\"https:\/\/contextoanalisisperiodistico.com\/wp-content\/uploads\/2025\/01\/img-20250128-wa00123802294696392728023-1024x684.jpg 1024w, https:\/\/contextoanalisisperiodistico.com\/wp-content\/uploads\/2025\/01\/img-20250128-wa00123802294696392728023-300x200.jpg 300w, https:\/\/contextoanalisisperiodistico.com\/wp-content\/uploads\/2025\/01\/img-20250128-wa00123802294696392728023-768x513.jpg 768w, https:\/\/contextoanalisisperiodistico.com\/wp-content\/uploads\/2025\/01\/img-20250128-wa00123802294696392728023-1536x1027.jpg 1536w, https:\/\/contextoanalisisperiodistico.com\/wp-content\/uploads\/2025\/01\/img-20250128-wa00123802294696392728023.jpg 1616w\" sizes=\"(max-width: 1024px) 100vw, 1024px\" \/><\/figure>\n\n\n\n<p>Oaxaca de Ju\u00e1rez, Oax., 27 de enero de 2025. Durante tres d\u00edas se realiz\u00f3 en Oaxaca de Ju\u00e1rez el Fin de Semana Gastron\u00f3mico 2025, en el que 250 chefs, hombres y mujeres, que representan la riqueza culinaria de todo M\u00e9xico, llevaron a cabo una serie de actividades en esta ciudad.<\/p>\n\n\n\n<p>En este marco y en un ambiente festivo, se llev\u00f3 a cabo la onceava entrega de placas a los 250 restaurantes de la Gu\u00eda M\u00e9xico Gastron\u00f3mico 2025 de Culinaria Mexicana, donde el presidente Ray Chagoya asegur\u00f3 que estos eventos de talla nacional son un homenaje a la cultura, las tradiciones y los sabores que solo se viven en Oaxaca de Ju\u00e1rez.<\/p>\n\n\n\n<p>\u201cOaxaca se consolida como una ciudad que es tierra de sabores, un modelo completo que contempla actividades y costumbres comunitarias, y eso nos llena de mucho orgullo. Cada ingrediente habla de nuestras ra\u00edces\u201d, afirm\u00f3.<\/p>\n\n\n\n<p>En su mensaje a los visitantes de todo el pa\u00eds, pidi\u00f3 llevar el mensaje de que Oaxaca capital es una ciudad que tiene todo lo necesario para realizar este tipo de actividades, adem\u00e1s de contar con escenarios majestuosos y con gran historia.<\/p>\n\n\n\n<p>\u201cReafirmamos nuestro compromiso con el turismo gastron\u00f3mico, que genera oportunidades para todas y todos\u201d, concluy\u00f3.<\/p>\n\n\n\n<p>Por su parte, Claudio Poblete, director de Culinaria Mexicana, agradeci\u00f3 la anfitrion\u00eda del presidente Ray Chagoya y reconoci\u00f3 tambi\u00e9n la belleza de la ciudad y la calidez de las vecinas y vecinos.<\/p>\n\n\n\n<p>Algunos restaurantes que recibieron esta distinci\u00f3n fueron Ajo Blanco, de la Ciudad de M\u00e9xico; Alcalde, de Guadalajara, Jalisco; Almoraduz, de Puerto Escondido; as\u00ed como Ancestral, Cobarde y Casa Oaxaca, de Oaxaca.<\/p>\n","protected":false},"excerpt":{"rendered":"<p>\u2022La capital oaxaque\u00f1a fue sede de la onceava entrega de placas a los 250 restaurantes&#8230;<\/p>\n","protected":false},"author":4,"featured_media":36484,"comment_status":"","ping_status":"open","sticky":false,"template":"","format":"standard","meta":{"footnotes":""},"categories":[9],"tags":[178,235,234,45],"jetpack_sharing_enabled":true,"featured_image_urls":{"full":["https:\/\/contextoanalisisperiodistico.com\/wp-content\/uploads\/2025\/01\/IMG-20250128-WA0007.jpg",1616,1080,false],"thumbnail":["https:\/\/contextoanalisisperiodistico.com\/wp-content\/uploads\/2025\/01\/IMG-20250128-WA0007-150x150.jpg",150,150,true],"medium":["https:\/\/contextoanalisisperiodistico.com\/wp-content\/uploads\/2025\/01\/IMG-20250128-WA0007-300x200.jpg",300,200,true],"medium_large":["https:\/\/contextoanalisisperiodistico.com\/wp-content\/uploads\/2025\/01\/IMG-20250128-WA0007-768x513.jpg",640,428,true],"large":["https:\/\/contextoanalisisperiodistico.com\/wp-content\/uploads\/2025\/01\/IMG-20250128-WA0007-1024x684.jpg",640,428,true],"1536x1536":["https:\/\/contextoanalisisperiodistico.com\/wp-content\/uploads\/2025\/01\/IMG-20250128-WA0007-1536x1027.jpg",1536,1027,true],"2048x2048":["https:\/\/contextoanalisisperiodistico.com\/wp-content\/uploads\/2025\/01\/IMG-20250128-WA0007.jpg",1616,1080,false],"covernews-slider-full":["https:\/\/contextoanalisisperiodistico.com\/wp-content\/uploads\/2025\/01\/IMG-20250128-WA0007-1115x715.jpg",1115,715,true],"covernews-slider-center":["https:\/\/contextoanalisisperiodistico.com\/wp-content\/uploads\/2025\/01\/IMG-20250128-WA0007-800x500.jpg",800,500,true],"covernews-featured":["https:\/\/contextoanalisisperiodistico.com\/wp-content\/uploads\/2025\/01\/IMG-20250128-WA0007-1024x684.jpg",1024,684,true],"covernews-medium":["https:\/\/contextoanalisisperiodistico.com\/wp-content\/uploads\/2025\/01\/IMG-20250128-WA0007-540x340.jpg",540,340,true],"covernews-medium-square":["https:\/\/contextoanalisisperiodistico.com\/wp-content\/uploads\/2025\/01\/IMG-20250128-WA0007-400x250.jpg",400,250,true]},"author_info":{"display_name":"Mario Gir\u00f3n","author_link":"https:\/\/contextoanalisisperiodistico.com\/index.php\/author\/director\/"},"category_info":"<a href=\"https:\/\/contextoanalisisperiodistico.com\/index.php\/category\/politica\/\" rel=\"category tag\">Pol\u00edtica<\/a>","tag_info":"Pol\u00edtica","comment_count":"0","jetpack_featured_media_url":"https:\/\/contextoanalisisperiodistico.com\/wp-content\/uploads\/2025\/01\/IMG-20250128-WA0007.jpg","_links":{"self":[{"href":"https:\/\/contextoanalisisperiodistico.com\/index.php\/wp-json\/wp\/v2\/posts\/36491"}],"collection":[{"href":"https:\/\/contextoanalisisperiodistico.com\/index.php\/wp-json\/wp\/v2\/posts"}],"about":[{"href":"https:\/\/contextoanalisisperiodistico.com\/index.php\/wp-json\/wp\/v2\/types\/post"}],"author":[{"embeddable":true,"href":"https:\/\/contextoanalisisperiodistico.com\/index.php\/wp-json\/wp\/v2\/users\/4"}],"replies":[{"embeddable":true,"href":"https:\/\/contextoanalisisperiodistico.com\/index.php\/wp-json\/wp\/v2\/comments?post=36491"}],"version-history":[{"count":0,"href":"https:\/\/contextoanalisisperiodistico.com\/index.php\/wp-json\/wp\/v2\/posts\/36491\/revisions"}],"wp:featuredmedia":[{"embeddable":true,"href":"https:\/\/contextoanalisisperiodistico.com\/index.php\/wp-json\/wp\/v2\/media\/36484"}],"wp:attachment":[{"href":"https:\/\/contextoanalisisperiodistico.com\/index.php\/wp-json\/wp\/v2\/media?parent=36491"}],"wp:term":[{"taxonomy":"category","embeddable":true,"href":"https:\/\/contextoanalisisperiodistico.com\/index.php\/wp-json\/wp\/v2\/categories?post=36491"},{"taxonomy":"post_tag","embeddable":true,"href":"https:\/\/contextoanalisisperiodistico.com\/index.php\/wp-json\/wp\/v2\/tags?post=36491"}],"curies":[{"name":"wp","href":"https:\/\/api.w.org\/{rel}","templated":true}]}}