{"id":36478,"date":"2025-01-27T17:22:47","date_gmt":"2025-01-27T23:22:47","guid":{"rendered":"https:\/\/contextoanalisisperiodistico.com\/index.php\/2025\/01\/27\/personas-mayores-de-17-anos-podran-concluir-su-educacion-media-superior-en-el-cobao\/"},"modified":"2025-01-27T17:22:47","modified_gmt":"2025-01-27T23:22:47","slug":"personas-mayores-de-17-anos-podran-concluir-su-educacion-media-superior-en-el-cobao","status":"publish","type":"post","link":"https:\/\/contextoanalisisperiodistico.com\/index.php\/2025\/01\/27\/personas-mayores-de-17-anos-podran-concluir-su-educacion-media-superior-en-el-cobao\/","title":{"rendered":"Personas mayores de 17 a\u00f1os podr\u00e1n concluir su educaci\u00f3n media superior en el Cobao"},"content":{"rendered":"<div id=\"fb-root\"><\/div>\n\n<p>\u2022 La directora general de esta instituci\u00f3n, Ang\u00e9lica Garc\u00eda, y el presidente municipal de Oaxaca de Ju\u00e1rez Raymundo Chagoya firmaron convenio de colaboraci\u00f3n para promover esta oportunidad<\/p>\n\n\n\n<figure class=\"wp-block-image size-large\"><img fetchpriority=\"high\" decoding=\"async\" width=\"1024\" height=\"681\" src=\"https:\/\/contextoanalisisperiodistico.com\/wp-content\/uploads\/2025\/01\/img-20250127-wa01181207179269068534892-1024x681.jpg\" alt=\"\" class=\"wp-image-36477\" srcset=\"https:\/\/contextoanalisisperiodistico.com\/wp-content\/uploads\/2025\/01\/img-20250127-wa01181207179269068534892-1024x681.jpg 1024w, https:\/\/contextoanalisisperiodistico.com\/wp-content\/uploads\/2025\/01\/img-20250127-wa01181207179269068534892-300x200.jpg 300w, https:\/\/contextoanalisisperiodistico.com\/wp-content\/uploads\/2025\/01\/img-20250127-wa01181207179269068534892-768x511.jpg 768w, https:\/\/contextoanalisisperiodistico.com\/wp-content\/uploads\/2025\/01\/img-20250127-wa01181207179269068534892.jpg 1440w\" sizes=\"(max-width: 1024px) 100vw, 1024px\" \/><\/figure>\n\n\n\n<p>Oaxaca de Ju\u00e1rez, Oax. 27 de enero de 2025.- El Colegio de Bachilleres del Estado de Oaxaca (Cobao) y el municipio de Oaxaca de Ju\u00e1rez, firmaron un convenio de colaboraci\u00f3n para que personas mayores de 17 a\u00f1os puedan acceder al sistema de educaci\u00f3n abierta en la modalidad mixta autoplaneada y cursar su educaci\u00f3n media superior.<\/p>\n\n\n\n<p>El documento fue signado por la directora general del Cobao, Ang\u00e9lica Garc\u00eda, y el edil Raymundo Chagoya, en el marco del D\u00eda Internacional de la Educaci\u00f3n que se celebra cada 24 de enero.<\/p>\n\n\n\n<p>Garc\u00eda reconoci\u00f3 el esfuerzo de quienes trabajan y estudian al mismo tiempo, por lo que destac\u00f3 el empe\u00f1o de cada una de las y los estudiantes que conforman los 13 Centros de Ense\u00f1anza Abierta (CEA) en el estado.<\/p>\n\n\n\n<p>\u201cEsta alianza es un paso importante hacia la promoci\u00f3n de la educaci\u00f3n en Oaxaca, en el Cobao estamos orgullosas y orgullosos de trabajar juntos para mejorar la calidad de vida de las y los oaxaque\u00f1os\u201d, mencion\u00f3.<\/p>\n\n\n\n<p>Detall\u00f3 que el CEA 03 \u201cEl Tule\u201d atiende actualmente a 74 estudiantes, entre ellos un hombre de 68 a\u00f1os y una mujer de 54 a\u00f1os, quienes son un ejemplo de dedicaci\u00f3n y perseverancia.<\/p>\n\n\n\n<p>Con estas acciones conjuntas, Oaxaca refuerza su compromiso con la educaci\u00f3n inclusiva y de calidad, brindando mayores oportunidades de desarrollo a la poblaci\u00f3n.<\/p>\n\n\n\n<p>-0-<\/p>\n","protected":false},"excerpt":{"rendered":"<p>\u2022 La directora general de esta instituci\u00f3n, Ang\u00e9lica Garc\u00eda, y el presidente municipal de Oaxaca&#8230;<\/p>\n","protected":false},"author":4,"featured_media":36476,"comment_status":"","ping_status":"open","sticky":false,"template":"","format":"standard","meta":{"footnotes":""},"categories":[9],"tags":[],"jetpack_sharing_enabled":true,"featured_image_urls":{"full":["https:\/\/contextoanalisisperiodistico.com\/wp-content\/uploads\/2025\/01\/IMG-20250127-WA0119.jpg",1440,958,false],"thumbnail":["https:\/\/contextoanalisisperiodistico.com\/wp-content\/uploads\/2025\/01\/IMG-20250127-WA0119-150x150.jpg",150,150,true],"medium":["https:\/\/contextoanalisisperiodistico.com\/wp-content\/uploads\/2025\/01\/IMG-20250127-WA0119-300x200.jpg",300,200,true],"medium_large":["https:\/\/contextoanalisisperiodistico.com\/wp-content\/uploads\/2025\/01\/IMG-20250127-WA0119-768x511.jpg",640,426,true],"large":["https:\/\/contextoanalisisperiodistico.com\/wp-content\/uploads\/2025\/01\/IMG-20250127-WA0119-1024x681.jpg",640,426,true],"1536x1536":["https:\/\/contextoanalisisperiodistico.com\/wp-content\/uploads\/2025\/01\/IMG-20250127-WA0119.jpg",1440,958,false],"2048x2048":["https:\/\/contextoanalisisperiodistico.com\/wp-content\/uploads\/2025\/01\/IMG-20250127-WA0119.jpg",1440,958,false],"covernews-slider-full":["https:\/\/contextoanalisisperiodistico.com\/wp-content\/uploads\/2025\/01\/IMG-20250127-WA0119-1115x715.jpg",1115,715,true],"covernews-slider-center":["https:\/\/contextoanalisisperiodistico.com\/wp-content\/uploads\/2025\/01\/IMG-20250127-WA0119-800x500.jpg",800,500,true],"covernews-featured":["https:\/\/contextoanalisisperiodistico.com\/wp-content\/uploads\/2025\/01\/IMG-20250127-WA0119-1024x681.jpg",1024,681,true],"covernews-medium":["https:\/\/contextoanalisisperiodistico.com\/wp-content\/uploads\/2025\/01\/IMG-20250127-WA0119-540x340.jpg",540,340,true],"covernews-medium-square":["https:\/\/contextoanalisisperiodistico.com\/wp-content\/uploads\/2025\/01\/IMG-20250127-WA0119-400x250.jpg",400,250,true]},"author_info":{"display_name":"Mario Gir\u00f3n","author_link":"https:\/\/contextoanalisisperiodistico.com\/index.php\/author\/director\/"},"category_info":"<a href=\"https:\/\/contextoanalisisperiodistico.com\/index.php\/category\/politica\/\" rel=\"category tag\">Pol\u00edtica<\/a>","tag_info":"Pol\u00edtica","comment_count":"0","jetpack_featured_media_url":"https:\/\/contextoanalisisperiodistico.com\/wp-content\/uploads\/2025\/01\/IMG-20250127-WA0119.jpg","_links":{"self":[{"href":"https:\/\/contextoanalisisperiodistico.com\/index.php\/wp-json\/wp\/v2\/posts\/36478"}],"collection":[{"href":"https:\/\/contextoanalisisperiodistico.com\/index.php\/wp-json\/wp\/v2\/posts"}],"about":[{"href":"https:\/\/contextoanalisisperiodistico.com\/index.php\/wp-json\/wp\/v2\/types\/post"}],"author":[{"embeddable":true,"href":"https:\/\/contextoanalisisperiodistico.com\/index.php\/wp-json\/wp\/v2\/users\/4"}],"replies":[{"embeddable":true,"href":"https:\/\/contextoanalisisperiodistico.com\/index.php\/wp-json\/wp\/v2\/comments?post=36478"}],"version-history":[{"count":0,"href":"https:\/\/contextoanalisisperiodistico.com\/index.php\/wp-json\/wp\/v2\/posts\/36478\/revisions"}],"wp:featuredmedia":[{"embeddable":true,"href":"https:\/\/contextoanalisisperiodistico.com\/index.php\/wp-json\/wp\/v2\/media\/36476"}],"wp:attachment":[{"href":"https:\/\/contextoanalisisperiodistico.com\/index.php\/wp-json\/wp\/v2\/media?parent=36478"}],"wp:term":[{"taxonomy":"category","embeddable":true,"href":"https:\/\/contextoanalisisperiodistico.com\/index.php\/wp-json\/wp\/v2\/categories?post=36478"},{"taxonomy":"post_tag","embeddable":true,"href":"https:\/\/contextoanalisisperiodistico.com\/index.php\/wp-json\/wp\/v2\/tags?post=36478"}],"curies":[{"name":"wp","href":"https:\/\/api.w.org\/{rel}","templated":true}]}}