{"id":36469,"date":"2025-01-27T15:42:00","date_gmt":"2025-01-27T21:42:00","guid":{"rendered":"https:\/\/contextoanalisisperiodistico.com\/index.php\/2025\/01\/27\/la-proteccion-civil-es-tarea-de-todas-y-todos-en-oaxaca-de-juarez-ray-chagoya\/"},"modified":"2025-01-27T15:42:00","modified_gmt":"2025-01-27T21:42:00","slug":"la-proteccion-civil-es-tarea-de-todas-y-todos-en-oaxaca-de-juarez-ray-chagoya","status":"publish","type":"post","link":"https:\/\/contextoanalisisperiodistico.com\/index.php\/2025\/01\/27\/la-proteccion-civil-es-tarea-de-todas-y-todos-en-oaxaca-de-juarez-ray-chagoya\/","title":{"rendered":"La Protecci\u00f3n Civil es tarea de todas y todos en Oaxaca de Ju\u00e1rez: Ray Chagoya"},"content":{"rendered":"<div id=\"fb-root\"><\/div>\n\n<p>\u2022El Presidente Municipal encabez\u00f3 la Sesi\u00f3n de Instalaci\u00f3n del Consejo de Protecci\u00f3n Civil Municipal<\/p>\n\n\n\n<figure class=\"wp-block-image size-large\"><img fetchpriority=\"high\" decoding=\"async\" width=\"1024\" height=\"577\" src=\"https:\/\/contextoanalisisperiodistico.com\/wp-content\/uploads\/2025\/01\/img-20250127-wa0096876764003835481051-1024x577.jpg\" alt=\"\" class=\"wp-image-36467\" srcset=\"https:\/\/contextoanalisisperiodistico.com\/wp-content\/uploads\/2025\/01\/img-20250127-wa0096876764003835481051-1024x577.jpg 1024w, https:\/\/contextoanalisisperiodistico.com\/wp-content\/uploads\/2025\/01\/img-20250127-wa0096876764003835481051-300x169.jpg 300w, https:\/\/contextoanalisisperiodistico.com\/wp-content\/uploads\/2025\/01\/img-20250127-wa0096876764003835481051-768x432.jpg 768w, https:\/\/contextoanalisisperiodistico.com\/wp-content\/uploads\/2025\/01\/img-20250127-wa0096876764003835481051-1536x865.jpg 1536w, https:\/\/contextoanalisisperiodistico.com\/wp-content\/uploads\/2025\/01\/img-20250127-wa0096876764003835481051.jpg 2000w\" sizes=\"(max-width: 1024px) 100vw, 1024px\" \/><\/figure>\n\n\n\n<figure class=\"wp-block-image\"><img decoding=\"async\" width=\"1024\" height=\"577\" src=\"https:\/\/contextoanalisisperiodistico.com\/wp-content\/uploads\/2025\/01\/img-20250127-wa00978802842128111670148-1024x577.jpg\" alt=\"\" class=\"wp-image-36468\" srcset=\"https:\/\/contextoanalisisperiodistico.com\/wp-content\/uploads\/2025\/01\/img-20250127-wa00978802842128111670148-1024x577.jpg 1024w, https:\/\/contextoanalisisperiodistico.com\/wp-content\/uploads\/2025\/01\/img-20250127-wa00978802842128111670148-300x169.jpg 300w, https:\/\/contextoanalisisperiodistico.com\/wp-content\/uploads\/2025\/01\/img-20250127-wa00978802842128111670148-768x432.jpg 768w, https:\/\/contextoanalisisperiodistico.com\/wp-content\/uploads\/2025\/01\/img-20250127-wa00978802842128111670148-1536x865.jpg 1536w, https:\/\/contextoanalisisperiodistico.com\/wp-content\/uploads\/2025\/01\/img-20250127-wa00978802842128111670148.jpg 2000w\" sizes=\"(max-width: 1024px) 100vw, 1024px\" \/><\/figure>\n\n\n\n<p>Oaxaca de Ju\u00e1rez, Oax., 27 de enero de 2025. Con la finalidad de definir acciones en materia de prevenci\u00f3n ante cualquier fen\u00f3meno natural, el Presidente Municipal Ray Chagoya encabez\u00f3 la sesi\u00f3n de instalaci\u00f3n del Consejo de Protecci\u00f3n Civil para el periodo 2025-2027 del Municipio de Oaxaca de Ju\u00e1rez.<\/p>\n\n\n\n<p>En este marco, el edil de la capital destac\u00f3 que la protecci\u00f3n civil debe estar presente en todas las \u00e1reas de la administraci\u00f3n p\u00fablica. \u201cEs por eso que les pido que trabajemos de manera coordinada y haciendo equipo con las vecinas y vecinos de Oaxaca de Ju\u00e1rez\u201d, afirm\u00f3.<\/p>\n\n\n\n<p>Ray Chagoya fungir\u00e1 como presidente del Consejo; Alexander P\u00e9rez Carrera como secretario ejecutivo; Jos\u00e9 Gerardo Flores como secretario t\u00e9cnico; y H\u00e9ctor Pablo Ram\u00edrez Puga Leyva como secretario de Planeaci\u00f3n.<\/p>\n\n\n\n<p>Adem\u00e1s, integran este Consejo todas y todos los concejales del Ayuntamiento de Oaxaca de Ju\u00e1rez, as\u00ed como las y los agentes municipales y de polic\u00eda. Tambi\u00e9n tendr\u00e1n voz representantes de grupos voluntarios, organizaciones sociales y estatales asentadas en el Municipio que atiendan ramos relacionados con la protecci\u00f3n civil.<\/p>\n\n\n\n<p>\u201cEste Consejo traer\u00e1 buenos resultados y garantizar\u00e1 que la ciudad est\u00e9 protegida ante cualquier contingencia. La protecci\u00f3n civil es tarea de todas y todos\u201d, asegur\u00f3 Ray Chagoya.<\/p>\n\n\n\n<p>Estuvo presente el titular de la Coordinaci\u00f3n Estatal de Protecci\u00f3n Civil y Gesti\u00f3n de Riesgos (CEPCyGR), Manuel Maza S\u00e1nchez, quien detall\u00f3 que, al ser Oaxaca un estado altamente s\u00edsmico, se deben contar con las medidas preventivas necesarias para que las autoridades y la sociedad civil act\u00faen de manera coordinada.<\/p>\n","protected":false},"excerpt":{"rendered":"<p>\u2022El Presidente Municipal encabez\u00f3 la Sesi\u00f3n de Instalaci\u00f3n del Consejo de Protecci\u00f3n Civil Municipal Oaxaca&#8230;<\/p>\n","protected":false},"author":4,"featured_media":36466,"comment_status":"","ping_status":"open","sticky":false,"template":"","format":"standard","meta":{"footnotes":""},"categories":[9],"tags":[178,235,234,45],"jetpack_sharing_enabled":true,"featured_image_urls":{"full":["https:\/\/contextoanalisisperiodistico.com\/wp-content\/uploads\/2025\/01\/IMG-20250127-WA0095-scaled.jpg",2560,1441,false],"thumbnail":["https:\/\/contextoanalisisperiodistico.com\/wp-content\/uploads\/2025\/01\/IMG-20250127-WA0095-150x150.jpg",150,150,true],"medium":["https:\/\/contextoanalisisperiodistico.com\/wp-content\/uploads\/2025\/01\/IMG-20250127-WA0095-300x169.jpg",300,169,true],"medium_large":["https:\/\/contextoanalisisperiodistico.com\/wp-content\/uploads\/2025\/01\/IMG-20250127-WA0095-768x432.jpg",640,360,true],"large":["https:\/\/contextoanalisisperiodistico.com\/wp-content\/uploads\/2025\/01\/IMG-20250127-WA0095-1024x576.jpg",640,360,true],"1536x1536":["https:\/\/contextoanalisisperiodistico.com\/wp-content\/uploads\/2025\/01\/IMG-20250127-WA0095-1536x865.jpg",1536,865,true],"2048x2048":["https:\/\/contextoanalisisperiodistico.com\/wp-content\/uploads\/2025\/01\/IMG-20250127-WA0095-2048x1153.jpg",2048,1153,true],"covernews-slider-full":["https:\/\/contextoanalisisperiodistico.com\/wp-content\/uploads\/2025\/01\/IMG-20250127-WA0095-1115x715.jpg",1115,715,true],"covernews-slider-center":["https:\/\/contextoanalisisperiodistico.com\/wp-content\/uploads\/2025\/01\/IMG-20250127-WA0095-800x500.jpg",800,500,true],"covernews-featured":["https:\/\/contextoanalisisperiodistico.com\/wp-content\/uploads\/2025\/01\/IMG-20250127-WA0095-1024x576.jpg",1024,576,true],"covernews-medium":["https:\/\/contextoanalisisperiodistico.com\/wp-content\/uploads\/2025\/01\/IMG-20250127-WA0095-540x340.jpg",540,340,true],"covernews-medium-square":["https:\/\/contextoanalisisperiodistico.com\/wp-content\/uploads\/2025\/01\/IMG-20250127-WA0095-400x250.jpg",400,250,true]},"author_info":{"display_name":"Mario Gir\u00f3n","author_link":"https:\/\/contextoanalisisperiodistico.com\/index.php\/author\/director\/"},"category_info":"<a href=\"https:\/\/contextoanalisisperiodistico.com\/index.php\/category\/politica\/\" rel=\"category tag\">Pol\u00edtica<\/a>","tag_info":"Pol\u00edtica","comment_count":"0","jetpack_featured_media_url":"https:\/\/contextoanalisisperiodistico.com\/wp-content\/uploads\/2025\/01\/IMG-20250127-WA0095-scaled.jpg","_links":{"self":[{"href":"https:\/\/contextoanalisisperiodistico.com\/index.php\/wp-json\/wp\/v2\/posts\/36469"}],"collection":[{"href":"https:\/\/contextoanalisisperiodistico.com\/index.php\/wp-json\/wp\/v2\/posts"}],"about":[{"href":"https:\/\/contextoanalisisperiodistico.com\/index.php\/wp-json\/wp\/v2\/types\/post"}],"author":[{"embeddable":true,"href":"https:\/\/contextoanalisisperiodistico.com\/index.php\/wp-json\/wp\/v2\/users\/4"}],"replies":[{"embeddable":true,"href":"https:\/\/contextoanalisisperiodistico.com\/index.php\/wp-json\/wp\/v2\/comments?post=36469"}],"version-history":[{"count":0,"href":"https:\/\/contextoanalisisperiodistico.com\/index.php\/wp-json\/wp\/v2\/posts\/36469\/revisions"}],"wp:featuredmedia":[{"embeddable":true,"href":"https:\/\/contextoanalisisperiodistico.com\/index.php\/wp-json\/wp\/v2\/media\/36466"}],"wp:attachment":[{"href":"https:\/\/contextoanalisisperiodistico.com\/index.php\/wp-json\/wp\/v2\/media?parent=36469"}],"wp:term":[{"taxonomy":"category","embeddable":true,"href":"https:\/\/contextoanalisisperiodistico.com\/index.php\/wp-json\/wp\/v2\/categories?post=36469"},{"taxonomy":"post_tag","embeddable":true,"href":"https:\/\/contextoanalisisperiodistico.com\/index.php\/wp-json\/wp\/v2\/tags?post=36469"}],"curies":[{"name":"wp","href":"https:\/\/api.w.org\/{rel}","templated":true}]}}