{"id":36446,"date":"2025-01-26T18:11:16","date_gmt":"2025-01-27T00:11:16","guid":{"rendered":"https:\/\/contextoanalisisperiodistico.com\/?p=36446"},"modified":"2025-01-26T18:11:18","modified_gmt":"2025-01-27T00:11:18","slug":"policia-municipal-detiene-a-presunto-ladron","status":"publish","type":"post","link":"https:\/\/contextoanalisisperiodistico.com\/index.php\/2025\/01\/26\/policia-municipal-detiene-a-presunto-ladron\/","title":{"rendered":"Polic\u00eda Municipal detiene a presunto ladr\u00f3n"},"content":{"rendered":"<div id=\"fb-root\"><\/div>\n\n<p>\u2022Es sorprendido cuando sustra\u00eda objetos de un veh\u00edculo<\/p>\n\n\n\n<p><\/p>\n\n\n\n<p>Oaxaca de Ju\u00e1rez, Oax., 26 de enero de 2025<\/p>\n\n\n\n<p>Personal de la Secretar\u00eda de Seguridad Vecinal de Oaxaca de Ju\u00e1rez, realiz\u00f3 la detenci\u00f3n de una persona como presunta responsable del delito de robo.<\/p>\n\n\n\n<p>Este domingo a las 09:30 horas, elementos de seguridad municipal realizaban sus funciones en la calle Matamoros y Porfirio D\u00edaz del Centro Hist\u00f3rico de la capital.<\/p>\n\n\n\n<p>En ese momento sorprendieron a un sujeto dentro del veh\u00edculo marca Seat, tipo Ibiza, color rojo, con placas del estado, cuando guardaba varios objetos en una mochila, por lo cual procedieron a su detenci\u00f3n.<\/p>\n\n\n\n<p>En la inspecci\u00f3n a la mochila, hallaron una tableta marca Ipad y un power bank.<\/p>\n\n\n\n<p>En ese momento arrib\u00f3 el propietario del veh\u00edculo, quien reconoci\u00f3 los objetos como de su propiedad.<\/p>\n\n\n\n<p>El sujeto dijo llamarse Francisco J. M. P., de 38 a\u00f1os de edad, quien junto con los objetos recuperados qued\u00f3 a disposici\u00f3n de la Fiscal\u00eda del Estado para determinar su situaci\u00f3n jur\u00eddica.<\/p>\n\n\n\n<p>Con estas acciones, la Secretar\u00eda de Seguridad Vecinal garantiza la seguridad de las vecinas y vecinos de Oaxaca de Ju\u00e1rez.<\/p>\n\n\n\n<figure class=\"wp-block-image size-large\"><img fetchpriority=\"high\" decoding=\"async\" width=\"402\" height=\"198\" src=\"https:\/\/contextoanalisisperiodistico.com\/wp-content\/uploads\/2025\/01\/img-20250126-wa0066396900805055980479.jpg\" alt=\"\" class=\"wp-image-36447\" srcset=\"https:\/\/contextoanalisisperiodistico.com\/wp-content\/uploads\/2025\/01\/img-20250126-wa0066396900805055980479.jpg 402w, https:\/\/contextoanalisisperiodistico.com\/wp-content\/uploads\/2025\/01\/img-20250126-wa0066396900805055980479-300x148.jpg 300w, https:\/\/contextoanalisisperiodistico.com\/wp-content\/uploads\/2025\/01\/img-20250126-wa0066396900805055980479-400x198.jpg 400w\" sizes=\"(max-width: 402px) 100vw, 402px\" \/><\/figure>\n","protected":false},"excerpt":{"rendered":"<p>\u2022Es sorprendido cuando sustra\u00eda objetos de un veh\u00edculo Oaxaca de Ju\u00e1rez, Oax., 26 de enero&#8230;<\/p>\n","protected":false},"author":4,"featured_media":36445,"comment_status":"closed","ping_status":"open","sticky":false,"template":"","format":"standard","meta":{"footnotes":""},"categories":[10],"tags":[],"jetpack_sharing_enabled":true,"featured_image_urls":{"full":["https:\/\/contextoanalisisperiodistico.com\/wp-content\/uploads\/2025\/01\/IMG-20250126-WA0067.jpg",443,496,false],"thumbnail":["https:\/\/contextoanalisisperiodistico.com\/wp-content\/uploads\/2025\/01\/IMG-20250126-WA0067-150x150.jpg",150,150,true],"medium":["https:\/\/contextoanalisisperiodistico.com\/wp-content\/uploads\/2025\/01\/IMG-20250126-WA0067-268x300.jpg",268,300,true],"medium_large":["https:\/\/contextoanalisisperiodistico.com\/wp-content\/uploads\/2025\/01\/IMG-20250126-WA0067.jpg",443,496,false],"large":["https:\/\/contextoanalisisperiodistico.com\/wp-content\/uploads\/2025\/01\/IMG-20250126-WA0067.jpg",443,496,false],"1536x1536":["https:\/\/contextoanalisisperiodistico.com\/wp-content\/uploads\/2025\/01\/IMG-20250126-WA0067.jpg",443,496,false],"2048x2048":["https:\/\/contextoanalisisperiodistico.com\/wp-content\/uploads\/2025\/01\/IMG-20250126-WA0067.jpg",443,496,false],"covernews-slider-full":["https:\/\/contextoanalisisperiodistico.com\/wp-content\/uploads\/2025\/01\/IMG-20250126-WA0067.jpg",443,496,false],"covernews-slider-center":["https:\/\/contextoanalisisperiodistico.com\/wp-content\/uploads\/2025\/01\/IMG-20250126-WA0067.jpg",443,496,false],"covernews-featured":["https:\/\/contextoanalisisperiodistico.com\/wp-content\/uploads\/2025\/01\/IMG-20250126-WA0067.jpg",443,496,false],"covernews-medium":["https:\/\/contextoanalisisperiodistico.com\/wp-content\/uploads\/2025\/01\/IMG-20250126-WA0067-443x340.jpg",443,340,true],"covernews-medium-square":["https:\/\/contextoanalisisperiodistico.com\/wp-content\/uploads\/2025\/01\/IMG-20250126-WA0067-400x250.jpg",400,250,true]},"author_info":{"display_name":"Mario Gir\u00f3n","author_link":"https:\/\/contextoanalisisperiodistico.com\/index.php\/author\/director\/"},"category_info":"<a href=\"https:\/\/contextoanalisisperiodistico.com\/index.php\/category\/seguridad\/\" rel=\"category tag\">Seguridad<\/a>","tag_info":"Seguridad","comment_count":"0","jetpack_featured_media_url":"https:\/\/contextoanalisisperiodistico.com\/wp-content\/uploads\/2025\/01\/IMG-20250126-WA0067.jpg","_links":{"self":[{"href":"https:\/\/contextoanalisisperiodistico.com\/index.php\/wp-json\/wp\/v2\/posts\/36446"}],"collection":[{"href":"https:\/\/contextoanalisisperiodistico.com\/index.php\/wp-json\/wp\/v2\/posts"}],"about":[{"href":"https:\/\/contextoanalisisperiodistico.com\/index.php\/wp-json\/wp\/v2\/types\/post"}],"author":[{"embeddable":true,"href":"https:\/\/contextoanalisisperiodistico.com\/index.php\/wp-json\/wp\/v2\/users\/4"}],"replies":[{"embeddable":true,"href":"https:\/\/contextoanalisisperiodistico.com\/index.php\/wp-json\/wp\/v2\/comments?post=36446"}],"version-history":[{"count":1,"href":"https:\/\/contextoanalisisperiodistico.com\/index.php\/wp-json\/wp\/v2\/posts\/36446\/revisions"}],"predecessor-version":[{"id":36448,"href":"https:\/\/contextoanalisisperiodistico.com\/index.php\/wp-json\/wp\/v2\/posts\/36446\/revisions\/36448"}],"wp:featuredmedia":[{"embeddable":true,"href":"https:\/\/contextoanalisisperiodistico.com\/index.php\/wp-json\/wp\/v2\/media\/36445"}],"wp:attachment":[{"href":"https:\/\/contextoanalisisperiodistico.com\/index.php\/wp-json\/wp\/v2\/media?parent=36446"}],"wp:term":[{"taxonomy":"category","embeddable":true,"href":"https:\/\/contextoanalisisperiodistico.com\/index.php\/wp-json\/wp\/v2\/categories?post=36446"},{"taxonomy":"post_tag","embeddable":true,"href":"https:\/\/contextoanalisisperiodistico.com\/index.php\/wp-json\/wp\/v2\/tags?post=36446"}],"curies":[{"name":"wp","href":"https:\/\/api.w.org\/{rel}","templated":true}]}}