{"id":36438,"date":"2025-01-26T12:43:48","date_gmt":"2025-01-26T18:43:48","guid":{"rendered":"https:\/\/contextoanalisisperiodistico.com\/index.php\/2025\/01\/26\/policia-municipal-detiene-a-una-persona-en-posesion-de-un-arma-hechiza\/"},"modified":"2025-01-26T12:43:48","modified_gmt":"2025-01-26T18:43:48","slug":"policia-municipal-detiene-a-una-persona-en-posesion-de-un-arma-hechiza","status":"publish","type":"post","link":"https:\/\/contextoanalisisperiodistico.com\/index.php\/2025\/01\/26\/policia-municipal-detiene-a-una-persona-en-posesion-de-un-arma-hechiza\/","title":{"rendered":"Polic\u00eda Municipal detiene a una persona en posesi\u00f3n de un arma hechiza"},"content":{"rendered":"<div id=\"fb-root\"><\/div>\n\n<p>Oaxaca de Ju\u00e1rez, Oax., 26 de enero de 2024. En sus recorridos de prevenci\u00f3n y disuasi\u00f3n para garantizar la seguridad de las vecinas y vecinos de Oaxaca de Ju\u00e1rez, personal de la Secretar\u00eda de Seguridad Vecinal detuvo a una persona sorprendida en posesi\u00f3n de un arma de fuego de fabricaci\u00f3n casera.<\/p>\n\n\n\n<figure class=\"wp-block-image size-large\"><img fetchpriority=\"high\" decoding=\"async\" width=\"1024\" height=\"562\" src=\"https:\/\/contextoanalisisperiodistico.com\/wp-content\/uploads\/2025\/01\/img-20250126-wa00437735635304179738628-1024x562.jpg\" alt=\"\" class=\"wp-image-36437\" srcset=\"https:\/\/contextoanalisisperiodistico.com\/wp-content\/uploads\/2025\/01\/img-20250126-wa00437735635304179738628-1024x562.jpg 1024w, https:\/\/contextoanalisisperiodistico.com\/wp-content\/uploads\/2025\/01\/img-20250126-wa00437735635304179738628-300x165.jpg 300w, https:\/\/contextoanalisisperiodistico.com\/wp-content\/uploads\/2025\/01\/img-20250126-wa00437735635304179738628-768x421.jpg 768w, https:\/\/contextoanalisisperiodistico.com\/wp-content\/uploads\/2025\/01\/img-20250126-wa00437735635304179738628-1536x843.jpg 1536w, https:\/\/contextoanalisisperiodistico.com\/wp-content\/uploads\/2025\/01\/img-20250126-wa00437735635304179738628.jpg 1600w\" sizes=\"(max-width: 1024px) 100vw, 1024px\" \/><\/figure>\n\n\n\n<p>El s\u00e1bado, a las 09:05 horas, elementos de la Direcci\u00f3n de Proximidad Social, adscritos a la Unidad Motorizada de Acci\u00f3n R\u00e1pida (UMAR), realizaban patrullajes en las inmediaciones del Mercado de Abasto.<\/p>\n\n\n\n<p>Al circular en la calle Nu\u00f1o del Mercado y Diagonal de Mercaderes, observaron a un sujeto recargado en la pared encendiendo una pipa de cristal. Al notar la presencia de los elementos de seguridad, el individuo arroj\u00f3 la pipa al suelo y comenz\u00f3 a correr, por lo cual fue abordado e informado de que su conducta constitu\u00eda una falta c\u00edvica.<\/p>\n\n\n\n<p>El sujeto reaccion\u00f3 de manera agresiva y lanz\u00f3 golpes contra uno de los elementos, por lo que fue controlado. En ese momento, los agentes observaron que debajo del pantal\u00f3n, a la altura de la cintura, portaba un objeto met\u00e1lico. Al asegurarlo, constataron que se trataba de un tubo con apariencia de arma de fuego, dentro del cual localizaron un cartucho \u00fatil.<\/p>\n\n\n\n<p>Por esta raz\u00f3n, procedieron a la detenci\u00f3n de V\u00edctor I. C. R., de 36 a\u00f1os de edad, quien fue consignado a la Fiscal\u00eda General del Estado como presunto responsable del delito de resistencia de particulares.<\/p>\n","protected":false},"excerpt":{"rendered":"<p>Oaxaca de Ju\u00e1rez, Oax., 26 de enero de 2024. En sus recorridos de prevenci\u00f3n y&#8230;<\/p>\n","protected":false},"author":4,"featured_media":36436,"comment_status":"","ping_status":"open","sticky":false,"template":"","format":"standard","meta":{"footnotes":""},"categories":[10],"tags":[],"jetpack_sharing_enabled":true,"featured_image_urls":{"full":["https:\/\/contextoanalisisperiodistico.com\/wp-content\/uploads\/2025\/01\/IMG-20250126-WA0044.jpg",1600,1027,false],"thumbnail":["https:\/\/contextoanalisisperiodistico.com\/wp-content\/uploads\/2025\/01\/IMG-20250126-WA0044-150x150.jpg",150,150,true],"medium":["https:\/\/contextoanalisisperiodistico.com\/wp-content\/uploads\/2025\/01\/IMG-20250126-WA0044-300x193.jpg",300,193,true],"medium_large":["https:\/\/contextoanalisisperiodistico.com\/wp-content\/uploads\/2025\/01\/IMG-20250126-WA0044-768x493.jpg",640,411,true],"large":["https:\/\/contextoanalisisperiodistico.com\/wp-content\/uploads\/2025\/01\/IMG-20250126-WA0044-1024x657.jpg",640,411,true],"1536x1536":["https:\/\/contextoanalisisperiodistico.com\/wp-content\/uploads\/2025\/01\/IMG-20250126-WA0044-1536x986.jpg",1536,986,true],"2048x2048":["https:\/\/contextoanalisisperiodistico.com\/wp-content\/uploads\/2025\/01\/IMG-20250126-WA0044.jpg",1600,1027,false],"covernews-slider-full":["https:\/\/contextoanalisisperiodistico.com\/wp-content\/uploads\/2025\/01\/IMG-20250126-WA0044-1115x715.jpg",1115,715,true],"covernews-slider-center":["https:\/\/contextoanalisisperiodistico.com\/wp-content\/uploads\/2025\/01\/IMG-20250126-WA0044-800x500.jpg",800,500,true],"covernews-featured":["https:\/\/contextoanalisisperiodistico.com\/wp-content\/uploads\/2025\/01\/IMG-20250126-WA0044-1024x657.jpg",1024,657,true],"covernews-medium":["https:\/\/contextoanalisisperiodistico.com\/wp-content\/uploads\/2025\/01\/IMG-20250126-WA0044-540x340.jpg",540,340,true],"covernews-medium-square":["https:\/\/contextoanalisisperiodistico.com\/wp-content\/uploads\/2025\/01\/IMG-20250126-WA0044-400x250.jpg",400,250,true]},"author_info":{"display_name":"Mario Gir\u00f3n","author_link":"https:\/\/contextoanalisisperiodistico.com\/index.php\/author\/director\/"},"category_info":"<a href=\"https:\/\/contextoanalisisperiodistico.com\/index.php\/category\/seguridad\/\" rel=\"category tag\">Seguridad<\/a>","tag_info":"Seguridad","comment_count":"0","jetpack_featured_media_url":"https:\/\/contextoanalisisperiodistico.com\/wp-content\/uploads\/2025\/01\/IMG-20250126-WA0044.jpg","_links":{"self":[{"href":"https:\/\/contextoanalisisperiodistico.com\/index.php\/wp-json\/wp\/v2\/posts\/36438"}],"collection":[{"href":"https:\/\/contextoanalisisperiodistico.com\/index.php\/wp-json\/wp\/v2\/posts"}],"about":[{"href":"https:\/\/contextoanalisisperiodistico.com\/index.php\/wp-json\/wp\/v2\/types\/post"}],"author":[{"embeddable":true,"href":"https:\/\/contextoanalisisperiodistico.com\/index.php\/wp-json\/wp\/v2\/users\/4"}],"replies":[{"embeddable":true,"href":"https:\/\/contextoanalisisperiodistico.com\/index.php\/wp-json\/wp\/v2\/comments?post=36438"}],"version-history":[{"count":0,"href":"https:\/\/contextoanalisisperiodistico.com\/index.php\/wp-json\/wp\/v2\/posts\/36438\/revisions"}],"wp:featuredmedia":[{"embeddable":true,"href":"https:\/\/contextoanalisisperiodistico.com\/index.php\/wp-json\/wp\/v2\/media\/36436"}],"wp:attachment":[{"href":"https:\/\/contextoanalisisperiodistico.com\/index.php\/wp-json\/wp\/v2\/media?parent=36438"}],"wp:term":[{"taxonomy":"category","embeddable":true,"href":"https:\/\/contextoanalisisperiodistico.com\/index.php\/wp-json\/wp\/v2\/categories?post=36438"},{"taxonomy":"post_tag","embeddable":true,"href":"https:\/\/contextoanalisisperiodistico.com\/index.php\/wp-json\/wp\/v2\/tags?post=36438"}],"curies":[{"name":"wp","href":"https:\/\/api.w.org\/{rel}","templated":true}]}}