{"id":36427,"date":"2025-01-26T12:17:33","date_gmt":"2025-01-26T18:17:33","guid":{"rendered":"https:\/\/contextoanalisisperiodistico.com\/index.php\/2025\/01\/26\/sin-autorizacion-incremento-en-tarifas-de-transporte-colectivo-y-especial-de-huajuapan-de-leon-semovi\/"},"modified":"2025-01-26T12:17:33","modified_gmt":"2025-01-26T18:17:33","slug":"sin-autorizacion-incremento-en-tarifas-de-transporte-colectivo-y-especial-de-huajuapan-de-leon-semovi","status":"publish","type":"post","link":"https:\/\/contextoanalisisperiodistico.com\/index.php\/2025\/01\/26\/sin-autorizacion-incremento-en-tarifas-de-transporte-colectivo-y-especial-de-huajuapan-de-leon-semovi\/","title":{"rendered":"Sin autorizaci\u00f3n incremento en tarifas de transporte colectivo y especial de Huajuapan de Le\u00f3n: Semovi"},"content":{"rendered":"<div id=\"fb-root\"><\/div>\n\n<ul class=\"wp-block-list\">\n<li>La secretaria de Movilidad convoc\u00f3 a las personas concesionarias a una reuni\u00f3n para atender sus inquietudes<\/li>\n<\/ul>\n\n\n\n<p>San Antonio de la Cal, Oax. 26 de enero de 2025.- La Secretar\u00eda de Movilidad del estado de Oaxaca (Semovi) informa que el incremento en las tarifas del transporte colectivo y especial en el municipio de la Heroica Ciudad de Huajuapan de Le\u00f3n, perteneciente a la regi\u00f3n Mixteca, no ha sido autorizado.<\/p>\n\n\n\n<p>Agrega que, hasta la fecha la Direcci\u00f3n de Planeaci\u00f3n de la Secretar\u00eda no ha recibido ninguna solicitud formal de las y los transportistas para el tr\u00e1mite de aumento de tarifas en esa demarcaci\u00f3n, por ello, cualquier incremento est\u00e1 fuera de la legalidad.<\/p>\n\n\n\n<p>Al respecto, la titular de la Semovi, Yesenia Nolasco Ram\u00edrez comparti\u00f3 que el pasado 22 de enero, 22 sitios de taxis de esta municipalidad anunciaron un incremento en las tarifas del transporte colectivo y especial, como consecuencia del alza de precios en combustibles y refacciones.<\/p>\n\n\n\n<p>Dicho aumento ser\u00eda de 8 a 10 pesos en viajes colectivos y de 35 a 50 pesos en viajes especiales, con fecha de implementaci\u00f3n a partir del 1 de febrero de 2025.<\/p>\n\n\n\n<p>En este sentido, Nolasco Ram\u00edrez se\u00f1al\u00f3 que la Secretar\u00eda est\u00e1 abierta al di\u00e1logo y a la atenci\u00f3n de las y los transportistas de todas las modalidades, por ello convoc\u00f3 al gremio a una reuni\u00f3n para escuchar sus inquietudes y necesidades, con el objetivo de respetar la ley y beneficiar a las personas concesionarias y usuarias.<\/p>\n\n\n\n<p>Con estas acciones, el Gobierno de la Primavera Oaxaque\u00f1a refrenda su compromiso de ser una administraci\u00f3n abierta, que prioriza el di\u00e1logo con todos los sectores de la poblaci\u00f3n.<\/p>\n\n\n\n<p>-0-<\/p>\n","protected":false},"excerpt":{"rendered":"<p>San Antonio de la Cal, Oax. 26 de enero de 2025.- La Secretar\u00eda de Movilidad&#8230;<\/p>\n","protected":false},"author":4,"featured_media":36426,"comment_status":"","ping_status":"open","sticky":false,"template":"","format":"standard","meta":{"footnotes":""},"categories":[9],"tags":[],"jetpack_sharing_enabled":true,"featured_image_urls":{"full":["https:\/\/contextoanalisisperiodistico.com\/wp-content\/uploads\/2025\/01\/IMG-20250126-WA0020.jpg",1080,1080,false],"thumbnail":["https:\/\/contextoanalisisperiodistico.com\/wp-content\/uploads\/2025\/01\/IMG-20250126-WA0020-150x150.jpg",150,150,true],"medium":["https:\/\/contextoanalisisperiodistico.com\/wp-content\/uploads\/2025\/01\/IMG-20250126-WA0020-300x300.jpg",300,300,true],"medium_large":["https:\/\/contextoanalisisperiodistico.com\/wp-content\/uploads\/2025\/01\/IMG-20250126-WA0020-768x768.jpg",640,640,true],"large":["https:\/\/contextoanalisisperiodistico.com\/wp-content\/uploads\/2025\/01\/IMG-20250126-WA0020-1024x1024.jpg",640,640,true],"1536x1536":["https:\/\/contextoanalisisperiodistico.com\/wp-content\/uploads\/2025\/01\/IMG-20250126-WA0020.jpg",1080,1080,false],"2048x2048":["https:\/\/contextoanalisisperiodistico.com\/wp-content\/uploads\/2025\/01\/IMG-20250126-WA0020.jpg",1080,1080,false],"covernews-slider-full":["https:\/\/contextoanalisisperiodistico.com\/wp-content\/uploads\/2025\/01\/IMG-20250126-WA0020-1080x715.jpg",1080,715,true],"covernews-slider-center":["https:\/\/contextoanalisisperiodistico.com\/wp-content\/uploads\/2025\/01\/IMG-20250126-WA0020-800x500.jpg",800,500,true],"covernews-featured":["https:\/\/contextoanalisisperiodistico.com\/wp-content\/uploads\/2025\/01\/IMG-20250126-WA0020-1024x1024.jpg",1024,1024,true],"covernews-medium":["https:\/\/contextoanalisisperiodistico.com\/wp-content\/uploads\/2025\/01\/IMG-20250126-WA0020-540x340.jpg",540,340,true],"covernews-medium-square":["https:\/\/contextoanalisisperiodistico.com\/wp-content\/uploads\/2025\/01\/IMG-20250126-WA0020-400x250.jpg",400,250,true]},"author_info":{"display_name":"Mario Gir\u00f3n","author_link":"https:\/\/contextoanalisisperiodistico.com\/index.php\/author\/director\/"},"category_info":"<a href=\"https:\/\/contextoanalisisperiodistico.com\/index.php\/category\/politica\/\" rel=\"category tag\">Pol\u00edtica<\/a>","tag_info":"Pol\u00edtica","comment_count":"0","jetpack_featured_media_url":"https:\/\/contextoanalisisperiodistico.com\/wp-content\/uploads\/2025\/01\/IMG-20250126-WA0020.jpg","_links":{"self":[{"href":"https:\/\/contextoanalisisperiodistico.com\/index.php\/wp-json\/wp\/v2\/posts\/36427"}],"collection":[{"href":"https:\/\/contextoanalisisperiodistico.com\/index.php\/wp-json\/wp\/v2\/posts"}],"about":[{"href":"https:\/\/contextoanalisisperiodistico.com\/index.php\/wp-json\/wp\/v2\/types\/post"}],"author":[{"embeddable":true,"href":"https:\/\/contextoanalisisperiodistico.com\/index.php\/wp-json\/wp\/v2\/users\/4"}],"replies":[{"embeddable":true,"href":"https:\/\/contextoanalisisperiodistico.com\/index.php\/wp-json\/wp\/v2\/comments?post=36427"}],"version-history":[{"count":0,"href":"https:\/\/contextoanalisisperiodistico.com\/index.php\/wp-json\/wp\/v2\/posts\/36427\/revisions"}],"wp:featuredmedia":[{"embeddable":true,"href":"https:\/\/contextoanalisisperiodistico.com\/index.php\/wp-json\/wp\/v2\/media\/36426"}],"wp:attachment":[{"href":"https:\/\/contextoanalisisperiodistico.com\/index.php\/wp-json\/wp\/v2\/media?parent=36427"}],"wp:term":[{"taxonomy":"category","embeddable":true,"href":"https:\/\/contextoanalisisperiodistico.com\/index.php\/wp-json\/wp\/v2\/categories?post=36427"},{"taxonomy":"post_tag","embeddable":true,"href":"https:\/\/contextoanalisisperiodistico.com\/index.php\/wp-json\/wp\/v2\/tags?post=36427"}],"curies":[{"name":"wp","href":"https:\/\/api.w.org\/{rel}","templated":true}]}}