{"id":36425,"date":"2025-01-26T12:13:04","date_gmt":"2025-01-26T18:13:04","guid":{"rendered":"https:\/\/contextoanalisisperiodistico.com\/index.php\/2025\/01\/26\/asigna-sso-415-campos-clinicos-para-servicio-social\/"},"modified":"2025-01-26T12:13:04","modified_gmt":"2025-01-26T18:13:04","slug":"asigna-sso-415-campos-clinicos-para-servicio-social","status":"publish","type":"post","link":"https:\/\/contextoanalisisperiodistico.com\/index.php\/2025\/01\/26\/asigna-sso-415-campos-clinicos-para-servicio-social\/","title":{"rendered":"Asigna SSO 415 campos cl\u00ednicos para servicio social"},"content":{"rendered":"<div id=\"fb-root\"><\/div>\n\n<p>\u2022 Se trata de un ejercicio de transparencia y legalidad, fundamental para la formaci\u00f3n profesional de quienes egresan<\/p>\n\n\n\n<figure class=\"wp-block-image size-large\"><img fetchpriority=\"high\" decoding=\"async\" width=\"768\" height=\"1024\" src=\"https:\/\/contextoanalisisperiodistico.com\/wp-content\/uploads\/2025\/01\/img-20250126-wa00412759458602591625560-768x1024.jpg\" alt=\"\" class=\"wp-image-36424\" srcset=\"https:\/\/contextoanalisisperiodistico.com\/wp-content\/uploads\/2025\/01\/img-20250126-wa00412759458602591625560-768x1024.jpg 768w, https:\/\/contextoanalisisperiodistico.com\/wp-content\/uploads\/2025\/01\/img-20250126-wa00412759458602591625560-225x300.jpg 225w, https:\/\/contextoanalisisperiodistico.com\/wp-content\/uploads\/2025\/01\/img-20250126-wa00412759458602591625560-1152x1536.jpg 1152w, https:\/\/contextoanalisisperiodistico.com\/wp-content\/uploads\/2025\/01\/img-20250126-wa00412759458602591625560-1024x1365.jpg 1024w, https:\/\/contextoanalisisperiodistico.com\/wp-content\/uploads\/2025\/01\/img-20250126-wa00412759458602591625560.jpg 1200w\" sizes=\"(max-width: 768px) 100vw, 768px\" \/><\/figure>\n\n\n\n<figure class=\"wp-block-image\"><img decoding=\"async\" width=\"1024\" height=\"768\" src=\"https:\/\/contextoanalisisperiodistico.com\/wp-content\/uploads\/2025\/01\/img-20250126-wa00395074345090848150183-1024x768.jpg\" alt=\"\" class=\"wp-image-36423\" srcset=\"https:\/\/contextoanalisisperiodistico.com\/wp-content\/uploads\/2025\/01\/img-20250126-wa00395074345090848150183-1024x768.jpg 1024w, https:\/\/contextoanalisisperiodistico.com\/wp-content\/uploads\/2025\/01\/img-20250126-wa00395074345090848150183-300x225.jpg 300w, https:\/\/contextoanalisisperiodistico.com\/wp-content\/uploads\/2025\/01\/img-20250126-wa00395074345090848150183-768x576.jpg 768w, https:\/\/contextoanalisisperiodistico.com\/wp-content\/uploads\/2025\/01\/img-20250126-wa00395074345090848150183.jpg 1500w\" sizes=\"(max-width: 1024px) 100vw, 1024px\" \/><\/figure>\n\n\n\n<p>Oaxaca de Ju\u00e1rez, Oax. 26 enero de 2025.- En un ejercicio de transparencia y legalidad, Servicios de Salud de Oaxaca (SSO) a trav\u00e9s de la Direcci\u00f3n de Ense\u00f1anza y Calidad, llevaron a cabo la asignaci\u00f3n de 415 campos cl\u00ednicos de servicio social, marcando un paso crucial en la formaci\u00f3n profesional de las y los j\u00f3venes egresados.<\/p>\n\n\n\n<p>Durante el evento, de acuerdo con el promedio obtenido de las y los pasantes en sus respectivas licenciaturas, tuvieron la oportunidad de elegir las unidades m\u00e9dicas donde desarrollar\u00e1n su servicio social, bajo un protocolo de estricto apego a la normatividad.<\/p>\n\n\n\n<p>La ceremonia fue encabezada por la directora de Ense\u00f1anza y Calidad, Christell G\u00f3mez Navarro quien convoc\u00f3 a esta nueva generaci\u00f3n de pasantes a dar lo mejor de s\u00ed, destacando la gran responsabilidad que implica contribuir al cuidado de la salud en comunidades alejadas.<\/p>\n\n\n\n<p>Destac\u00f3 que esta etapa ser\u00e1 un pilar fundamental en su desarrollo profesional y personal, dejando una huella positiva en la sociedad.<\/p>\n\n\n\n<p>En el encuentro estuvieron presentes representantes de la Secretar\u00eda de Honestidad, Transparencia y Funci\u00f3n P\u00fablica, Servicios de Salud IMSS-BIENESTAR, Instituto Mexicano del Seguro Social (IMSS), Instituto de Seguridad y Servicios Sociales de los Trabajadores del Estado (ISSSTE) y el Sistema para el Desarrollo Integral de la Familia (DIF) Oaxaca, quienes dieron fe y legalidad al proceso.<\/p>\n\n\n\n<p>Los campos cl\u00ednicos asignados ser\u00e1n cubiertos por egresados de las licenciaturas de Medicina, Odontolog\u00eda, Enfermer\u00eda, Psicolog\u00eda, Nutrici\u00f3n, Fisioterapia y Trabajo Social; provenientes de las universidades: Aut\u00f3noma Benito Ju\u00e1rez de Oaxaca (UABJO); Regional del Sureste (Urse); La Salle Oaxaca; del Golfo de M\u00e9xico (UGMEX) campus Oaxaca; del Mar (Umar); de la Costa (Uncos); para el Bienestar \u201cBenito Ju\u00e1rez\u201d; de la Sierra; del Istmo (Unistmo); Polit\u00e9cnica de Nochixtl\u00e1n.<\/p>\n\n\n\n<p>De igual manera el Colegio Nacional de Educaci\u00f3n Profesional T\u00e9cnica (Conalep) y el Instituto de Estudios Superiores del Istmo de Tehuantepec (IESIT).<\/p>\n\n\n\n<p>La asignaci\u00f3n de campos cl\u00ednicos representa una oportunidad para que las y los pasantes apliquen sus conocimientos y adquieran experiencia, contribuyendo al bienestar de la poblaci\u00f3n oaxaque\u00f1a.<\/p>\n\n\n\n<p>Este proceso reafirma el compromiso de los SSO con la formaci\u00f3n integral de las y los profesionales de la salud, as\u00ed como con el fortalecimiento de los servicios m\u00e9dicos en las comunidades m\u00e1s vulnerables de la entidad.<\/p>\n\n\n\n<p>-0-<\/p>\n","protected":false},"excerpt":{"rendered":"<p>\u2022 Se trata de un ejercicio de transparencia y legalidad, fundamental para la formaci\u00f3n profesional&#8230;<\/p>\n","protected":false},"author":4,"featured_media":36422,"comment_status":"","ping_status":"open","sticky":false,"template":"","format":"standard","meta":{"footnotes":""},"categories":[9],"tags":[],"jetpack_sharing_enabled":true,"featured_image_urls":{"full":["https:\/\/contextoanalisisperiodistico.com\/wp-content\/uploads\/2025\/01\/IMG-20250126-WA0040.jpg",1200,1600,false],"thumbnail":["https:\/\/contextoanalisisperiodistico.com\/wp-content\/uploads\/2025\/01\/IMG-20250126-WA0040-150x150.jpg",150,150,true],"medium":["https:\/\/contextoanalisisperiodistico.com\/wp-content\/uploads\/2025\/01\/IMG-20250126-WA0040-225x300.jpg",225,300,true],"medium_large":["https:\/\/contextoanalisisperiodistico.com\/wp-content\/uploads\/2025\/01\/IMG-20250126-WA0040-768x1024.jpg",640,853,true],"large":["https:\/\/contextoanalisisperiodistico.com\/wp-content\/uploads\/2025\/01\/IMG-20250126-WA0040-768x1024.jpg",640,853,true],"1536x1536":["https:\/\/contextoanalisisperiodistico.com\/wp-content\/uploads\/2025\/01\/IMG-20250126-WA0040-1152x1536.jpg",1152,1536,true],"2048x2048":["https:\/\/contextoanalisisperiodistico.com\/wp-content\/uploads\/2025\/01\/IMG-20250126-WA0040.jpg",1200,1600,false],"covernews-slider-full":["https:\/\/contextoanalisisperiodistico.com\/wp-content\/uploads\/2025\/01\/IMG-20250126-WA0040-1115x715.jpg",1115,715,true],"covernews-slider-center":["https:\/\/contextoanalisisperiodistico.com\/wp-content\/uploads\/2025\/01\/IMG-20250126-WA0040-800x500.jpg",800,500,true],"covernews-featured":["https:\/\/contextoanalisisperiodistico.com\/wp-content\/uploads\/2025\/01\/IMG-20250126-WA0040-1024x1365.jpg",1024,1365,true],"covernews-medium":["https:\/\/contextoanalisisperiodistico.com\/wp-content\/uploads\/2025\/01\/IMG-20250126-WA0040-540x340.jpg",540,340,true],"covernews-medium-square":["https:\/\/contextoanalisisperiodistico.com\/wp-content\/uploads\/2025\/01\/IMG-20250126-WA0040-400x250.jpg",400,250,true]},"author_info":{"display_name":"Mario Gir\u00f3n","author_link":"https:\/\/contextoanalisisperiodistico.com\/index.php\/author\/director\/"},"category_info":"<a href=\"https:\/\/contextoanalisisperiodistico.com\/index.php\/category\/politica\/\" rel=\"category tag\">Pol\u00edtica<\/a>","tag_info":"Pol\u00edtica","comment_count":"0","jetpack_featured_media_url":"https:\/\/contextoanalisisperiodistico.com\/wp-content\/uploads\/2025\/01\/IMG-20250126-WA0040.jpg","_links":{"self":[{"href":"https:\/\/contextoanalisisperiodistico.com\/index.php\/wp-json\/wp\/v2\/posts\/36425"}],"collection":[{"href":"https:\/\/contextoanalisisperiodistico.com\/index.php\/wp-json\/wp\/v2\/posts"}],"about":[{"href":"https:\/\/contextoanalisisperiodistico.com\/index.php\/wp-json\/wp\/v2\/types\/post"}],"author":[{"embeddable":true,"href":"https:\/\/contextoanalisisperiodistico.com\/index.php\/wp-json\/wp\/v2\/users\/4"}],"replies":[{"embeddable":true,"href":"https:\/\/contextoanalisisperiodistico.com\/index.php\/wp-json\/wp\/v2\/comments?post=36425"}],"version-history":[{"count":0,"href":"https:\/\/contextoanalisisperiodistico.com\/index.php\/wp-json\/wp\/v2\/posts\/36425\/revisions"}],"wp:featuredmedia":[{"embeddable":true,"href":"https:\/\/contextoanalisisperiodistico.com\/index.php\/wp-json\/wp\/v2\/media\/36422"}],"wp:attachment":[{"href":"https:\/\/contextoanalisisperiodistico.com\/index.php\/wp-json\/wp\/v2\/media?parent=36425"}],"wp:term":[{"taxonomy":"category","embeddable":true,"href":"https:\/\/contextoanalisisperiodistico.com\/index.php\/wp-json\/wp\/v2\/categories?post=36425"},{"taxonomy":"post_tag","embeddable":true,"href":"https:\/\/contextoanalisisperiodistico.com\/index.php\/wp-json\/wp\/v2\/tags?post=36425"}],"curies":[{"name":"wp","href":"https:\/\/api.w.org\/{rel}","templated":true}]}}