{"id":36407,"date":"2025-01-25T10:09:53","date_gmt":"2025-01-25T16:09:53","guid":{"rendered":"https:\/\/contextoanalisisperiodistico.com\/index.php\/2025\/01\/25\/que-el-senor-bendiga-a-los-periodistas-y-medios-de-comunicacion-presbitero-ricardo-vasquez-ojeda\/"},"modified":"2025-01-25T10:09:53","modified_gmt":"2025-01-25T16:09:53","slug":"que-el-senor-bendiga-a-los-periodistas-y-medios-de-comunicacion-presbitero-ricardo-vasquez-ojeda","status":"publish","type":"post","link":"https:\/\/contextoanalisisperiodistico.com\/index.php\/2025\/01\/25\/que-el-senor-bendiga-a-los-periodistas-y-medios-de-comunicacion-presbitero-ricardo-vasquez-ojeda\/","title":{"rendered":"Que el Se\u00f1or bendiga a los periodistas y medios de comunicaci\u00f3n: Presb\u00edtero Ricardo V\u00e1squez Ojeda"},"content":{"rendered":"<div id=\"fb-root\"><\/div>\n\n<p><em>\u2022 Cat\u00f3licos del Rosario acompa\u00f1an acci\u00f3n de gracias por todos los comunicadores<\/em><\/p>\n\n\n\n<p>Por: Joel JAVIER <br>\u00a0<br>Parroquia de Nuestra Se\u00f1ora del Rosario, Oax., Enero 24, 2025. \u201cEl Esp\u00edritu del Se\u00f1or est\u00e1 sobre m\u00ed, porque me ha ungido para llevar a los pobres la buena nueva\u201d, consignaba la palabra del Evangelio, a trav\u00e9s de dos lienzos ubicados en el altar de este templo parroquial de esta unidad habitacional, en el marco de la celebraci\u00f3n Eucar\u00edstica, presidida por el presb\u00edtero Ricardo V\u00e1squez Ojeda, para con ello, transmitir y llevar el Evangelio a todas y todos los cat\u00f3licos de esta demarcaci\u00f3n perteneciente a San Sebasti\u00e1n Tutla.<\/p>\n\n\n\n<p>En este d\u00eda, en el cual los cat\u00f3licos festejan la festividad de San Francisco de Sales, santo patr\u00f3n de las y los periodistas y comunicadores, los asistentes acompa\u00f1aron esta acci\u00f3n de gracias por todos los periodistas, escritores y medios de comunicaci\u00f3n para que el Se\u00f1or les bendiga por tan importante labor en favor de la comunidad, as\u00ed como tambi\u00e9n, hicieron votos religiosos por las necesidades laborales de los bautizados en Cristo, por su salud f\u00edsica, espiritual y el descanso eterno de los fieles difuntos.<\/p>\n\n\n\n<p>Purificamos nuestro coraz\u00f3n pidiendo perd\u00f3n, a\u00f1ad\u00eda V\u00e1squez Ojeda, y en oraci\u00f3n agregaba: \u201cDios nuestro que para la salvaci\u00f3n de las almas, quisiste que el obispo san Francisco de Sales se hiciera todo para todos, conc\u00e9denos que a ejemplo tuyo gocemos siempre la mansedumbre de tu amor en el servicio de los hermanos\u201d.<\/p>\n\n\n\n<p>\u201cMu\u00e9stranos Se\u00f1or tu misericordia y danos tu salvaci\u00f3n, est\u00e1 ya cerca nuestra salvaci\u00f3n y la gloria del Se\u00f1or habitar\u00e1 en la tierra; la misericordia y la verdad se encontraron la justicia y la paz se besaron, la fidelidad pronto en la tierra y la justicia vino del cielo; cuando el Se\u00f1or nos muestre su bondad nuestra tierra producir\u00e1 su fruto, la justicia le abrir\u00e1 camino al Se\u00f1or e ir\u00e1 siguiendo sus pisadas\u201d. Aleluya, consignaban las y los asistentes.<\/p>\n\n\n\n<p>En reflexi\u00f3n al santo Evangelio, seg\u00fan san Marcos, V\u00e1squez Ojeda a\u00f1adi\u00f3 que hoy relata un acontecimiento muy importante dentro de la misi\u00f3n de Jes\u00fas, al que no se le ha dado la importancia que tiene cuando instituy\u00f3 a los doce ap\u00f3stoles para asegurar su misi\u00f3n y, al mismo tiempo, fund\u00f3 la iglesia porque los ap\u00f3stoles fueron la \u201csemilla\u201d o el \u201ccoraz\u00f3n\u201d de la iglesia a quienes Jes\u00fas llam\u00f3 con amor para que se quedaran con \u00c9l para que se quedaran a predicar y tuvieran el poder de expulsar demonios.<\/p>\n\n\n\n<p>\u201cJes\u00fas no llam\u00f3 a \u00e1ngeles ni a personas perfectas, sino a personas como cualquiera de nosotros pero, a quienes tambi\u00e9n llam\u00f3 a la conversi\u00f3n,misma que vivieron en comuni\u00f3n con \u00c9l f\u00edsicamente durante su vida terrenal y, despu\u00e9s de la Pascua, cuando cambiaron los actos de su coraz\u00f3n y forma de vida, pensando, como relata el Evangelio, igual que Jes\u00fas, despu\u00e9s de su resurrecci\u00f3n y se convirtieron en representantes de Cristo.<\/p>\n\n\n\n<p>Jes\u00fas los envi\u00f3 a predicar, a anunciar el Evangelio en todo el mundo,continuar con su misi\u00f3n y anunciar la buena noticia, predicando la palabra, coordinar la oraci\u00f3n y llevar los sacramentos del Bautismo y la Eucarist\u00eda, como lo narra el libro de los ap\u00f3stoles, parte de la evangelizaci\u00f3n y todo lo que concierne a la verdad que recibieron de Dios y transmitir verdades que vienen de Jes\u00fas.<\/p>\n\n\n\n<p>El Padre Ricardo, acompa\u00f1ado por integrantes de los diversos grupos de Pastoral de este recinto religioso, a\u00f1adi\u00f3 que los ap\u00f3stoles sacaron a los demonios con el sacramento de la Confesi\u00f3n y motivando que las personas vuelvan a Dios. \u201cEstar con Jes\u00fas es anunciarlo y darlo a conocer, como en su tiempo fue con sus sucesores, los 12 ap\u00f3stoles y ahora son los obispos, el Papa y los sacerdotes como colaboradores de los sucesores de los obispos. \u201cPrediquemos el Evangelio, oremos por los obispos para que sean verdaderos pastores y representantes de los ap\u00f3stoles. Todos somos pecadores pero en nuestro ministerio seamos m\u00e1s fieles al amor de Jes\u00fas, cumplamos estando siempre con Cristo\u201d, subrayaba.<\/p>\n\n\n\n<p>Celebramos a san Francisco de Sales, un obispo que luch\u00f3 constantemente por difundir el Evangelio y por ello es santo patr\u00f3n de todos los periodistas por su labor evangelizadora de llevar la buena noticia a toda la gente. Pidamos tambi\u00e9n que todos los periodistas sean fieles a la verdad y a las buenas noticias con la esperanza para salir adelante con la misma misi\u00f3n de los ap\u00f3stoles as\u00ed como de los obispos, el papa, los sacerdotes, religiosas y tambi\u00e9n, a trav\u00e9s de todos los fieles, cristianos y bautizados; vivamos con alegr\u00eda este llamado que Cristo nos ha hecho para estar con \u00c9l, predicar el Evangelio y expulsar demonios, conclu\u00eda en esta celebraci\u00f3n en la que agradeci\u00f3 el apoyo de los diversos medios de comunicaci\u00f3n por el apoyo y difusi\u00f3n las actividades de esta Parroquia. <\/p>\n\n\n\n<figure class=\"wp-block-image size-large\"><img fetchpriority=\"high\" decoding=\"async\" width=\"1024\" height=\"694\" src=\"https:\/\/contextoanalisisperiodistico.com\/wp-content\/uploads\/2025\/01\/img-20250125-wa00374857791345194758502-1024x694.jpg\" alt=\"\" class=\"wp-image-36404\" srcset=\"https:\/\/contextoanalisisperiodistico.com\/wp-content\/uploads\/2025\/01\/img-20250125-wa00374857791345194758502-1024x694.jpg 1024w, https:\/\/contextoanalisisperiodistico.com\/wp-content\/uploads\/2025\/01\/img-20250125-wa00374857791345194758502-300x203.jpg 300w, https:\/\/contextoanalisisperiodistico.com\/wp-content\/uploads\/2025\/01\/img-20250125-wa00374857791345194758502-768x520.jpg 768w, https:\/\/contextoanalisisperiodistico.com\/wp-content\/uploads\/2025\/01\/img-20250125-wa00374857791345194758502.jpg 1280w\" sizes=\"(max-width: 1024px) 100vw, 1024px\" \/><\/figure>\n\n\n\n<figure class=\"wp-block-image\"><img decoding=\"async\" width=\"1024\" height=\"992\" src=\"https:\/\/contextoanalisisperiodistico.com\/wp-content\/uploads\/2025\/01\/img-20250125-wa00387455781963371188473-1024x992.jpg\" alt=\"\" class=\"wp-image-36406\" srcset=\"https:\/\/contextoanalisisperiodistico.com\/wp-content\/uploads\/2025\/01\/img-20250125-wa00387455781963371188473-1024x992.jpg 1024w, https:\/\/contextoanalisisperiodistico.com\/wp-content\/uploads\/2025\/01\/img-20250125-wa00387455781963371188473-300x291.jpg 300w, https:\/\/contextoanalisisperiodistico.com\/wp-content\/uploads\/2025\/01\/img-20250125-wa00387455781963371188473-768x744.jpg 768w, https:\/\/contextoanalisisperiodistico.com\/wp-content\/uploads\/2025\/01\/img-20250125-wa00387455781963371188473.jpg 1280w\" sizes=\"(max-width: 1024px) 100vw, 1024px\" \/><\/figure>\n\n\n\n<figure class=\"wp-block-image\"><img decoding=\"async\" width=\"732\" height=\"1024\" src=\"https:\/\/contextoanalisisperiodistico.com\/wp-content\/uploads\/2025\/01\/img-20250125-wa00393979715263345461328-732x1024.jpg\" alt=\"\" class=\"wp-image-36405\" srcset=\"https:\/\/contextoanalisisperiodistico.com\/wp-content\/uploads\/2025\/01\/img-20250125-wa00393979715263345461328-732x1024.jpg 732w, https:\/\/contextoanalisisperiodistico.com\/wp-content\/uploads\/2025\/01\/img-20250125-wa00393979715263345461328-214x300.jpg 214w, https:\/\/contextoanalisisperiodistico.com\/wp-content\/uploads\/2025\/01\/img-20250125-wa00393979715263345461328-768x1074.jpg 768w, https:\/\/contextoanalisisperiodistico.com\/wp-content\/uploads\/2025\/01\/img-20250125-wa00393979715263345461328.jpg 915w\" sizes=\"(max-width: 732px) 100vw, 732px\" \/><\/figure>\n","protected":false},"excerpt":{"rendered":"<p>\u2022 Cat\u00f3licos del Rosario acompa\u00f1an acci\u00f3n de gracias por todos los comunicadores Por: Joel JAVIER&#8230;<\/p>\n","protected":false},"author":4,"featured_media":36403,"comment_status":"","ping_status":"open","sticky":false,"template":"","format":"standard","meta":{"footnotes":""},"categories":[9],"tags":[],"jetpack_sharing_enabled":true,"featured_image_urls":{"full":["https:\/\/contextoanalisisperiodistico.com\/wp-content\/uploads\/2025\/01\/IMG-20250125-WA0040.jpg",814,1280,false],"thumbnail":["https:\/\/contextoanalisisperiodistico.com\/wp-content\/uploads\/2025\/01\/IMG-20250125-WA0040-150x150.jpg",150,150,true],"medium":["https:\/\/contextoanalisisperiodistico.com\/wp-content\/uploads\/2025\/01\/IMG-20250125-WA0040-191x300.jpg",191,300,true],"medium_large":["https:\/\/contextoanalisisperiodistico.com\/wp-content\/uploads\/2025\/01\/IMG-20250125-WA0040-768x1208.jpg",640,1007,true],"large":["https:\/\/contextoanalisisperiodistico.com\/wp-content\/uploads\/2025\/01\/IMG-20250125-WA0040-651x1024.jpg",640,1007,true],"1536x1536":["https:\/\/contextoanalisisperiodistico.com\/wp-content\/uploads\/2025\/01\/IMG-20250125-WA0040.jpg",814,1280,false],"2048x2048":["https:\/\/contextoanalisisperiodistico.com\/wp-content\/uploads\/2025\/01\/IMG-20250125-WA0040.jpg",814,1280,false],"covernews-slider-full":["https:\/\/contextoanalisisperiodistico.com\/wp-content\/uploads\/2025\/01\/IMG-20250125-WA0040-814x715.jpg",814,715,true],"covernews-slider-center":["https:\/\/contextoanalisisperiodistico.com\/wp-content\/uploads\/2025\/01\/IMG-20250125-WA0040-800x500.jpg",800,500,true],"covernews-featured":["https:\/\/contextoanalisisperiodistico.com\/wp-content\/uploads\/2025\/01\/IMG-20250125-WA0040.jpg",814,1280,false],"covernews-medium":["https:\/\/contextoanalisisperiodistico.com\/wp-content\/uploads\/2025\/01\/IMG-20250125-WA0040-540x340.jpg",540,340,true],"covernews-medium-square":["https:\/\/contextoanalisisperiodistico.com\/wp-content\/uploads\/2025\/01\/IMG-20250125-WA0040-400x250.jpg",400,250,true]},"author_info":{"display_name":"Mario Gir\u00f3n","author_link":"https:\/\/contextoanalisisperiodistico.com\/index.php\/author\/director\/"},"category_info":"<a href=\"https:\/\/contextoanalisisperiodistico.com\/index.php\/category\/politica\/\" rel=\"category tag\">Pol\u00edtica<\/a>","tag_info":"Pol\u00edtica","comment_count":"0","jetpack_featured_media_url":"https:\/\/contextoanalisisperiodistico.com\/wp-content\/uploads\/2025\/01\/IMG-20250125-WA0040.jpg","_links":{"self":[{"href":"https:\/\/contextoanalisisperiodistico.com\/index.php\/wp-json\/wp\/v2\/posts\/36407"}],"collection":[{"href":"https:\/\/contextoanalisisperiodistico.com\/index.php\/wp-json\/wp\/v2\/posts"}],"about":[{"href":"https:\/\/contextoanalisisperiodistico.com\/index.php\/wp-json\/wp\/v2\/types\/post"}],"author":[{"embeddable":true,"href":"https:\/\/contextoanalisisperiodistico.com\/index.php\/wp-json\/wp\/v2\/users\/4"}],"replies":[{"embeddable":true,"href":"https:\/\/contextoanalisisperiodistico.com\/index.php\/wp-json\/wp\/v2\/comments?post=36407"}],"version-history":[{"count":0,"href":"https:\/\/contextoanalisisperiodistico.com\/index.php\/wp-json\/wp\/v2\/posts\/36407\/revisions"}],"wp:featuredmedia":[{"embeddable":true,"href":"https:\/\/contextoanalisisperiodistico.com\/index.php\/wp-json\/wp\/v2\/media\/36403"}],"wp:attachment":[{"href":"https:\/\/contextoanalisisperiodistico.com\/index.php\/wp-json\/wp\/v2\/media?parent=36407"}],"wp:term":[{"taxonomy":"category","embeddable":true,"href":"https:\/\/contextoanalisisperiodistico.com\/index.php\/wp-json\/wp\/v2\/categories?post=36407"},{"taxonomy":"post_tag","embeddable":true,"href":"https:\/\/contextoanalisisperiodistico.com\/index.php\/wp-json\/wp\/v2\/tags?post=36407"}],"curies":[{"name":"wp","href":"https:\/\/api.w.org\/{rel}","templated":true}]}}