{"id":36401,"date":"2025-01-25T10:01:04","date_gmt":"2025-01-25T16:01:04","guid":{"rendered":"https:\/\/contextoanalisisperiodistico.com\/index.php\/2025\/01\/25\/nueva-carretera-mitla-tehuantepec-fundamental-para-consolidar-el-desarrollo-regional-sedeco\/"},"modified":"2025-01-25T10:01:04","modified_gmt":"2025-01-25T16:01:04","slug":"nueva-carretera-mitla-tehuantepec-fundamental-para-consolidar-el-desarrollo-regional-sedeco","status":"publish","type":"post","link":"https:\/\/contextoanalisisperiodistico.com\/index.php\/2025\/01\/25\/nueva-carretera-mitla-tehuantepec-fundamental-para-consolidar-el-desarrollo-regional-sedeco\/","title":{"rendered":"Nueva carretera Mitla-Tehuantepec fundamental para consolidar el desarrollo regional: Sedeco"},"content":{"rendered":"<div id=\"fb-root\"><\/div>\n\n<p>\u2022 Esta infraestructura detonar\u00e1 el crecimiento econ\u00f3mico y social de Oaxaca, lo que la colocar\u00e1 en la vanguardia del comercio internacional<\/p>\n\n\n\n<p>Santo Domingo Tehuantepec, Oax., 25 de enero de 2025.- Con la inauguraci\u00f3n de la autopista Mitla-Tehuantepec, Oaxaca consolida la ruta hacia el desarrollo, ya que esta v\u00eda es fundamental para los sectores productivo, empresarial y de servicios, as\u00ed como para el transporte de mercanc\u00edas y personas, expres\u00f3 el titular de la Secretar\u00eda de Desarrollo Econ\u00f3mico (Sedeco) Ra\u00fal Ruiz Robles.<\/p>\n\n\n\n<p>Precis\u00f3 que esta ruta inaugurada por la Presidenta Claudia Sheinbaum Pardo y el Gobernador Salom\u00f3n Jara Cruz, detonar\u00e1 un avance econ\u00f3mico y social que ser\u00e1 determinante al conectar con grandes obras de infraestructura como el Corredor Interoce\u00e1nico del Istmo de Tehuantepec (CIIT), que colocar\u00e1 a Oaxaca en la vanguardia del comercio internacional.<\/p>\n\n\n\n<p>\u201cVivimos tiempos hist\u00f3ricos que transformar\u00e1n la vida de miles de familias, impulsando la econom\u00eda, ampliando el mercado interno, mejorando la productividad y fortaleciendo el crecimiento de empresas y negocios, apoyados en una red carretera moderna y \u00e1gil que conecta a diversas de comunidades\u201d, dijo.<\/p>\n\n\n\n<p>El titular de la Sedeco a\u00f1adi\u00f3 que esta autopista disminuye el recorrido de cuatro horas y media a dos horas y media, lo que facilitar\u00e1 el transporte de carga de productos oaxaque\u00f1os hacia la capital del estado y centro del pa\u00eds, adem\u00e1s de fortalecer el comercio local.<\/p>\n\n\n\n<p>-0-<\/p>\n","protected":false},"excerpt":{"rendered":"<p>\u2022 Esta infraestructura detonar\u00e1 el crecimiento econ\u00f3mico y social de Oaxaca, lo que la colocar\u00e1&#8230;<\/p>\n","protected":false},"author":4,"featured_media":36400,"comment_status":"","ping_status":"open","sticky":false,"template":"","format":"standard","meta":{"footnotes":""},"categories":[9],"tags":[],"jetpack_sharing_enabled":true,"featured_image_urls":{"full":["https:\/\/contextoanalisisperiodistico.com\/wp-content\/uploads\/2025\/01\/IMG-20250125-WA0045.jpg",1600,1600,false],"thumbnail":["https:\/\/contextoanalisisperiodistico.com\/wp-content\/uploads\/2025\/01\/IMG-20250125-WA0045-150x150.jpg",150,150,true],"medium":["https:\/\/contextoanalisisperiodistico.com\/wp-content\/uploads\/2025\/01\/IMG-20250125-WA0045-300x300.jpg",300,300,true],"medium_large":["https:\/\/contextoanalisisperiodistico.com\/wp-content\/uploads\/2025\/01\/IMG-20250125-WA0045-768x768.jpg",640,640,true],"large":["https:\/\/contextoanalisisperiodistico.com\/wp-content\/uploads\/2025\/01\/IMG-20250125-WA0045-1024x1024.jpg",640,640,true],"1536x1536":["https:\/\/contextoanalisisperiodistico.com\/wp-content\/uploads\/2025\/01\/IMG-20250125-WA0045-1536x1536.jpg",1536,1536,true],"2048x2048":["https:\/\/contextoanalisisperiodistico.com\/wp-content\/uploads\/2025\/01\/IMG-20250125-WA0045.jpg",1600,1600,false],"covernews-slider-full":["https:\/\/contextoanalisisperiodistico.com\/wp-content\/uploads\/2025\/01\/IMG-20250125-WA0045-1115x715.jpg",1115,715,true],"covernews-slider-center":["https:\/\/contextoanalisisperiodistico.com\/wp-content\/uploads\/2025\/01\/IMG-20250125-WA0045-800x500.jpg",800,500,true],"covernews-featured":["https:\/\/contextoanalisisperiodistico.com\/wp-content\/uploads\/2025\/01\/IMG-20250125-WA0045-1024x1024.jpg",1024,1024,true],"covernews-medium":["https:\/\/contextoanalisisperiodistico.com\/wp-content\/uploads\/2025\/01\/IMG-20250125-WA0045-540x340.jpg",540,340,true],"covernews-medium-square":["https:\/\/contextoanalisisperiodistico.com\/wp-content\/uploads\/2025\/01\/IMG-20250125-WA0045-400x250.jpg",400,250,true]},"author_info":{"display_name":"Mario Gir\u00f3n","author_link":"https:\/\/contextoanalisisperiodistico.com\/index.php\/author\/director\/"},"category_info":"<a href=\"https:\/\/contextoanalisisperiodistico.com\/index.php\/category\/politica\/\" rel=\"category tag\">Pol\u00edtica<\/a>","tag_info":"Pol\u00edtica","comment_count":"0","jetpack_featured_media_url":"https:\/\/contextoanalisisperiodistico.com\/wp-content\/uploads\/2025\/01\/IMG-20250125-WA0045.jpg","_links":{"self":[{"href":"https:\/\/contextoanalisisperiodistico.com\/index.php\/wp-json\/wp\/v2\/posts\/36401"}],"collection":[{"href":"https:\/\/contextoanalisisperiodistico.com\/index.php\/wp-json\/wp\/v2\/posts"}],"about":[{"href":"https:\/\/contextoanalisisperiodistico.com\/index.php\/wp-json\/wp\/v2\/types\/post"}],"author":[{"embeddable":true,"href":"https:\/\/contextoanalisisperiodistico.com\/index.php\/wp-json\/wp\/v2\/users\/4"}],"replies":[{"embeddable":true,"href":"https:\/\/contextoanalisisperiodistico.com\/index.php\/wp-json\/wp\/v2\/comments?post=36401"}],"version-history":[{"count":0,"href":"https:\/\/contextoanalisisperiodistico.com\/index.php\/wp-json\/wp\/v2\/posts\/36401\/revisions"}],"wp:featuredmedia":[{"embeddable":true,"href":"https:\/\/contextoanalisisperiodistico.com\/index.php\/wp-json\/wp\/v2\/media\/36400"}],"wp:attachment":[{"href":"https:\/\/contextoanalisisperiodistico.com\/index.php\/wp-json\/wp\/v2\/media?parent=36401"}],"wp:term":[{"taxonomy":"category","embeddable":true,"href":"https:\/\/contextoanalisisperiodistico.com\/index.php\/wp-json\/wp\/v2\/categories?post=36401"},{"taxonomy":"post_tag","embeddable":true,"href":"https:\/\/contextoanalisisperiodistico.com\/index.php\/wp-json\/wp\/v2\/tags?post=36401"}],"curies":[{"name":"wp","href":"https:\/\/api.w.org\/{rel}","templated":true}]}}