{"id":36380,"date":"2025-01-24T13:35:58","date_gmt":"2025-01-24T19:35:58","guid":{"rendered":"https:\/\/contextoanalisisperiodistico.com\/index.php\/2025\/01\/24\/policia-municipal-detiene-a-dos-personas-en-posesion-de-un-arma-de-fuego-de-utileria\/"},"modified":"2025-01-24T13:35:58","modified_gmt":"2025-01-24T19:35:58","slug":"policia-municipal-detiene-a-dos-personas-en-posesion-de-un-arma-de-fuego-de-utileria","status":"publish","type":"post","link":"https:\/\/contextoanalisisperiodistico.com\/index.php\/2025\/01\/24\/policia-municipal-detiene-a-dos-personas-en-posesion-de-un-arma-de-fuego-de-utileria\/","title":{"rendered":"Polic\u00eda Municipal detiene a dos personas en posesi\u00f3n de un arma de fuego de utiler\u00eda"},"content":{"rendered":"<div id=\"fb-root\"><\/div>\n\n<p>\u2022Fueron reportados por amenazar a un ciudadano<\/p>\n\n\n\n<figure class=\"wp-block-image size-large\"><img fetchpriority=\"high\" decoding=\"async\" width=\"1024\" height=\"757\" src=\"https:\/\/contextoanalisisperiodistico.com\/wp-content\/uploads\/2025\/01\/img-20250124-wa00777727971095503957573-1024x757.jpg\" alt=\"\" class=\"wp-image-36379\" srcset=\"https:\/\/contextoanalisisperiodistico.com\/wp-content\/uploads\/2025\/01\/img-20250124-wa00777727971095503957573-1024x757.jpg 1024w, https:\/\/contextoanalisisperiodistico.com\/wp-content\/uploads\/2025\/01\/img-20250124-wa00777727971095503957573-300x222.jpg 300w, https:\/\/contextoanalisisperiodistico.com\/wp-content\/uploads\/2025\/01\/img-20250124-wa00777727971095503957573-768x568.jpg 768w, https:\/\/contextoanalisisperiodistico.com\/wp-content\/uploads\/2025\/01\/img-20250124-wa00777727971095503957573.jpg 1381w\" sizes=\"(max-width: 1024px) 100vw, 1024px\" \/><\/figure>\n\n\n\n<p>Oaxaca de Ju\u00e1rez, Oax., 24 de enero de 2025.- En una oportuna intervenci\u00f3n en apoyo a las vecinas y vecinos de Oaxaca de Ju\u00e1rez, la Secretar\u00eda de Seguridad Vecinal realiz\u00f3 la detenci\u00f3n de dos personas sorprendidas en posesi\u00f3n de un arma de fuego de utiler\u00eda.<\/p>\n\n\n\n<p>El jueves, a las 15:10 horas, el C4 alert\u00f3 a elementos de la Direcci\u00f3n de Proximidad Social sobre dos sujetos que portaban un arma de fuego y hab\u00edan amenazado a un ciudadano frente a una tienda de autoservicio en la colonia Del Maestro.<\/p>\n\n\n\n<p>Elementos de la Unidad Motorizada de Acci\u00f3n R\u00e1pida (UMAR) se trasladaron al lugar y se percataron de que dos sujetos, con las caracter\u00edsticas descritas, caminaban sobre la carretera federal 190, en la colonia Hoteleros, Santa Rosa Panzacola.<\/p>\n\n\n\n<p>Por ello, los abordaron, y \u00e9stos aceptaron la inspecci\u00f3n precautoria. En ese momento, los oficiales observaron que uno de ellos ocultaba un objeto en el calcet\u00edn, a la altura del tobillo derecho, debajo del pantal\u00f3n.<\/p>\n\n\n\n<p>Esta persona reaccion\u00f3 de manera violenta y golpe\u00f3 al elemento que realizaba la inspecci\u00f3n. Al tratar de controlarlo, ambos cayeron al suelo, momento en el que intervino otro polic\u00eda.<\/p>\n\n\n\n<p>Durante el forcejeo, confirmaron que el objeto oculto en el tobillo era una pistola, la cual cay\u00f3 y fue asegurada, procediendo a la detenci\u00f3n de las dos personas.<\/p>\n\n\n\n<p>Los detenidos dijeron llamarse Juan C. S. H., de 26 a\u00f1os de edad, y Juli\u00e1n B. I., de 23 a\u00f1os. El arma asegurada result\u00f3 ser de utiler\u00eda.<\/p>\n\n\n\n<p>Ambas personas fueron consignadas a la Fiscal\u00eda General del Estado para determinar su situaci\u00f3n jur\u00eddica.<\/p>\n","protected":false},"excerpt":{"rendered":"<p>\u2022Fueron reportados por amenazar a un ciudadano Oaxaca de Ju\u00e1rez, Oax., 24 de enero de&#8230;<\/p>\n","protected":false},"author":4,"featured_media":36378,"comment_status":"","ping_status":"open","sticky":false,"template":"","format":"standard","meta":{"footnotes":""},"categories":[10],"tags":[178,235,234,45],"jetpack_sharing_enabled":true,"featured_image_urls":{"full":["https:\/\/contextoanalisisperiodistico.com\/wp-content\/uploads\/2025\/01\/IMG-20250124-WA0076.jpg",1535,738,false],"thumbnail":["https:\/\/contextoanalisisperiodistico.com\/wp-content\/uploads\/2025\/01\/IMG-20250124-WA0076-150x150.jpg",150,150,true],"medium":["https:\/\/contextoanalisisperiodistico.com\/wp-content\/uploads\/2025\/01\/IMG-20250124-WA0076-300x144.jpg",300,144,true],"medium_large":["https:\/\/contextoanalisisperiodistico.com\/wp-content\/uploads\/2025\/01\/IMG-20250124-WA0076-768x369.jpg",640,308,true],"large":["https:\/\/contextoanalisisperiodistico.com\/wp-content\/uploads\/2025\/01\/IMG-20250124-WA0076-1024x492.jpg",640,308,true],"1536x1536":["https:\/\/contextoanalisisperiodistico.com\/wp-content\/uploads\/2025\/01\/IMG-20250124-WA0076.jpg",1535,738,false],"2048x2048":["https:\/\/contextoanalisisperiodistico.com\/wp-content\/uploads\/2025\/01\/IMG-20250124-WA0076.jpg",1535,738,false],"covernews-slider-full":["https:\/\/contextoanalisisperiodistico.com\/wp-content\/uploads\/2025\/01\/IMG-20250124-WA0076-1115x715.jpg",1115,715,true],"covernews-slider-center":["https:\/\/contextoanalisisperiodistico.com\/wp-content\/uploads\/2025\/01\/IMG-20250124-WA0076-800x500.jpg",800,500,true],"covernews-featured":["https:\/\/contextoanalisisperiodistico.com\/wp-content\/uploads\/2025\/01\/IMG-20250124-WA0076-1024x492.jpg",1024,492,true],"covernews-medium":["https:\/\/contextoanalisisperiodistico.com\/wp-content\/uploads\/2025\/01\/IMG-20250124-WA0076-540x340.jpg",540,340,true],"covernews-medium-square":["https:\/\/contextoanalisisperiodistico.com\/wp-content\/uploads\/2025\/01\/IMG-20250124-WA0076-400x250.jpg",400,250,true]},"author_info":{"display_name":"Mario Gir\u00f3n","author_link":"https:\/\/contextoanalisisperiodistico.com\/index.php\/author\/director\/"},"category_info":"<a href=\"https:\/\/contextoanalisisperiodistico.com\/index.php\/category\/seguridad\/\" rel=\"category tag\">Seguridad<\/a>","tag_info":"Seguridad","comment_count":"0","jetpack_featured_media_url":"https:\/\/contextoanalisisperiodistico.com\/wp-content\/uploads\/2025\/01\/IMG-20250124-WA0076.jpg","_links":{"self":[{"href":"https:\/\/contextoanalisisperiodistico.com\/index.php\/wp-json\/wp\/v2\/posts\/36380"}],"collection":[{"href":"https:\/\/contextoanalisisperiodistico.com\/index.php\/wp-json\/wp\/v2\/posts"}],"about":[{"href":"https:\/\/contextoanalisisperiodistico.com\/index.php\/wp-json\/wp\/v2\/types\/post"}],"author":[{"embeddable":true,"href":"https:\/\/contextoanalisisperiodistico.com\/index.php\/wp-json\/wp\/v2\/users\/4"}],"replies":[{"embeddable":true,"href":"https:\/\/contextoanalisisperiodistico.com\/index.php\/wp-json\/wp\/v2\/comments?post=36380"}],"version-history":[{"count":0,"href":"https:\/\/contextoanalisisperiodistico.com\/index.php\/wp-json\/wp\/v2\/posts\/36380\/revisions"}],"wp:featuredmedia":[{"embeddable":true,"href":"https:\/\/contextoanalisisperiodistico.com\/index.php\/wp-json\/wp\/v2\/media\/36378"}],"wp:attachment":[{"href":"https:\/\/contextoanalisisperiodistico.com\/index.php\/wp-json\/wp\/v2\/media?parent=36380"}],"wp:term":[{"taxonomy":"category","embeddable":true,"href":"https:\/\/contextoanalisisperiodistico.com\/index.php\/wp-json\/wp\/v2\/categories?post=36380"},{"taxonomy":"post_tag","embeddable":true,"href":"https:\/\/contextoanalisisperiodistico.com\/index.php\/wp-json\/wp\/v2\/tags?post=36380"}],"curies":[{"name":"wp","href":"https:\/\/api.w.org\/{rel}","templated":true}]}}