{"id":36328,"date":"2025-01-23T07:17:56","date_gmt":"2025-01-23T13:17:56","guid":{"rendered":"https:\/\/contextoanalisisperiodistico.com\/index.php\/2025\/01\/23\/muros-penitenciarios-atraviesa-el-metodo-musical-de-la-no-libertad\/"},"modified":"2025-01-23T07:17:56","modified_gmt":"2025-01-23T13:17:56","slug":"muros-penitenciarios-atraviesa-el-metodo-musical-de-la-no-libertad","status":"publish","type":"post","link":"https:\/\/contextoanalisisperiodistico.com\/index.php\/2025\/01\/23\/muros-penitenciarios-atraviesa-el-metodo-musical-de-la-no-libertad\/","title":{"rendered":"Muros penitenciarios atraviesa el m\u00e9todo musical de la no libertad"},"content":{"rendered":"<div id=\"fb-root\"><\/div>\n\n<p>*En el pasillo penitenciario, con ayuda de alumnos, el Mtro. Nathanael Lorenzo Hern\u00e1ndez concret\u00f3 la obra, \u201cQuiero zapatear contigo\u201d, una chilena solteca, que el ensamble de la Banda Villa Sola de Vega, presentar\u00e1 el pr\u00f3ximo 14 de febrero, a las 19 horas, en el z\u00f3calo capitalino.<\/p>\n\n\n\n<p>Mario GIR\u00d3N<\/p>\n\n\n\n<p><br>\u201cTan m\u00edstica y llena de espiritualidad, el poder de la m\u00fasica se extiende y atraviesa los muros de la prisi\u00f3n\u201d, ilustra el Mtro. Nathanael Lorenzo Hern\u00e1ndez, creador del m\u00e9todo musical penitenciario, el de la no libertad.<br>Por ejemplo, el tambi\u00e9n Director del Programa Somos Comunidad, Arte y Cultura por la Paz, del Secretariado Ejecutivo del Sistema Estatal de Seguridad P\u00fablica, reconoce puntos importantes establecidos por el m\u00e9todo de la no libertad:<br>\u201cNo se trata de una simple terapia ocupacional o de rehabilitaci\u00f3n penitenciaria; significa una transformadora metodolog\u00eda adaptada. Por ejemplo, en m\u00ed, ha generado nuevo replanteamiento en mi creatividad a la hora de componer. Estoy acabando una colecci\u00f3n de cuentos y un libro. Desde esta perspectiva, yo nac\u00ed en la m\u00fasica de fiesta, sin embargo, ahora la creo y ejerzo en la no libertad\u201d.<br>Manifest\u00f3: \u201clibertad, es el significado, el sentir de las notas del m\u00e9todo penitenciario ejecutadas por alumnos\u201d. Muchos de ellos han cumplido y salido de los recintos de rehabilitaci\u00f3n y hoy, con emoci\u00f3n, est\u00e1n dedicados a la m\u00fasica\u201d, agrega el maestro.<br>En el pasillo penitenciario, con ayuda de alumnos, el Mtro. Nathanael Lorenzo Hern\u00e1ndez concret\u00f3 la obra, \u201cQuiero zapatear contigo\u201d, una chilena solteca, que el ensamble de la Banda Villa Sola de Vega, presentar\u00e1 el pr\u00f3ximo 14 de febrero, a las 19 horas, en el z\u00f3calo capitalino.<\/p>\n\n\n\n<figure class=\"wp-block-video\"><video controls src=\"https:\/\/contextoanalisisperiodistico.com\/wp-content\/uploads\/2025\/01\/VID-20250122-WA0252.mp4\"><\/video><\/figure>\n","protected":false},"excerpt":{"rendered":"<p>*En el pasillo penitenciario, con ayuda de alumnos, el Mtro. Nathanael Lorenzo Hern\u00e1ndez concret\u00f3 la&#8230;<\/p>\n","protected":false},"author":4,"featured_media":36326,"comment_status":"","ping_status":"open","sticky":false,"template":"","format":"standard","meta":{"footnotes":""},"categories":[9],"tags":[],"jetpack_sharing_enabled":true,"featured_image_urls":{"full":["https:\/\/contextoanalisisperiodistico.com\/wp-content\/uploads\/2025\/01\/IMG_20250123_071146.jpg",720,399,false],"thumbnail":["https:\/\/contextoanalisisperiodistico.com\/wp-content\/uploads\/2025\/01\/IMG_20250123_071146-150x150.jpg",150,150,true],"medium":["https:\/\/contextoanalisisperiodistico.com\/wp-content\/uploads\/2025\/01\/IMG_20250123_071146-300x166.jpg",300,166,true],"medium_large":["https:\/\/contextoanalisisperiodistico.com\/wp-content\/uploads\/2025\/01\/IMG_20250123_071146.jpg",640,355,false],"large":["https:\/\/contextoanalisisperiodistico.com\/wp-content\/uploads\/2025\/01\/IMG_20250123_071146.jpg",640,355,false],"1536x1536":["https:\/\/contextoanalisisperiodistico.com\/wp-content\/uploads\/2025\/01\/IMG_20250123_071146.jpg",720,399,false],"2048x2048":["https:\/\/contextoanalisisperiodistico.com\/wp-content\/uploads\/2025\/01\/IMG_20250123_071146.jpg",720,399,false],"covernews-slider-full":["https:\/\/contextoanalisisperiodistico.com\/wp-content\/uploads\/2025\/01\/IMG_20250123_071146.jpg",720,399,false],"covernews-slider-center":["https:\/\/contextoanalisisperiodistico.com\/wp-content\/uploads\/2025\/01\/IMG_20250123_071146.jpg",720,399,false],"covernews-featured":["https:\/\/contextoanalisisperiodistico.com\/wp-content\/uploads\/2025\/01\/IMG_20250123_071146.jpg",720,399,false],"covernews-medium":["https:\/\/contextoanalisisperiodistico.com\/wp-content\/uploads\/2025\/01\/IMG_20250123_071146-540x340.jpg",540,340,true],"covernews-medium-square":["https:\/\/contextoanalisisperiodistico.com\/wp-content\/uploads\/2025\/01\/IMG_20250123_071146-400x250.jpg",400,250,true]},"author_info":{"display_name":"Mario Gir\u00f3n","author_link":"https:\/\/contextoanalisisperiodistico.com\/index.php\/author\/director\/"},"category_info":"<a href=\"https:\/\/contextoanalisisperiodistico.com\/index.php\/category\/politica\/\" rel=\"category tag\">Pol\u00edtica<\/a>","tag_info":"Pol\u00edtica","comment_count":"0","jetpack_featured_media_url":"https:\/\/contextoanalisisperiodistico.com\/wp-content\/uploads\/2025\/01\/IMG_20250123_071146.jpg","_links":{"self":[{"href":"https:\/\/contextoanalisisperiodistico.com\/index.php\/wp-json\/wp\/v2\/posts\/36328"}],"collection":[{"href":"https:\/\/contextoanalisisperiodistico.com\/index.php\/wp-json\/wp\/v2\/posts"}],"about":[{"href":"https:\/\/contextoanalisisperiodistico.com\/index.php\/wp-json\/wp\/v2\/types\/post"}],"author":[{"embeddable":true,"href":"https:\/\/contextoanalisisperiodistico.com\/index.php\/wp-json\/wp\/v2\/users\/4"}],"replies":[{"embeddable":true,"href":"https:\/\/contextoanalisisperiodistico.com\/index.php\/wp-json\/wp\/v2\/comments?post=36328"}],"version-history":[{"count":0,"href":"https:\/\/contextoanalisisperiodistico.com\/index.php\/wp-json\/wp\/v2\/posts\/36328\/revisions"}],"wp:featuredmedia":[{"embeddable":true,"href":"https:\/\/contextoanalisisperiodistico.com\/index.php\/wp-json\/wp\/v2\/media\/36326"}],"wp:attachment":[{"href":"https:\/\/contextoanalisisperiodistico.com\/index.php\/wp-json\/wp\/v2\/media?parent=36328"}],"wp:term":[{"taxonomy":"category","embeddable":true,"href":"https:\/\/contextoanalisisperiodistico.com\/index.php\/wp-json\/wp\/v2\/categories?post=36328"},{"taxonomy":"post_tag","embeddable":true,"href":"https:\/\/contextoanalisisperiodistico.com\/index.php\/wp-json\/wp\/v2\/tags?post=36328"}],"curies":[{"name":"wp","href":"https:\/\/api.w.org\/{rel}","templated":true}]}}