{"id":36275,"date":"2025-01-21T15:21:16","date_gmt":"2025-01-21T21:21:16","guid":{"rendered":"https:\/\/contextoanalisisperiodistico.com\/index.php\/2025\/01\/21\/reconoce-sso-labor-del-personal-de-psicologia\/"},"modified":"2025-01-21T15:21:16","modified_gmt":"2025-01-21T21:21:16","slug":"reconoce-sso-labor-del-personal-de-psicologia","status":"publish","type":"post","link":"https:\/\/contextoanalisisperiodistico.com\/index.php\/2025\/01\/21\/reconoce-sso-labor-del-personal-de-psicologia\/","title":{"rendered":"Reconoce SSO labor del personal de psicolog\u00eda"},"content":{"rendered":"<div id=\"fb-root\"><\/div>\n\n<p>\u2022 Un total de 14 profesionales de la salud mental fueron galardonados por sus acciones en prevenci\u00f3n y atenci\u00f3n de adicciones<\/p>\n\n\n\n<figure class=\"wp-block-image size-large\"><img fetchpriority=\"high\" decoding=\"async\" width=\"550\" height=\"302\" src=\"https:\/\/contextoanalisisperiodistico.com\/wp-content\/uploads\/2025\/01\/img-20250121-wa01002599803894627325379.jpg\" alt=\"\" class=\"wp-image-36274\" srcset=\"https:\/\/contextoanalisisperiodistico.com\/wp-content\/uploads\/2025\/01\/img-20250121-wa01002599803894627325379.jpg 550w, https:\/\/contextoanalisisperiodistico.com\/wp-content\/uploads\/2025\/01\/img-20250121-wa01002599803894627325379-300x165.jpg 300w\" sizes=\"(max-width: 550px) 100vw, 550px\" \/><\/figure>\n\n\n\n<figure class=\"wp-block-image\"><img decoding=\"async\" width=\"1011\" height=\"1024\" src=\"https:\/\/contextoanalisisperiodistico.com\/wp-content\/uploads\/2025\/01\/img-20250121-wa01011454364558287623516-1011x1024.jpg\" alt=\"\" class=\"wp-image-36273\" srcset=\"https:\/\/contextoanalisisperiodistico.com\/wp-content\/uploads\/2025\/01\/img-20250121-wa01011454364558287623516-1011x1024.jpg 1011w, https:\/\/contextoanalisisperiodistico.com\/wp-content\/uploads\/2025\/01\/img-20250121-wa01011454364558287623516-296x300.jpg 296w, https:\/\/contextoanalisisperiodistico.com\/wp-content\/uploads\/2025\/01\/img-20250121-wa01011454364558287623516-768x778.jpg 768w, https:\/\/contextoanalisisperiodistico.com\/wp-content\/uploads\/2025\/01\/img-20250121-wa01011454364558287623516-1024x1038.jpg 1024w, https:\/\/contextoanalisisperiodistico.com\/wp-content\/uploads\/2025\/01\/img-20250121-wa01011454364558287623516.jpg 1199w\" sizes=\"(max-width: 1011px) 100vw, 1011px\" \/><\/figure>\n\n\n\n<figure class=\"wp-block-image\"><img decoding=\"async\" width=\"300\" height=\"161\" src=\"https:\/\/contextoanalisisperiodistico.com\/wp-content\/uploads\/2025\/01\/img-20250121-wa00996062117395673443333-300x161.jpg\" alt=\"\" class=\"wp-image-36272\" srcset=\"https:\/\/contextoanalisisperiodistico.com\/wp-content\/uploads\/2025\/01\/img-20250121-wa00996062117395673443333-300x161.jpg 300w, https:\/\/contextoanalisisperiodistico.com\/wp-content\/uploads\/2025\/01\/img-20250121-wa00996062117395673443333-768x412.jpg 768w, https:\/\/contextoanalisisperiodistico.com\/wp-content\/uploads\/2025\/01\/img-20250121-wa00996062117395673443333.jpg 841w\" sizes=\"(max-width: 300px) 100vw, 300px\" \/><\/figure>\n\n\n\n<p>Oaxaca de Ju\u00e1rez, Oax. 21 de enero de 2025.- Por su destacada labor en el \u00e1mbito de la psicolog\u00eda, Servicios de Salud de Oaxaca (SSO) a trav\u00e9s de la Direcci\u00f3n de Prevenci\u00f3n y Promoci\u00f3n de la Salud y la Coordinaci\u00f3n Estatal de Salud Mental y Adicciones, reconocieron a psic\u00f3logas y psic\u00f3logos cuya dedicaci\u00f3n ha contribuido significativamente al bienestar de la poblaci\u00f3n.<\/p>\n\n\n\n<p>Durante la ceremonia, se entregaron galardones al personal que presta sus servicios en unidades de salud de IMSS-BIENESTAR, entre los que destacan: V\u00edctor Hugo P\u00e9rez V\u00e1squez, Gisela Isabel Ju\u00e1rez Santiago, Arturo Lona Ram\u00edrez, Ivonne Zafra Ruiz, Patricia Maythe Ju\u00e1rez Cruz, Juan de Dios Cortes G\u00f3mez y Sandra Estela Cruz D\u00edaz.<\/p>\n\n\n\n<p>As\u00ed como a Mayra Nayeli Cer\u00f3n Almaraz, Isabel del Pilar Tolentino Olivera, Ernesto Camacho Newman, David Canseco Cruz, Yuridia Avil\u00e9s Osorio, Rosa Eugenia Toledo Toledo y Nashielly Ram\u00edrez Peralta.<\/p>\n\n\n\n<p>En este sentido, el director de Prevenci\u00f3n y Promoci\u00f3n de SSO, Julio Avelino Galindo L\u00f3pez reconoci\u00f3 la dedicaci\u00f3n, sensibilidad y valent\u00eda del personal en su labor cl\u00ednica y comunitaria.<\/p>\n\n\n\n<p>Subray\u00f3 que su trabajo es fundamental para enfrentar el estigma, las barreras de acceso y la vulnerabilidad que afectan a muchas comunidades, destacando su rol como agentes de cambio en la atenci\u00f3n de la salud mental y adicciones.<\/p>\n\n\n\n<p>\u201cHoy celebramos a estos profesionales por su esfuerzo, innovaci\u00f3n y liderazgo. Reafirmamos nuestro compromiso de trabajar juntos para fortalecer los programas de prevenci\u00f3n, atenci\u00f3n y rehabilitaci\u00f3n en salud mental y adicciones\u201d, afirm\u00f3.<\/p>\n\n\n\n<p>Finalmente, Galindo L\u00f3pez felicit\u00f3 a las y los galardonados al tiempo de recordarles que su trabajo es profundamente valioso y transformador, e invit\u00f3 a seguir construyendo un Oaxaca m\u00e1s saludable, inclusivo y solidario.<\/p>\n\n\n\n<p>-0-<\/p>\n\n\n\n<p><\/p>\n","protected":false},"excerpt":{"rendered":"<p>\u2022 Un total de 14 profesionales de la salud mental fueron galardonados por sus acciones&#8230;<\/p>\n","protected":false},"author":4,"featured_media":36271,"comment_status":"","ping_status":"open","sticky":false,"template":"","format":"standard","meta":{"footnotes":""},"categories":[92],"tags":[],"jetpack_sharing_enabled":true,"featured_image_urls":{"full":["https:\/\/contextoanalisisperiodistico.com\/wp-content\/uploads\/2025\/01\/IMG-20250121-WA0098.jpg",1152,783,false],"thumbnail":["https:\/\/contextoanalisisperiodistico.com\/wp-content\/uploads\/2025\/01\/IMG-20250121-WA0098-150x150.jpg",150,150,true],"medium":["https:\/\/contextoanalisisperiodistico.com\/wp-content\/uploads\/2025\/01\/IMG-20250121-WA0098-300x204.jpg",300,204,true],"medium_large":["https:\/\/contextoanalisisperiodistico.com\/wp-content\/uploads\/2025\/01\/IMG-20250121-WA0098-768x522.jpg",640,435,true],"large":["https:\/\/contextoanalisisperiodistico.com\/wp-content\/uploads\/2025\/01\/IMG-20250121-WA0098-1024x696.jpg",640,435,true],"1536x1536":["https:\/\/contextoanalisisperiodistico.com\/wp-content\/uploads\/2025\/01\/IMG-20250121-WA0098.jpg",1152,783,false],"2048x2048":["https:\/\/contextoanalisisperiodistico.com\/wp-content\/uploads\/2025\/01\/IMG-20250121-WA0098.jpg",1152,783,false],"covernews-slider-full":["https:\/\/contextoanalisisperiodistico.com\/wp-content\/uploads\/2025\/01\/IMG-20250121-WA0098-1115x715.jpg",1115,715,true],"covernews-slider-center":["https:\/\/contextoanalisisperiodistico.com\/wp-content\/uploads\/2025\/01\/IMG-20250121-WA0098-800x500.jpg",800,500,true],"covernews-featured":["https:\/\/contextoanalisisperiodistico.com\/wp-content\/uploads\/2025\/01\/IMG-20250121-WA0098-1024x696.jpg",1024,696,true],"covernews-medium":["https:\/\/contextoanalisisperiodistico.com\/wp-content\/uploads\/2025\/01\/IMG-20250121-WA0098-540x340.jpg",540,340,true],"covernews-medium-square":["https:\/\/contextoanalisisperiodistico.com\/wp-content\/uploads\/2025\/01\/IMG-20250121-WA0098-400x250.jpg",400,250,true]},"author_info":{"display_name":"Mario Gir\u00f3n","author_link":"https:\/\/contextoanalisisperiodistico.com\/index.php\/author\/director\/"},"category_info":"<a href=\"https:\/\/contextoanalisisperiodistico.com\/index.php\/category\/salud\/\" rel=\"category tag\">Salud<\/a>","tag_info":"Salud","comment_count":"0","jetpack_featured_media_url":"https:\/\/contextoanalisisperiodistico.com\/wp-content\/uploads\/2025\/01\/IMG-20250121-WA0098.jpg","_links":{"self":[{"href":"https:\/\/contextoanalisisperiodistico.com\/index.php\/wp-json\/wp\/v2\/posts\/36275"}],"collection":[{"href":"https:\/\/contextoanalisisperiodistico.com\/index.php\/wp-json\/wp\/v2\/posts"}],"about":[{"href":"https:\/\/contextoanalisisperiodistico.com\/index.php\/wp-json\/wp\/v2\/types\/post"}],"author":[{"embeddable":true,"href":"https:\/\/contextoanalisisperiodistico.com\/index.php\/wp-json\/wp\/v2\/users\/4"}],"replies":[{"embeddable":true,"href":"https:\/\/contextoanalisisperiodistico.com\/index.php\/wp-json\/wp\/v2\/comments?post=36275"}],"version-history":[{"count":0,"href":"https:\/\/contextoanalisisperiodistico.com\/index.php\/wp-json\/wp\/v2\/posts\/36275\/revisions"}],"wp:featuredmedia":[{"embeddable":true,"href":"https:\/\/contextoanalisisperiodistico.com\/index.php\/wp-json\/wp\/v2\/media\/36271"}],"wp:attachment":[{"href":"https:\/\/contextoanalisisperiodistico.com\/index.php\/wp-json\/wp\/v2\/media?parent=36275"}],"wp:term":[{"taxonomy":"category","embeddable":true,"href":"https:\/\/contextoanalisisperiodistico.com\/index.php\/wp-json\/wp\/v2\/categories?post=36275"},{"taxonomy":"post_tag","embeddable":true,"href":"https:\/\/contextoanalisisperiodistico.com\/index.php\/wp-json\/wp\/v2\/tags?post=36275"}],"curies":[{"name":"wp","href":"https:\/\/api.w.org\/{rel}","templated":true}]}}