{"id":36264,"date":"2025-01-21T12:34:58","date_gmt":"2025-01-21T18:34:58","guid":{"rendered":"https:\/\/contextoanalisisperiodistico.com\/index.php\/2025\/01\/21\/reconoce-ciudadania-rehabilitacion-de-calles-y-avenidas-de-la-ciudad-de-oaxaca\/"},"modified":"2025-01-21T12:34:58","modified_gmt":"2025-01-21T18:34:58","slug":"reconoce-ciudadania-rehabilitacion-de-calles-y-avenidas-de-la-ciudad-de-oaxaca","status":"publish","type":"post","link":"https:\/\/contextoanalisisperiodistico.com\/index.php\/2025\/01\/21\/reconoce-ciudadania-rehabilitacion-de-calles-y-avenidas-de-la-ciudad-de-oaxaca\/","title":{"rendered":"Reconoce ciudadan\u00eda rehabilitaci\u00f3n de calles y avenidas de la ciudad de Oaxaca"},"content":{"rendered":"<div id=\"fb-root\"><\/div>\n\n<p>\u2022 Habitantes destacan que tras sexenios de ser ignorados, la Primavera Oaxaque\u00f1a responde a sus leg\u00edtimas demandas<\/p>\n\n\n\n<p>Oaxaca de Ju\u00e1rez, Oax. 21 de enero de 2025.- Vecinas y vecinos de la primera, segunda y tercera privada de avenida Independencia, as\u00ed como de la calle Carteros, en la colonia Postal de la capital oaxaque\u00f1a, manifestaron alegr\u00eda y reconocieron los trabajos del Mega Plan de Bacheo y Reencarpetamiento de la Zona Metropolitana, que realiza el Gobierno del Estado.<\/p>\n\n\n\n<p>La emoci\u00f3n que expresa la ciudadan\u00eda se debe a que sus vialidades, despu\u00e9s de estar por m\u00e1s de 20 a\u00f1os abandonadas, ahora lucen renovadas, limpias y con guarniciones reci\u00e9n pintadas, derivado de las acciones que emprende el Gobierno de la Primavera Oaxaque\u00f1a.<\/p>\n\n\n\n<p>Al respecto, Clara Rosas Gonz\u00e1lez, vecina de la zona, se\u00f1al\u00f3 que desde hace m\u00e1s de tres sexenios, no se les tomaba en cuenta para el mejoramiento de este sitio y, destac\u00f3, que personal involucrado en el mega plan trabaja al 100 por ciento.<\/p>\n\n\n\n<p>\u201cEstamos muy felices con estas labores de bacheo, agradecemos el respaldo del Gobernador Salom\u00f3n Jara Cruz mediante la Secretar\u00eda de Infraestructura y Comunicaciones con las autoridades municipales, porque antes ven\u00edan y no hac\u00edan nada, hab\u00eda corrupci\u00f3n y desv\u00edo de recursos, los cuales no se usaban en beneficio de la gente\u201d precis\u00f3.<\/p>\n\n\n\n<p>En tanto, la ciudadana Teresa S\u00e1nchez Calder\u00f3n indic\u00f3 que ten\u00edan mucho tiempo solicitando trabajos de rehabilitaci\u00f3n para su calle, pero fue esta administraci\u00f3n estatal la que atendi\u00f3 su petici\u00f3n. Mencion\u00f3 que el trabajo entre el Gobierno del Estado y el municipal, en colaboraci\u00f3n con las y los vecinos, ha funcionado para mejorar la calidad de vida.<\/p>\n\n\n\n<p>En tanto, Sandra Mart\u00ednez Hern\u00e1ndez resalt\u00f3 que las brigadas de personas trabajadoras laboraron por las noches. \u201cQueremos tener una ciudad hermosa para nuestras familias y turistas que nos visitan\u201d concluy\u00f3.<\/p>\n\n\n\n<p>Mientras, el vecino Milton Vargas resalt\u00f3 la importancia de contar con calles bien pavimentadas porque reducen los tiempos de traslado y las afectaciones a los medios de transporte; adem\u00e1s de que el manejar veh\u00edculos de motor sin esquivar baches pueden ocasionar alg\u00fan accidente.<\/p>\n\n\n\n<p>Record\u00f3 que hace a\u00f1os solo parcharon algunas calles del lugar; sin embargo, \u201cqued\u00f3 mal, se deterior\u00f3 muy r\u00e1pido y se desnivel\u00f3 con chipotes, pero ahora es muy funcional y beneficia a quienes habitan en la zona\u201d. Adem\u00e1s, refiri\u00f3 que estas calles son paso para llegar a escuelas y enlaza con el Perif\u00e9rico, la ruta hacia el norte de la ciudad y al municipio de Santa Luc\u00eda del Camino.<\/p>\n\n\n\n<p>-0-<\/p>\n\n\n\n<figure class=\"wp-block-image size-large\"><img fetchpriority=\"high\" decoding=\"async\" width=\"1024\" height=\"576\" src=\"https:\/\/contextoanalisisperiodistico.com\/wp-content\/uploads\/2025\/01\/img-20250121-wa00728558691865137275217-1024x576.jpg\" alt=\"\" class=\"wp-image-36263\" srcset=\"https:\/\/contextoanalisisperiodistico.com\/wp-content\/uploads\/2025\/01\/img-20250121-wa00728558691865137275217-1024x576.jpg 1024w, https:\/\/contextoanalisisperiodistico.com\/wp-content\/uploads\/2025\/01\/img-20250121-wa00728558691865137275217-300x169.jpg 300w, https:\/\/contextoanalisisperiodistico.com\/wp-content\/uploads\/2025\/01\/img-20250121-wa00728558691865137275217-768x432.jpg 768w, https:\/\/contextoanalisisperiodistico.com\/wp-content\/uploads\/2025\/01\/img-20250121-wa00728558691865137275217-1536x864.jpg 1536w, https:\/\/contextoanalisisperiodistico.com\/wp-content\/uploads\/2025\/01\/img-20250121-wa00728558691865137275217.jpg 1600w\" sizes=\"(max-width: 1024px) 100vw, 1024px\" \/><\/figure>\n\n\n\n<figure class=\"wp-block-image\"><img decoding=\"async\" width=\"1024\" height=\"664\" src=\"https:\/\/contextoanalisisperiodistico.com\/wp-content\/uploads\/2025\/01\/img-20250121-wa00736500506782119542716-1024x664.jpg\" alt=\"\" class=\"wp-image-36262\" srcset=\"https:\/\/contextoanalisisperiodistico.com\/wp-content\/uploads\/2025\/01\/img-20250121-wa00736500506782119542716-1024x664.jpg 1024w, https:\/\/contextoanalisisperiodistico.com\/wp-content\/uploads\/2025\/01\/img-20250121-wa00736500506782119542716-300x195.jpg 300w, https:\/\/contextoanalisisperiodistico.com\/wp-content\/uploads\/2025\/01\/img-20250121-wa00736500506782119542716-768x498.jpg 768w, https:\/\/contextoanalisisperiodistico.com\/wp-content\/uploads\/2025\/01\/img-20250121-wa00736500506782119542716.jpg 1354w\" sizes=\"(max-width: 1024px) 100vw, 1024px\" \/><\/figure>\n","protected":false},"excerpt":{"rendered":"<p>\u2022 Habitantes destacan que tras sexenios de ser ignorados, la Primavera Oaxaque\u00f1a responde a sus&#8230;<\/p>\n","protected":false},"author":4,"featured_media":36261,"comment_status":"","ping_status":"open","sticky":false,"template":"","format":"standard","meta":{"footnotes":""},"categories":[9],"tags":[],"jetpack_sharing_enabled":true,"featured_image_urls":{"full":["https:\/\/contextoanalisisperiodistico.com\/wp-content\/uploads\/2025\/01\/IMG-20250121-WA0071.jpg",1406,916,false],"thumbnail":["https:\/\/contextoanalisisperiodistico.com\/wp-content\/uploads\/2025\/01\/IMG-20250121-WA0071-150x150.jpg",150,150,true],"medium":["https:\/\/contextoanalisisperiodistico.com\/wp-content\/uploads\/2025\/01\/IMG-20250121-WA0071-300x195.jpg",300,195,true],"medium_large":["https:\/\/contextoanalisisperiodistico.com\/wp-content\/uploads\/2025\/01\/IMG-20250121-WA0071-768x500.jpg",640,417,true],"large":["https:\/\/contextoanalisisperiodistico.com\/wp-content\/uploads\/2025\/01\/IMG-20250121-WA0071-1024x667.jpg",640,417,true],"1536x1536":["https:\/\/contextoanalisisperiodistico.com\/wp-content\/uploads\/2025\/01\/IMG-20250121-WA0071.jpg",1406,916,false],"2048x2048":["https:\/\/contextoanalisisperiodistico.com\/wp-content\/uploads\/2025\/01\/IMG-20250121-WA0071.jpg",1406,916,false],"covernews-slider-full":["https:\/\/contextoanalisisperiodistico.com\/wp-content\/uploads\/2025\/01\/IMG-20250121-WA0071-1115x715.jpg",1115,715,true],"covernews-slider-center":["https:\/\/contextoanalisisperiodistico.com\/wp-content\/uploads\/2025\/01\/IMG-20250121-WA0071-800x500.jpg",800,500,true],"covernews-featured":["https:\/\/contextoanalisisperiodistico.com\/wp-content\/uploads\/2025\/01\/IMG-20250121-WA0071-1024x667.jpg",1024,667,true],"covernews-medium":["https:\/\/contextoanalisisperiodistico.com\/wp-content\/uploads\/2025\/01\/IMG-20250121-WA0071-540x340.jpg",540,340,true],"covernews-medium-square":["https:\/\/contextoanalisisperiodistico.com\/wp-content\/uploads\/2025\/01\/IMG-20250121-WA0071-400x250.jpg",400,250,true]},"author_info":{"display_name":"Mario Gir\u00f3n","author_link":"https:\/\/contextoanalisisperiodistico.com\/index.php\/author\/director\/"},"category_info":"<a href=\"https:\/\/contextoanalisisperiodistico.com\/index.php\/category\/politica\/\" rel=\"category tag\">Pol\u00edtica<\/a>","tag_info":"Pol\u00edtica","comment_count":"0","jetpack_featured_media_url":"https:\/\/contextoanalisisperiodistico.com\/wp-content\/uploads\/2025\/01\/IMG-20250121-WA0071.jpg","_links":{"self":[{"href":"https:\/\/contextoanalisisperiodistico.com\/index.php\/wp-json\/wp\/v2\/posts\/36264"}],"collection":[{"href":"https:\/\/contextoanalisisperiodistico.com\/index.php\/wp-json\/wp\/v2\/posts"}],"about":[{"href":"https:\/\/contextoanalisisperiodistico.com\/index.php\/wp-json\/wp\/v2\/types\/post"}],"author":[{"embeddable":true,"href":"https:\/\/contextoanalisisperiodistico.com\/index.php\/wp-json\/wp\/v2\/users\/4"}],"replies":[{"embeddable":true,"href":"https:\/\/contextoanalisisperiodistico.com\/index.php\/wp-json\/wp\/v2\/comments?post=36264"}],"version-history":[{"count":0,"href":"https:\/\/contextoanalisisperiodistico.com\/index.php\/wp-json\/wp\/v2\/posts\/36264\/revisions"}],"wp:featuredmedia":[{"embeddable":true,"href":"https:\/\/contextoanalisisperiodistico.com\/index.php\/wp-json\/wp\/v2\/media\/36261"}],"wp:attachment":[{"href":"https:\/\/contextoanalisisperiodistico.com\/index.php\/wp-json\/wp\/v2\/media?parent=36264"}],"wp:term":[{"taxonomy":"category","embeddable":true,"href":"https:\/\/contextoanalisisperiodistico.com\/index.php\/wp-json\/wp\/v2\/categories?post=36264"},{"taxonomy":"post_tag","embeddable":true,"href":"https:\/\/contextoanalisisperiodistico.com\/index.php\/wp-json\/wp\/v2\/tags?post=36264"}],"curies":[{"name":"wp","href":"https:\/\/api.w.org\/{rel}","templated":true}]}}