{"id":36260,"date":"2025-01-21T12:28:34","date_gmt":"2025-01-21T18:28:34","guid":{"rendered":"https:\/\/contextoanalisisperiodistico.com\/index.php\/2025\/01\/21\/presenta-salomon-jara-imagen-oficial-de-la-guelaguetza-2025\/"},"modified":"2025-01-21T12:28:34","modified_gmt":"2025-01-21T18:28:34","slug":"presenta-salomon-jara-imagen-oficial-de-la-guelaguetza-2025","status":"publish","type":"post","link":"https:\/\/contextoanalisisperiodistico.com\/index.php\/2025\/01\/21\/presenta-salomon-jara-imagen-oficial-de-la-guelaguetza-2025\/","title":{"rendered":"Presenta Salom\u00f3n Jara&nbsp; imagen oficial de la Guelaguetza 2025"},"content":{"rendered":"<div id=\"fb-root\"><\/div>\n\n<p>\u2022 El artista Osnar L\u00f3pez detall\u00f3 sobre los elementos que componen su obra \u201cLazos de fraternidad\u201d<\/p>\n\n\n\n<p>Oaxaca de Ju\u00e1rez, Oax. 21 de enero de 2025.- El Gobernador Salom\u00f3n Jara Cruz realiz\u00f3 la presentaci\u00f3n de la imagen oficial de la Guelaguetza 2025, cuya obra \u201cLazos de fraternidad\u201d, es autor\u00eda del artista pl\u00e1stico Osnar L\u00f3pez Gallegos.<\/p>\n\n\n\n<p>En conferencia de prensa, el Mandatario estatal destac\u00f3 la t\u00e9cnica y creatividad empleada por el artista istme\u00f1o oriundo de Chicapa de Castro, para plasmar la cosmovisi\u00f3n de la m\u00e1xima fiesta de las y los oaxaque\u00f1os, que se llevar\u00e1 a cabo el 21 y 28 de julio, en su edici\u00f3n 93.<\/p>\n\n\n\n<p>\u201cLas y los oaxaque\u00f1os nos sentimos muy contentos porque siempre expresamos con orgullo que Oaxaca es el coraz\u00f3n cultural y ling\u00fc\u00edstico de M\u00e9xico\u201d, afirm\u00f3.<\/p>\n\n\n\n<p>En este encuentro, Osnar L\u00f3pez explic\u00f3 que su obra se divide en dos partes: la superior representa lo divino con la imagen de un cofre de piedra en forma circular, ornamentado con grecas de Mitla, s\u00edmbolo emblem\u00e1tico zapoteca, decorado principalmente por las manos de la Diosa Cent\u00e9otl sosteniendo ma\u00edz y otorg\u00e1ndole abundancia al pueblo de Oaxaca.<\/p>\n\n\n\n<p>En tanto, la parte inferior refiere a lo terrenal; las manos representan a las y los oaxaque\u00f1os en se\u00f1al de culto por las profusiones y la fertilidad, que en correspondencia dan lugar a los bailes de las ocho regiones que se entrelazan cada una con los listones de m\u00faltiples colores, evocando una gran fiesta al ritmo de la banda y los instrumentos que se ven reflejados en la parte central del fondo.<\/p>\n\n\n\n<p>Para dar paso a la gran celebraci\u00f3n se encuentra, en primer plano, la China Oaxaque\u00f1a acompa\u00f1ada de una marmota que en sus banderas est\u00e1n plasmadas partes de los textiles de las regiones y de las 16 etnias del estado. Mientras que en los costados se muestran los bailes m\u00e1s distintivos de la entidad, que no pueden faltar en esta m\u00e1xima celebraci\u00f3n.<\/p>\n\n\n\n<p>Los costados se complementan con bailes y danzas de cada regi\u00f3n y pueblo afromexicano, aludiendo a una misma coreograf\u00eda y creando un lazo de fraternidad entre cada uno de ellos.<\/p>\n\n\n\n<p>De esta manera, la obra elegida por la Secretar\u00eda de Turismo de Oaxaca ser\u00e1 integrada en la promoci\u00f3n nacional e internacional de la Guelaguetza 2025.<\/p>\n\n\n\n<p>-0-<\/p>\n\n\n\n<figure class=\"wp-block-image size-large\"><img fetchpriority=\"high\" decoding=\"async\" width=\"900\" height=\"600\" src=\"https:\/\/contextoanalisisperiodistico.com\/wp-content\/uploads\/2025\/01\/img-20250121-wa00633409849620581240102.jpg\" alt=\"\" class=\"wp-image-36258\" srcset=\"https:\/\/contextoanalisisperiodistico.com\/wp-content\/uploads\/2025\/01\/img-20250121-wa00633409849620581240102.jpg 900w, https:\/\/contextoanalisisperiodistico.com\/wp-content\/uploads\/2025\/01\/img-20250121-wa00633409849620581240102-300x200.jpg 300w, https:\/\/contextoanalisisperiodistico.com\/wp-content\/uploads\/2025\/01\/img-20250121-wa00633409849620581240102-768x512.jpg 768w\" sizes=\"(max-width: 900px) 100vw, 900px\" \/><\/figure>\n\n\n\n<figure class=\"wp-block-image\"><img decoding=\"async\" width=\"300\" height=\"200\" src=\"https:\/\/contextoanalisisperiodistico.com\/wp-content\/uploads\/2025\/01\/img-20250121-wa00614361207855628630447-300x200.jpg\" alt=\"\" class=\"wp-image-36259\" srcset=\"https:\/\/contextoanalisisperiodistico.com\/wp-content\/uploads\/2025\/01\/img-20250121-wa00614361207855628630447-300x200.jpg 300w, https:\/\/contextoanalisisperiodistico.com\/wp-content\/uploads\/2025\/01\/img-20250121-wa00614361207855628630447-768x511.jpg 768w, https:\/\/contextoanalisisperiodistico.com\/wp-content\/uploads\/2025\/01\/img-20250121-wa00614361207855628630447.jpg 950w\" sizes=\"(max-width: 300px) 100vw, 300px\" \/><\/figure>\n","protected":false},"excerpt":{"rendered":"<p>\u2022 El artista Osnar L\u00f3pez detall\u00f3 sobre los elementos que componen su obra \u201cLazos de&#8230;<\/p>\n","protected":false},"author":4,"featured_media":36257,"comment_status":"","ping_status":"open","sticky":false,"template":"","format":"standard","meta":{"footnotes":""},"categories":[4],"tags":[],"jetpack_sharing_enabled":true,"featured_image_urls":{"full":["https:\/\/contextoanalisisperiodistico.com\/wp-content\/uploads\/2025\/01\/IMG-20250121-WA0062.jpg",900,600,false],"thumbnail":["https:\/\/contextoanalisisperiodistico.com\/wp-content\/uploads\/2025\/01\/IMG-20250121-WA0062-150x150.jpg",150,150,true],"medium":["https:\/\/contextoanalisisperiodistico.com\/wp-content\/uploads\/2025\/01\/IMG-20250121-WA0062-300x200.jpg",300,200,true],"medium_large":["https:\/\/contextoanalisisperiodistico.com\/wp-content\/uploads\/2025\/01\/IMG-20250121-WA0062-768x512.jpg",640,427,true],"large":["https:\/\/contextoanalisisperiodistico.com\/wp-content\/uploads\/2025\/01\/IMG-20250121-WA0062.jpg",640,427,false],"1536x1536":["https:\/\/contextoanalisisperiodistico.com\/wp-content\/uploads\/2025\/01\/IMG-20250121-WA0062.jpg",900,600,false],"2048x2048":["https:\/\/contextoanalisisperiodistico.com\/wp-content\/uploads\/2025\/01\/IMG-20250121-WA0062.jpg",900,600,false],"covernews-slider-full":["https:\/\/contextoanalisisperiodistico.com\/wp-content\/uploads\/2025\/01\/IMG-20250121-WA0062.jpg",900,600,false],"covernews-slider-center":["https:\/\/contextoanalisisperiodistico.com\/wp-content\/uploads\/2025\/01\/IMG-20250121-WA0062-800x500.jpg",800,500,true],"covernews-featured":["https:\/\/contextoanalisisperiodistico.com\/wp-content\/uploads\/2025\/01\/IMG-20250121-WA0062.jpg",900,600,false],"covernews-medium":["https:\/\/contextoanalisisperiodistico.com\/wp-content\/uploads\/2025\/01\/IMG-20250121-WA0062-540x340.jpg",540,340,true],"covernews-medium-square":["https:\/\/contextoanalisisperiodistico.com\/wp-content\/uploads\/2025\/01\/IMG-20250121-WA0062-400x250.jpg",400,250,true]},"author_info":{"display_name":"Mario Gir\u00f3n","author_link":"https:\/\/contextoanalisisperiodistico.com\/index.php\/author\/director\/"},"category_info":"<a href=\"https:\/\/contextoanalisisperiodistico.com\/index.php\/category\/cultura\/\" rel=\"category tag\">Cultura<\/a>","tag_info":"Cultura","comment_count":"0","jetpack_featured_media_url":"https:\/\/contextoanalisisperiodistico.com\/wp-content\/uploads\/2025\/01\/IMG-20250121-WA0062.jpg","_links":{"self":[{"href":"https:\/\/contextoanalisisperiodistico.com\/index.php\/wp-json\/wp\/v2\/posts\/36260"}],"collection":[{"href":"https:\/\/contextoanalisisperiodistico.com\/index.php\/wp-json\/wp\/v2\/posts"}],"about":[{"href":"https:\/\/contextoanalisisperiodistico.com\/index.php\/wp-json\/wp\/v2\/types\/post"}],"author":[{"embeddable":true,"href":"https:\/\/contextoanalisisperiodistico.com\/index.php\/wp-json\/wp\/v2\/users\/4"}],"replies":[{"embeddable":true,"href":"https:\/\/contextoanalisisperiodistico.com\/index.php\/wp-json\/wp\/v2\/comments?post=36260"}],"version-history":[{"count":0,"href":"https:\/\/contextoanalisisperiodistico.com\/index.php\/wp-json\/wp\/v2\/posts\/36260\/revisions"}],"wp:featuredmedia":[{"embeddable":true,"href":"https:\/\/contextoanalisisperiodistico.com\/index.php\/wp-json\/wp\/v2\/media\/36257"}],"wp:attachment":[{"href":"https:\/\/contextoanalisisperiodistico.com\/index.php\/wp-json\/wp\/v2\/media?parent=36260"}],"wp:term":[{"taxonomy":"category","embeddable":true,"href":"https:\/\/contextoanalisisperiodistico.com\/index.php\/wp-json\/wp\/v2\/categories?post=36260"},{"taxonomy":"post_tag","embeddable":true,"href":"https:\/\/contextoanalisisperiodistico.com\/index.php\/wp-json\/wp\/v2\/tags?post=36260"}],"curies":[{"name":"wp","href":"https:\/\/api.w.org\/{rel}","templated":true}]}}