{"id":36097,"date":"2025-01-16T21:58:36","date_gmt":"2025-01-17T03:58:36","guid":{"rendered":"https:\/\/contextoanalisisperiodistico.com\/index.php\/2025\/01\/16\/asume-secretaria-de-las-mujeres-presidencia-de-observatorio-de-participacion-politica\/"},"modified":"2025-01-16T21:58:36","modified_gmt":"2025-01-17T03:58:36","slug":"asume-secretaria-de-las-mujeres-presidencia-de-observatorio-de-participacion-politica","status":"publish","type":"post","link":"https:\/\/contextoanalisisperiodistico.com\/index.php\/2025\/01\/16\/asume-secretaria-de-las-mujeres-presidencia-de-observatorio-de-participacion-politica\/","title":{"rendered":"Asume Secretar\u00eda de las Mujeres presidencia de Observatorio de Participaci\u00f3n Pol\u00edtica"},"content":{"rendered":"<div id=\"fb-root\"><\/div>\n\n<p>\u2022 En este marco, se dieron a conocer acciones a favor de la democracia paritaria<\/p>\n\n\n\n<figure class=\"wp-block-image size-large\"><img fetchpriority=\"high\" decoding=\"async\" width=\"900\" height=\"599\" src=\"https:\/\/contextoanalisisperiodistico.com\/wp-content\/uploads\/2025\/01\/img-20250116-wa01345225320984665928346.jpg\" alt=\"\" class=\"wp-image-36095\" srcset=\"https:\/\/contextoanalisisperiodistico.com\/wp-content\/uploads\/2025\/01\/img-20250116-wa01345225320984665928346.jpg 900w, https:\/\/contextoanalisisperiodistico.com\/wp-content\/uploads\/2025\/01\/img-20250116-wa01345225320984665928346-300x200.jpg 300w, https:\/\/contextoanalisisperiodistico.com\/wp-content\/uploads\/2025\/01\/img-20250116-wa01345225320984665928346-768x511.jpg 768w\" sizes=\"(max-width: 900px) 100vw, 900px\" \/><\/figure>\n\n\n\n<figure class=\"wp-block-image\"><img decoding=\"async\" width=\"300\" height=\"200\" src=\"https:\/\/contextoanalisisperiodistico.com\/wp-content\/uploads\/2025\/01\/img-20250116-wa01322145123052875887850-300x200.jpg\" alt=\"\" class=\"wp-image-36096\" srcset=\"https:\/\/contextoanalisisperiodistico.com\/wp-content\/uploads\/2025\/01\/img-20250116-wa01322145123052875887850-300x200.jpg 300w, https:\/\/contextoanalisisperiodistico.com\/wp-content\/uploads\/2025\/01\/img-20250116-wa01322145123052875887850-768x511.jpg 768w, https:\/\/contextoanalisisperiodistico.com\/wp-content\/uploads\/2025\/01\/img-20250116-wa01322145123052875887850.jpg 900w\" sizes=\"(max-width: 300px) 100vw, 300px\" \/><\/figure>\n\n\n\n<p>Oaxaca de Ju\u00e1rez, Oax. 16 de enero de 2025. La Secretar\u00eda de las Mujeres (SM) asumi\u00f3 la Presidencia del Observatorio de Participaci\u00f3n Pol\u00edtica de las Mujeres en Oaxaca (OPPMO), que ser\u00e1 encabezada por la encargada de despacho Monserrat Lares Montalvo.<\/p>\n\n\n\n<p>Lo anterior qued\u00f3 de manifiesto tras decidirlo, por unanimidad, las y los asistentes a la Tercera Sesi\u00f3n Ordinaria 2024 (retroactiva) de dicho organismo. El OPPMO se encarga de coordinar acciones encaminadas a promover la participaci\u00f3n de las oaxaque\u00f1as en la toma de decisiones en el \u00e1mbito p\u00fablico, para lograr sinergias que cierren las brechas de g\u00e9nero desde un enfoque de igualdad sustantiva entre mujeres y hombres.<\/p>\n\n\n\n<p>Adem\u00e1s, busca visibilizar las estrategias de empoderamiento y promoci\u00f3n de la participaci\u00f3n pol\u00edtica, as\u00ed como el acceso a cargos de toma de decisi\u00f3n p\u00fablica de las mujeres para identificar experiencias exitosas y fortalecerlas. Tambi\u00e9n, propone esquemas de atenci\u00f3n de compromisos y recomendaciones internacionales en materia de participaci\u00f3n pol\u00edtica, en consideraci\u00f3n con las competencias y facultades institucionales.<\/p>\n\n\n\n<p>En su oportunidad, Lares Montalvo inform\u00f3 que la dependencia ha atendido los requerimientos del Tribunal Electoral del Estado de Oaxaca (TEEO) a trav\u00e9s del Grupo Focalizado del Centro Estatal de Atenci\u00f3n Integral a Mujeres en Situaci\u00f3n de Violencia de G\u00e9nero (Ceati Mujeres) con 60 servicios en materia de trabajo social, 356 de tipo psicol\u00f3gico y 348 jur\u00eddico.<\/p>\n\n\n\n<p>Respecto a capacitaciones, prosigui\u00f3, se realizaron 112 procesos formativos en 14 municipios: Villa de Zaachila, Santa Ana Cuauht\u00e9moc, Ci\u00e9nega de Zimatl\u00e1n, Mat\u00edas Romero Avenda\u00f1o, Santa Catarina Ticu\u00e1, San Jacinto Amilpas, San Juan Lalana, Santiago Huajolotitl\u00e1n, Santa Mar\u00eda Tecomavaca, Santa Mar\u00eda Temaxcaltepec, San Juan Lajarcia, San Pedro y San Pablo Teposcolula, Zapotitl\u00e1n Palmas y Santa Cruz Papalutla.<\/p>\n\n\n\n<p>En una acci\u00f3n tripartita, con el Instituto Estatal Electoral y de Participaci\u00f3n Ciudadana de Oaxaca (IEEPCO), y la Secretar\u00eda de Gobierno (Sego), se sensibiliz\u00f3 a 68 autoridades municipales que realizaron elecciones, sobre el derecho de las mujeres en la participaci\u00f3n pol\u00edtica.<\/p>\n\n\n\n<p>Esto fue posible por medio de dos encuentros regionales, dos microrregionales y ocho talleres; que abordaron la paridad de g\u00e9nero y prevenci\u00f3n de la violencia pol\u00edtica en raz\u00f3n de g\u00e9nero en municipios regidos por Sistemas Normativos Ind\u00edgenas (SNI).<\/p>\n\n\n\n<p>Lares Montalvo agreg\u00f3 que tambi\u00e9n se llev\u00f3 a cabo la campa\u00f1a \u201cTejiendo paridad\u201d para la promoci\u00f3n de los derechos pol\u00edticos electorales de las mujeres que viven en comunidades regidas por SNI, la cual consisti\u00f3 en spots de televisi\u00f3n y radio, as\u00ed como difusi\u00f3n en redes sociales. Adem\u00e1s, fue traducida a ocho lenguas originarias y 14 variantes entre las que se encuentran: mixteco, mazateco, mixe, huave y zapoteco.<\/p>\n\n\n\n<p>Finalmente, se\u00f1al\u00f3 que no se puede pensar en una democracia completa sin que las mujeres puedan participar en las mismas condiciones que los hombres en la esfera pol\u00edtica. Adem\u00e1s de ejercer su derecho a la participaci\u00f3n en la vida p\u00fablica de sus comunidades.<\/p>\n\n\n\n<p>Cabe destacar que la SM preside este esfuerzo interinstitucional, en el que concurren el IEEPCO, TEEO y dependencias permanentes del Observatorio.<\/p>\n\n\n\n<p>-0-<\/p>\n","protected":false},"excerpt":{"rendered":"<p>\u2022 En este marco, se dieron a conocer acciones a favor de la democracia paritaria&#8230;<\/p>\n","protected":false},"author":4,"featured_media":36094,"comment_status":"","ping_status":"open","sticky":false,"template":"","format":"standard","meta":{"footnotes":""},"categories":[9],"tags":[],"jetpack_sharing_enabled":true,"featured_image_urls":{"full":["https:\/\/contextoanalisisperiodistico.com\/wp-content\/uploads\/2025\/01\/IMG-20250116-WA0133.jpg",900,600,false],"thumbnail":["https:\/\/contextoanalisisperiodistico.com\/wp-content\/uploads\/2025\/01\/IMG-20250116-WA0133-150x150.jpg",150,150,true],"medium":["https:\/\/contextoanalisisperiodistico.com\/wp-content\/uploads\/2025\/01\/IMG-20250116-WA0133-300x200.jpg",300,200,true],"medium_large":["https:\/\/contextoanalisisperiodistico.com\/wp-content\/uploads\/2025\/01\/IMG-20250116-WA0133-768x512.jpg",640,427,true],"large":["https:\/\/contextoanalisisperiodistico.com\/wp-content\/uploads\/2025\/01\/IMG-20250116-WA0133.jpg",640,427,false],"1536x1536":["https:\/\/contextoanalisisperiodistico.com\/wp-content\/uploads\/2025\/01\/IMG-20250116-WA0133.jpg",900,600,false],"2048x2048":["https:\/\/contextoanalisisperiodistico.com\/wp-content\/uploads\/2025\/01\/IMG-20250116-WA0133.jpg",900,600,false],"covernews-slider-full":["https:\/\/contextoanalisisperiodistico.com\/wp-content\/uploads\/2025\/01\/IMG-20250116-WA0133.jpg",900,600,false],"covernews-slider-center":["https:\/\/contextoanalisisperiodistico.com\/wp-content\/uploads\/2025\/01\/IMG-20250116-WA0133-800x500.jpg",800,500,true],"covernews-featured":["https:\/\/contextoanalisisperiodistico.com\/wp-content\/uploads\/2025\/01\/IMG-20250116-WA0133.jpg",900,600,false],"covernews-medium":["https:\/\/contextoanalisisperiodistico.com\/wp-content\/uploads\/2025\/01\/IMG-20250116-WA0133-540x340.jpg",540,340,true],"covernews-medium-square":["https:\/\/contextoanalisisperiodistico.com\/wp-content\/uploads\/2025\/01\/IMG-20250116-WA0133-400x250.jpg",400,250,true]},"author_info":{"display_name":"Mario Gir\u00f3n","author_link":"https:\/\/contextoanalisisperiodistico.com\/index.php\/author\/director\/"},"category_info":"<a href=\"https:\/\/contextoanalisisperiodistico.com\/index.php\/category\/politica\/\" rel=\"category tag\">Pol\u00edtica<\/a>","tag_info":"Pol\u00edtica","comment_count":"0","jetpack_featured_media_url":"https:\/\/contextoanalisisperiodistico.com\/wp-content\/uploads\/2025\/01\/IMG-20250116-WA0133.jpg","_links":{"self":[{"href":"https:\/\/contextoanalisisperiodistico.com\/index.php\/wp-json\/wp\/v2\/posts\/36097"}],"collection":[{"href":"https:\/\/contextoanalisisperiodistico.com\/index.php\/wp-json\/wp\/v2\/posts"}],"about":[{"href":"https:\/\/contextoanalisisperiodistico.com\/index.php\/wp-json\/wp\/v2\/types\/post"}],"author":[{"embeddable":true,"href":"https:\/\/contextoanalisisperiodistico.com\/index.php\/wp-json\/wp\/v2\/users\/4"}],"replies":[{"embeddable":true,"href":"https:\/\/contextoanalisisperiodistico.com\/index.php\/wp-json\/wp\/v2\/comments?post=36097"}],"version-history":[{"count":0,"href":"https:\/\/contextoanalisisperiodistico.com\/index.php\/wp-json\/wp\/v2\/posts\/36097\/revisions"}],"wp:featuredmedia":[{"embeddable":true,"href":"https:\/\/contextoanalisisperiodistico.com\/index.php\/wp-json\/wp\/v2\/media\/36094"}],"wp:attachment":[{"href":"https:\/\/contextoanalisisperiodistico.com\/index.php\/wp-json\/wp\/v2\/media?parent=36097"}],"wp:term":[{"taxonomy":"category","embeddable":true,"href":"https:\/\/contextoanalisisperiodistico.com\/index.php\/wp-json\/wp\/v2\/categories?post=36097"},{"taxonomy":"post_tag","embeddable":true,"href":"https:\/\/contextoanalisisperiodistico.com\/index.php\/wp-json\/wp\/v2\/tags?post=36097"}],"curies":[{"name":"wp","href":"https:\/\/api.w.org\/{rel}","templated":true}]}}