{"id":36081,"date":"2025-01-16T17:06:20","date_gmt":"2025-01-16T23:06:20","guid":{"rendered":"https:\/\/contextoanalisisperiodistico.com\/index.php\/2025\/01\/16\/otorga-sefin-cheques-a-autoridades-municipales-que-aun-no-han-notificado-cuentas-bancarias\/"},"modified":"2025-01-16T17:06:20","modified_gmt":"2025-01-16T23:06:20","slug":"otorga-sefin-cheques-a-autoridades-municipales-que-aun-no-han-notificado-cuentas-bancarias","status":"publish","type":"post","link":"https:\/\/contextoanalisisperiodistico.com\/index.php\/2025\/01\/16\/otorga-sefin-cheques-a-autoridades-municipales-que-aun-no-han-notificado-cuentas-bancarias\/","title":{"rendered":"Otorga Sefin cheques a autoridades municipales que a\u00fan no han notificado cuentas bancarias"},"content":{"rendered":"<div id=\"fb-root\"><\/div>\n\n<p>\u2022 Se pondr\u00e1n a disposici\u00f3n cheques para la recepci\u00f3n de recursos correspondientes a los Ramos 28 y 33 Fondos III y IV<br \/>\u2022 El cheque solo podr\u00e1 ser entregado a quienes ocupen los cargos como titulares de presidencia y tesorer\u00eda municipal<\/p>\n\n\n\n<figure class=\"wp-block-image size-large\"><img fetchpriority=\"high\" decoding=\"async\" width=\"900\" height=\"600\" src=\"https:\/\/contextoanalisisperiodistico.com\/wp-content\/uploads\/2025\/01\/img-20250116-wa01263287514530991802998.jpg\" alt=\"\" class=\"wp-image-36080\" srcset=\"https:\/\/contextoanalisisperiodistico.com\/wp-content\/uploads\/2025\/01\/img-20250116-wa01263287514530991802998.jpg 900w, https:\/\/contextoanalisisperiodistico.com\/wp-content\/uploads\/2025\/01\/img-20250116-wa01263287514530991802998-300x200.jpg 300w, https:\/\/contextoanalisisperiodistico.com\/wp-content\/uploads\/2025\/01\/img-20250116-wa01263287514530991802998-768x512.jpg 768w\" sizes=\"(max-width: 900px) 100vw, 900px\" \/><\/figure>\n\n\n\n<figure class=\"wp-block-image\"><img decoding=\"async\" width=\"300\" height=\"200\" src=\"https:\/\/contextoanalisisperiodistico.com\/wp-content\/uploads\/2025\/01\/img-20250116-wa01251741172838611776099-300x200.jpg\" alt=\"\" class=\"wp-image-36078\" srcset=\"https:\/\/contextoanalisisperiodistico.com\/wp-content\/uploads\/2025\/01\/img-20250116-wa01251741172838611776099-300x200.jpg 300w, https:\/\/contextoanalisisperiodistico.com\/wp-content\/uploads\/2025\/01\/img-20250116-wa01251741172838611776099-768x511.jpg 768w, https:\/\/contextoanalisisperiodistico.com\/wp-content\/uploads\/2025\/01\/img-20250116-wa01251741172838611776099.jpg 900w\" sizes=\"(max-width: 300px) 100vw, 300px\" \/><\/figure>\n\n\n\n<figure class=\"wp-block-image\"><img decoding=\"async\" width=\"300\" height=\"200\" src=\"https:\/\/contextoanalisisperiodistico.com\/wp-content\/uploads\/2025\/01\/img-20250116-wa01231826501450115706145-300x200.jpg\" alt=\"\" class=\"wp-image-36079\" srcset=\"https:\/\/contextoanalisisperiodistico.com\/wp-content\/uploads\/2025\/01\/img-20250116-wa01231826501450115706145-300x200.jpg 300w, https:\/\/contextoanalisisperiodistico.com\/wp-content\/uploads\/2025\/01\/img-20250116-wa01231826501450115706145-768x511.jpg 768w, https:\/\/contextoanalisisperiodistico.com\/wp-content\/uploads\/2025\/01\/img-20250116-wa01231826501450115706145.jpg 900w\" sizes=\"(max-width: 300px) 100vw, 300px\" \/><\/figure>\n\n\n\n<p>San Bartolo Coyotepec, Oax. 16 de enero de 2025.- El Gobierno del Estado mediante la Secretar\u00eda de Finanzas (Sefin), pondr\u00e1 a disposici\u00f3n los cheques para su entrega a las autoridades municipales que, al 14 de enero del presente a\u00f1o, no notificaron sus cuentas bancarias productivas espec\u00edficas para la recepci\u00f3n de los recursos correspondientes a los Ramos 28 y 33, Fondos III y IV.<\/p>\n\n\n\n<p>Esta acci\u00f3n tiene el objetivo de dar cumplimiento a lo establecido en el art\u00edculo 8, p\u00e1rrafo tercero de la Ley de Coordinaci\u00f3n Fiscal del Estado de Oaxaca.<\/p>\n\n\n\n<p>Los cheques se entregar\u00e1n a partir del 17 de enero en el Departamento de Participaciones Municipales, ubicado en el edificio \u201cD\u201d Sa\u00fal Mart\u00ednez del Centro Administrativo del Poder Ejecutivo y Judicial \u201cGeneral Porfirio D\u00edaz, Soldado de la Patria\u201d, ubicado en avenida Gerardo Pandal Graft n\u00famero 1, Reyes Mantec\u00f3n, San Bartolo Coyotepec.<\/p>\n\n\n\n<p>El horario de atenci\u00f3n ser\u00e1 de lunes a viernes de 09:00 a 15:00 horas. La entrega solo se realizar\u00e1 a quienes ostentan los cargos como titulares de presidencias y tesorer\u00edas municipales; no se aceptar\u00e1n intermediarios.<\/p>\n\n\n\n<p>Deber\u00e1n cumplir con los requisitos se\u00f1alados en la p\u00e1gina de la Secretar\u00eda de Finanzas, los cuales podr\u00e1n ser consultados en el siguiente link: https:\/\/www.finanzasoaxaca.gob.mx\/propuesta-de-formatos-para-acreditacion\/<\/p>\n\n\n\n<p>Sefin exhorta a las autoridades municipales a mantenerse informadas mediante los medios de comunicaci\u00f3n oficiales del Gobierno del Estado y de la dependencia, para evitar la desinformaci\u00f3n o alg\u00fan acto de corrupci\u00f3n.<\/p>\n\n\n\n<p>-0-<\/p>\n","protected":false},"excerpt":{"rendered":"<p>\u2022 Se pondr\u00e1n a disposici\u00f3n cheques para la recepci\u00f3n de recursos correspondientes a los Ramos&#8230;<\/p>\n","protected":false},"author":4,"featured_media":36077,"comment_status":"","ping_status":"open","sticky":false,"template":"","format":"standard","meta":{"footnotes":""},"categories":[9],"tags":[],"jetpack_sharing_enabled":true,"featured_image_urls":{"full":["https:\/\/contextoanalisisperiodistico.com\/wp-content\/uploads\/2025\/01\/IMG-20250116-WA0124.jpg",900,599,false],"thumbnail":["https:\/\/contextoanalisisperiodistico.com\/wp-content\/uploads\/2025\/01\/IMG-20250116-WA0124-150x150.jpg",150,150,true],"medium":["https:\/\/contextoanalisisperiodistico.com\/wp-content\/uploads\/2025\/01\/IMG-20250116-WA0124-300x200.jpg",300,200,true],"medium_large":["https:\/\/contextoanalisisperiodistico.com\/wp-content\/uploads\/2025\/01\/IMG-20250116-WA0124-768x511.jpg",640,426,true],"large":["https:\/\/contextoanalisisperiodistico.com\/wp-content\/uploads\/2025\/01\/IMG-20250116-WA0124.jpg",640,426,false],"1536x1536":["https:\/\/contextoanalisisperiodistico.com\/wp-content\/uploads\/2025\/01\/IMG-20250116-WA0124.jpg",900,599,false],"2048x2048":["https:\/\/contextoanalisisperiodistico.com\/wp-content\/uploads\/2025\/01\/IMG-20250116-WA0124.jpg",900,599,false],"covernews-slider-full":["https:\/\/contextoanalisisperiodistico.com\/wp-content\/uploads\/2025\/01\/IMG-20250116-WA0124.jpg",900,599,false],"covernews-slider-center":["https:\/\/contextoanalisisperiodistico.com\/wp-content\/uploads\/2025\/01\/IMG-20250116-WA0124-800x500.jpg",800,500,true],"covernews-featured":["https:\/\/contextoanalisisperiodistico.com\/wp-content\/uploads\/2025\/01\/IMG-20250116-WA0124.jpg",900,599,false],"covernews-medium":["https:\/\/contextoanalisisperiodistico.com\/wp-content\/uploads\/2025\/01\/IMG-20250116-WA0124-540x340.jpg",540,340,true],"covernews-medium-square":["https:\/\/contextoanalisisperiodistico.com\/wp-content\/uploads\/2025\/01\/IMG-20250116-WA0124-400x250.jpg",400,250,true]},"author_info":{"display_name":"Mario Gir\u00f3n","author_link":"https:\/\/contextoanalisisperiodistico.com\/index.php\/author\/director\/"},"category_info":"<a href=\"https:\/\/contextoanalisisperiodistico.com\/index.php\/category\/politica\/\" rel=\"category tag\">Pol\u00edtica<\/a>","tag_info":"Pol\u00edtica","comment_count":"0","jetpack_featured_media_url":"https:\/\/contextoanalisisperiodistico.com\/wp-content\/uploads\/2025\/01\/IMG-20250116-WA0124.jpg","_links":{"self":[{"href":"https:\/\/contextoanalisisperiodistico.com\/index.php\/wp-json\/wp\/v2\/posts\/36081"}],"collection":[{"href":"https:\/\/contextoanalisisperiodistico.com\/index.php\/wp-json\/wp\/v2\/posts"}],"about":[{"href":"https:\/\/contextoanalisisperiodistico.com\/index.php\/wp-json\/wp\/v2\/types\/post"}],"author":[{"embeddable":true,"href":"https:\/\/contextoanalisisperiodistico.com\/index.php\/wp-json\/wp\/v2\/users\/4"}],"replies":[{"embeddable":true,"href":"https:\/\/contextoanalisisperiodistico.com\/index.php\/wp-json\/wp\/v2\/comments?post=36081"}],"version-history":[{"count":0,"href":"https:\/\/contextoanalisisperiodistico.com\/index.php\/wp-json\/wp\/v2\/posts\/36081\/revisions"}],"wp:featuredmedia":[{"embeddable":true,"href":"https:\/\/contextoanalisisperiodistico.com\/index.php\/wp-json\/wp\/v2\/media\/36077"}],"wp:attachment":[{"href":"https:\/\/contextoanalisisperiodistico.com\/index.php\/wp-json\/wp\/v2\/media?parent=36081"}],"wp:term":[{"taxonomy":"category","embeddable":true,"href":"https:\/\/contextoanalisisperiodistico.com\/index.php\/wp-json\/wp\/v2\/categories?post=36081"},{"taxonomy":"post_tag","embeddable":true,"href":"https:\/\/contextoanalisisperiodistico.com\/index.php\/wp-json\/wp\/v2\/tags?post=36081"}],"curies":[{"name":"wp","href":"https:\/\/api.w.org\/{rel}","templated":true}]}}