{"id":36042,"date":"2025-01-15T21:49:17","date_gmt":"2025-01-16T03:49:17","guid":{"rendered":"https:\/\/contextoanalisisperiodistico.com\/index.php\/2025\/01\/15\/fortalece-gobierno-de-oaxaca-cohesion-social-con-parques-flores-de-la-primavera\/"},"modified":"2025-01-15T21:49:17","modified_gmt":"2025-01-16T03:49:17","slug":"fortalece-gobierno-de-oaxaca-cohesion-social-con-parques-flores-de-la-primavera","status":"publish","type":"post","link":"https:\/\/contextoanalisisperiodistico.com\/index.php\/2025\/01\/15\/fortalece-gobierno-de-oaxaca-cohesion-social-con-parques-flores-de-la-primavera\/","title":{"rendered":"Fortalece Gobierno de Oaxaca cohesi\u00f3n social con parques Flores de la Primavera"},"content":{"rendered":"<div id=\"fb-root\"><\/div>\n\n<p>\u2022 La rehabilitaci\u00f3n de 4 espacios beneficia a m\u00e1s de 65 mil personas en la capital del estado<br \/>Oaxaca de Ju\u00e1rez, Oax. 15 de enero de 2025.- El Gobernador del Estado Salom\u00f3n Jara Cruz continu\u00f3 la entrega de parques familiares Flores de la Primavera; en esta ocasi\u00f3n, inaugur\u00f3 cuatro ubicados en el municipio de Oaxaca de Ju\u00e1rez, con una inversi\u00f3n de 10 millones 350 mil 362 pesos, en beneficio de 65 mil 360 personas.<\/p>\n\n\n\n<figure class=\"wp-block-image size-large\"><img fetchpriority=\"high\" decoding=\"async\" width=\"1024\" height=\"683\" src=\"https:\/\/contextoanalisisperiodistico.com\/wp-content\/uploads\/2025\/01\/img-20250115-wa01643591918450472951585-1024x683.jpg\" alt=\"\" class=\"wp-image-36030\" srcset=\"https:\/\/contextoanalisisperiodistico.com\/wp-content\/uploads\/2025\/01\/img-20250115-wa01643591918450472951585-1024x683.jpg 1024w, https:\/\/contextoanalisisperiodistico.com\/wp-content\/uploads\/2025\/01\/img-20250115-wa01643591918450472951585-300x200.jpg 300w, https:\/\/contextoanalisisperiodistico.com\/wp-content\/uploads\/2025\/01\/img-20250115-wa01643591918450472951585-768x512.jpg 768w, https:\/\/contextoanalisisperiodistico.com\/wp-content\/uploads\/2025\/01\/img-20250115-wa01643591918450472951585.jpg 1080w\" sizes=\"(max-width: 1024px) 100vw, 1024px\" \/><\/figure>\n\n\n\n<figure class=\"wp-block-image\"><img decoding=\"async\" width=\"1024\" height=\"683\" src=\"https:\/\/contextoanalisisperiodistico.com\/wp-content\/uploads\/2025\/01\/img-20250115-wa01567414279983036463587-1024x683.jpg\" alt=\"\" class=\"wp-image-36032\" srcset=\"https:\/\/contextoanalisisperiodistico.com\/wp-content\/uploads\/2025\/01\/img-20250115-wa01567414279983036463587-1024x683.jpg 1024w, https:\/\/contextoanalisisperiodistico.com\/wp-content\/uploads\/2025\/01\/img-20250115-wa01567414279983036463587-300x200.jpg 300w, https:\/\/contextoanalisisperiodistico.com\/wp-content\/uploads\/2025\/01\/img-20250115-wa01567414279983036463587-768x512.jpg 768w, https:\/\/contextoanalisisperiodistico.com\/wp-content\/uploads\/2025\/01\/img-20250115-wa01567414279983036463587.jpg 1080w\" sizes=\"(max-width: 1024px) 100vw, 1024px\" \/><\/figure>\n\n\n\n<figure class=\"wp-block-image\"><img decoding=\"async\" width=\"1024\" height=\"683\" src=\"https:\/\/contextoanalisisperiodistico.com\/wp-content\/uploads\/2025\/01\/img-20250115-wa01627424053084419555251-1024x683.jpg\" alt=\"\" class=\"wp-image-36034\" srcset=\"https:\/\/contextoanalisisperiodistico.com\/wp-content\/uploads\/2025\/01\/img-20250115-wa01627424053084419555251-1024x683.jpg 1024w, https:\/\/contextoanalisisperiodistico.com\/wp-content\/uploads\/2025\/01\/img-20250115-wa01627424053084419555251-300x200.jpg 300w, https:\/\/contextoanalisisperiodistico.com\/wp-content\/uploads\/2025\/01\/img-20250115-wa01627424053084419555251-768x512.jpg 768w, https:\/\/contextoanalisisperiodistico.com\/wp-content\/uploads\/2025\/01\/img-20250115-wa01627424053084419555251.jpg 1080w\" sizes=\"(max-width: 1024px) 100vw, 1024px\" \/><\/figure>\n\n\n\n<figure class=\"wp-block-image\"><img loading=\"lazy\" decoding=\"async\" width=\"1024\" height=\"683\" src=\"https:\/\/contextoanalisisperiodistico.com\/wp-content\/uploads\/2025\/01\/img-20250115-wa01619129796683073530984-1024x683.jpg\" alt=\"\" class=\"wp-image-36031\" srcset=\"https:\/\/contextoanalisisperiodistico.com\/wp-content\/uploads\/2025\/01\/img-20250115-wa01619129796683073530984-1024x683.jpg 1024w, https:\/\/contextoanalisisperiodistico.com\/wp-content\/uploads\/2025\/01\/img-20250115-wa01619129796683073530984-300x200.jpg 300w, https:\/\/contextoanalisisperiodistico.com\/wp-content\/uploads\/2025\/01\/img-20250115-wa01619129796683073530984-768x512.jpg 768w, https:\/\/contextoanalisisperiodistico.com\/wp-content\/uploads\/2025\/01\/img-20250115-wa01619129796683073530984.jpg 1080w\" sizes=\"(max-width: 1024px) 100vw, 1024px\" \/><\/figure>\n\n\n\n<figure class=\"wp-block-image\"><img loading=\"lazy\" decoding=\"async\" width=\"1024\" height=\"683\" src=\"https:\/\/contextoanalisisperiodistico.com\/wp-content\/uploads\/2025\/01\/img-20250115-wa01596286314430131861921-1024x683.jpg\" alt=\"\" class=\"wp-image-36033\" srcset=\"https:\/\/contextoanalisisperiodistico.com\/wp-content\/uploads\/2025\/01\/img-20250115-wa01596286314430131861921-1024x683.jpg 1024w, https:\/\/contextoanalisisperiodistico.com\/wp-content\/uploads\/2025\/01\/img-20250115-wa01596286314430131861921-300x200.jpg 300w, https:\/\/contextoanalisisperiodistico.com\/wp-content\/uploads\/2025\/01\/img-20250115-wa01596286314430131861921-768x512.jpg 768w, https:\/\/contextoanalisisperiodistico.com\/wp-content\/uploads\/2025\/01\/img-20250115-wa01596286314430131861921.jpg 1080w\" sizes=\"(max-width: 1024px) 100vw, 1024px\" \/><\/figure>\n\n\n\n<figure class=\"wp-block-image\"><img loading=\"lazy\" decoding=\"async\" width=\"1024\" height=\"683\" src=\"https:\/\/contextoanalisisperiodistico.com\/wp-content\/uploads\/2025\/01\/img-20250115-wa01584182755316961216829-1024x683.jpg\" alt=\"\" class=\"wp-image-36035\" srcset=\"https:\/\/contextoanalisisperiodistico.com\/wp-content\/uploads\/2025\/01\/img-20250115-wa01584182755316961216829-1024x683.jpg 1024w, https:\/\/contextoanalisisperiodistico.com\/wp-content\/uploads\/2025\/01\/img-20250115-wa01584182755316961216829-300x200.jpg 300w, https:\/\/contextoanalisisperiodistico.com\/wp-content\/uploads\/2025\/01\/img-20250115-wa01584182755316961216829-768x512.jpg 768w, https:\/\/contextoanalisisperiodistico.com\/wp-content\/uploads\/2025\/01\/img-20250115-wa01584182755316961216829.jpg 1080w\" sizes=\"(max-width: 1024px) 100vw, 1024px\" \/><\/figure>\n\n\n\n<figure class=\"wp-block-image\"><img loading=\"lazy\" decoding=\"async\" width=\"1024\" height=\"683\" src=\"https:\/\/contextoanalisisperiodistico.com\/wp-content\/uploads\/2025\/01\/img-20250115-wa01577422942548486076607-1024x683.jpg\" alt=\"\" class=\"wp-image-36036\" srcset=\"https:\/\/contextoanalisisperiodistico.com\/wp-content\/uploads\/2025\/01\/img-20250115-wa01577422942548486076607-1024x683.jpg 1024w, https:\/\/contextoanalisisperiodistico.com\/wp-content\/uploads\/2025\/01\/img-20250115-wa01577422942548486076607-300x200.jpg 300w, https:\/\/contextoanalisisperiodistico.com\/wp-content\/uploads\/2025\/01\/img-20250115-wa01577422942548486076607-768x512.jpg 768w, https:\/\/contextoanalisisperiodistico.com\/wp-content\/uploads\/2025\/01\/img-20250115-wa01577422942548486076607.jpg 1080w\" sizes=\"(max-width: 1024px) 100vw, 1024px\" \/><\/figure>\n\n\n\n<figure class=\"wp-block-image\"><img loading=\"lazy\" decoding=\"async\" width=\"1024\" height=\"683\" src=\"https:\/\/contextoanalisisperiodistico.com\/wp-content\/uploads\/2025\/01\/img-20250115-wa0163290262787316314266-1024x683.jpg\" alt=\"\" class=\"wp-image-36038\" srcset=\"https:\/\/contextoanalisisperiodistico.com\/wp-content\/uploads\/2025\/01\/img-20250115-wa0163290262787316314266-1024x683.jpg 1024w, https:\/\/contextoanalisisperiodistico.com\/wp-content\/uploads\/2025\/01\/img-20250115-wa0163290262787316314266-300x200.jpg 300w, https:\/\/contextoanalisisperiodistico.com\/wp-content\/uploads\/2025\/01\/img-20250115-wa0163290262787316314266-768x512.jpg 768w, https:\/\/contextoanalisisperiodistico.com\/wp-content\/uploads\/2025\/01\/img-20250115-wa0163290262787316314266.jpg 1080w\" sizes=\"(max-width: 1024px) 100vw, 1024px\" \/><\/figure>\n\n\n\n<figure class=\"wp-block-image\"><img loading=\"lazy\" decoding=\"async\" width=\"1024\" height=\"683\" src=\"https:\/\/contextoanalisisperiodistico.com\/wp-content\/uploads\/2025\/01\/img-20250115-wa01652740616325880089607-1024x683.jpg\" alt=\"\" class=\"wp-image-36037\" srcset=\"https:\/\/contextoanalisisperiodistico.com\/wp-content\/uploads\/2025\/01\/img-20250115-wa01652740616325880089607-1024x683.jpg 1024w, https:\/\/contextoanalisisperiodistico.com\/wp-content\/uploads\/2025\/01\/img-20250115-wa01652740616325880089607-300x200.jpg 300w, https:\/\/contextoanalisisperiodistico.com\/wp-content\/uploads\/2025\/01\/img-20250115-wa01652740616325880089607-768x512.jpg 768w, https:\/\/contextoanalisisperiodistico.com\/wp-content\/uploads\/2025\/01\/img-20250115-wa01652740616325880089607.jpg 1080w\" sizes=\"(max-width: 1024px) 100vw, 1024px\" \/><\/figure>\n\n\n\n<figure class=\"wp-block-image\"><img loading=\"lazy\" decoding=\"async\" width=\"1024\" height=\"683\" src=\"https:\/\/contextoanalisisperiodistico.com\/wp-content\/uploads\/2025\/01\/img-20250115-wa01681794892619256690622-1024x683.jpg\" alt=\"\" class=\"wp-image-36039\" srcset=\"https:\/\/contextoanalisisperiodistico.com\/wp-content\/uploads\/2025\/01\/img-20250115-wa01681794892619256690622-1024x683.jpg 1024w, https:\/\/contextoanalisisperiodistico.com\/wp-content\/uploads\/2025\/01\/img-20250115-wa01681794892619256690622-300x200.jpg 300w, https:\/\/contextoanalisisperiodistico.com\/wp-content\/uploads\/2025\/01\/img-20250115-wa01681794892619256690622-768x512.jpg 768w, https:\/\/contextoanalisisperiodistico.com\/wp-content\/uploads\/2025\/01\/img-20250115-wa01681794892619256690622.jpg 1080w\" sizes=\"(max-width: 1024px) 100vw, 1024px\" \/><\/figure>\n\n\n\n<figure class=\"wp-block-image\"><img loading=\"lazy\" decoding=\"async\" width=\"1024\" height=\"683\" src=\"https:\/\/contextoanalisisperiodistico.com\/wp-content\/uploads\/2025\/01\/img-20250115-wa01673071204106738622662-1024x683.jpg\" alt=\"\" class=\"wp-image-36040\" srcset=\"https:\/\/contextoanalisisperiodistico.com\/wp-content\/uploads\/2025\/01\/img-20250115-wa01673071204106738622662-1024x683.jpg 1024w, https:\/\/contextoanalisisperiodistico.com\/wp-content\/uploads\/2025\/01\/img-20250115-wa01673071204106738622662-300x200.jpg 300w, https:\/\/contextoanalisisperiodistico.com\/wp-content\/uploads\/2025\/01\/img-20250115-wa01673071204106738622662-768x512.jpg 768w, https:\/\/contextoanalisisperiodistico.com\/wp-content\/uploads\/2025\/01\/img-20250115-wa01673071204106738622662.jpg 1080w\" sizes=\"(max-width: 1024px) 100vw, 1024px\" \/><\/figure>\n\n\n\n<figure class=\"wp-block-image\"><img loading=\"lazy\" decoding=\"async\" width=\"1024\" height=\"683\" src=\"https:\/\/contextoanalisisperiodistico.com\/wp-content\/uploads\/2025\/01\/img-20250115-wa01667431897758681371846-1024x683.jpg\" alt=\"\" class=\"wp-image-36041\" srcset=\"https:\/\/contextoanalisisperiodistico.com\/wp-content\/uploads\/2025\/01\/img-20250115-wa01667431897758681371846-1024x683.jpg 1024w, https:\/\/contextoanalisisperiodistico.com\/wp-content\/uploads\/2025\/01\/img-20250115-wa01667431897758681371846-300x200.jpg 300w, https:\/\/contextoanalisisperiodistico.com\/wp-content\/uploads\/2025\/01\/img-20250115-wa01667431897758681371846-768x512.jpg 768w, https:\/\/contextoanalisisperiodistico.com\/wp-content\/uploads\/2025\/01\/img-20250115-wa01667431897758681371846.jpg 1080w\" sizes=\"(max-width: 1024px) 100vw, 1024px\" \/><\/figure>\n\n\n\n<p>El Mandatario estatal mencion\u00f3 que, a trav\u00e9s de esta acci\u00f3n, todas las ni\u00f1as y ni\u00f1os ahora cuentan con un lugar seguro para que se diviertan, jueguen y practiquen alg\u00fan deporte. De igual manera, las personas mayores pueden disfrutar de un espacio ideal para ejercitarse y mejorar su salud.<\/p>\n\n\n\n<p>\u201cNuestro objetivo es recuperar todos los espacios p\u00fablicos del municipio de Oaxaca de Ju\u00e1rez, as\u00ed como de Santa Cruz Xoxocotl\u00e1n, Santa Luc\u00eda del Camino y de todas las localidades del estado\u201d afirm\u00f3.<\/p>\n\n\n\n<p>En este sentido fueron puestos en operaci\u00f3n los parques: Gardenia, localizado en inmediaciones de la colonia Aurora; Tabach\u00edn en la agencia de Montoya, as\u00ed como Color\u00edn y Magnolia en la agencia de San Mart\u00edn Mexicapam.<\/p>\n\n\n\n<p>En su oportunidad, el secretario de Infraestructuras y Comunicaciones (SIC) Carlos Vichido, precis\u00f3 que se colocaron m\u00f3dulos de juegos infantiles, velarias, muros de contenci\u00f3n, gimnasios al aire libre, luminarias solares, tableros de b\u00e1squetbol, aplicaci\u00f3n de pintura en canchas, bancas, guarniciones de concreto y se\u00f1al\u00e9tica.<\/p>\n\n\n\n<p>Adem\u00e1s de malla perimetral, mejoras en trotapistas y jardineras que recibieron aplicaci\u00f3n de tezontle, adoqu\u00edn y vegetaci\u00f3n, respectivamente.<\/p>\n\n\n\n<p>\u201cSe recuperaron parques abandonados y en muy malas condiciones, y se revivi\u00f3 la vocaci\u00f3n real de estos espacios que es fortalecer el tejido social y convertirlos en elementos fundamentales para un positivo desarrollo de la ni\u00f1ez y la juventud oaxaque\u00f1a\u201d enfatiz\u00f3.<\/p>\n\n\n\n<p>Por su parte, el presidente municipal de Oaxaca de Ju\u00e1rez, Raymundo Chagoya invit\u00f3 a las y los habitantes a conservar estos espacios destinados al disfrute de las familias y a la convivencia vecinal, a fin de compartirlo con futuras generaciones. De igual manera enfatiz\u00f3 que el Gobernador tiene un gran entusiasmo por aportar a la mejora de la capital del estado, y agreg\u00f3 que estos parques son muestra de ello.<\/p>\n\n\n\n<p>Como parte de las Obras Primavera se rescataron un total de nueve parques en la Zona Metropolitana, una acci\u00f3n que evidencia el compromiso de la Primavera Oaxaque\u00f1a por mejorar las condiciones de vida y proporcionar bienestar a la poblaci\u00f3n.<\/p>\n\n\n\n<p>-0-<\/p>\n","protected":false},"excerpt":{"rendered":"<p>\u2022 La rehabilitaci\u00f3n de 4 espacios beneficia a m\u00e1s de 65 mil personas en la&#8230;<\/p>\n","protected":false},"author":4,"featured_media":36029,"comment_status":"","ping_status":"open","sticky":false,"template":"","format":"standard","meta":{"footnotes":""},"categories":[9],"tags":[],"jetpack_sharing_enabled":true,"featured_image_urls":{"full":["https:\/\/contextoanalisisperiodistico.com\/wp-content\/uploads\/2025\/01\/IMG-20250115-WA0160.jpg",1080,720,false],"thumbnail":["https:\/\/contextoanalisisperiodistico.com\/wp-content\/uploads\/2025\/01\/IMG-20250115-WA0160-150x150.jpg",150,150,true],"medium":["https:\/\/contextoanalisisperiodistico.com\/wp-content\/uploads\/2025\/01\/IMG-20250115-WA0160-300x200.jpg",300,200,true],"medium_large":["https:\/\/contextoanalisisperiodistico.com\/wp-content\/uploads\/2025\/01\/IMG-20250115-WA0160-768x512.jpg",640,427,true],"large":["https:\/\/contextoanalisisperiodistico.com\/wp-content\/uploads\/2025\/01\/IMG-20250115-WA0160-1024x683.jpg",640,427,true],"1536x1536":["https:\/\/contextoanalisisperiodistico.com\/wp-content\/uploads\/2025\/01\/IMG-20250115-WA0160.jpg",1080,720,false],"2048x2048":["https:\/\/contextoanalisisperiodistico.com\/wp-content\/uploads\/2025\/01\/IMG-20250115-WA0160.jpg",1080,720,false],"covernews-slider-full":["https:\/\/contextoanalisisperiodistico.com\/wp-content\/uploads\/2025\/01\/IMG-20250115-WA0160-1080x715.jpg",1080,715,true],"covernews-slider-center":["https:\/\/contextoanalisisperiodistico.com\/wp-content\/uploads\/2025\/01\/IMG-20250115-WA0160-800x500.jpg",800,500,true],"covernews-featured":["https:\/\/contextoanalisisperiodistico.com\/wp-content\/uploads\/2025\/01\/IMG-20250115-WA0160-1024x683.jpg",1024,683,true],"covernews-medium":["https:\/\/contextoanalisisperiodistico.com\/wp-content\/uploads\/2025\/01\/IMG-20250115-WA0160-540x340.jpg",540,340,true],"covernews-medium-square":["https:\/\/contextoanalisisperiodistico.com\/wp-content\/uploads\/2025\/01\/IMG-20250115-WA0160-400x250.jpg",400,250,true]},"author_info":{"display_name":"Mario Gir\u00f3n","author_link":"https:\/\/contextoanalisisperiodistico.com\/index.php\/author\/director\/"},"category_info":"<a href=\"https:\/\/contextoanalisisperiodistico.com\/index.php\/category\/politica\/\" rel=\"category tag\">Pol\u00edtica<\/a>","tag_info":"Pol\u00edtica","comment_count":"0","jetpack_featured_media_url":"https:\/\/contextoanalisisperiodistico.com\/wp-content\/uploads\/2025\/01\/IMG-20250115-WA0160.jpg","_links":{"self":[{"href":"https:\/\/contextoanalisisperiodistico.com\/index.php\/wp-json\/wp\/v2\/posts\/36042"}],"collection":[{"href":"https:\/\/contextoanalisisperiodistico.com\/index.php\/wp-json\/wp\/v2\/posts"}],"about":[{"href":"https:\/\/contextoanalisisperiodistico.com\/index.php\/wp-json\/wp\/v2\/types\/post"}],"author":[{"embeddable":true,"href":"https:\/\/contextoanalisisperiodistico.com\/index.php\/wp-json\/wp\/v2\/users\/4"}],"replies":[{"embeddable":true,"href":"https:\/\/contextoanalisisperiodistico.com\/index.php\/wp-json\/wp\/v2\/comments?post=36042"}],"version-history":[{"count":0,"href":"https:\/\/contextoanalisisperiodistico.com\/index.php\/wp-json\/wp\/v2\/posts\/36042\/revisions"}],"wp:featuredmedia":[{"embeddable":true,"href":"https:\/\/contextoanalisisperiodistico.com\/index.php\/wp-json\/wp\/v2\/media\/36029"}],"wp:attachment":[{"href":"https:\/\/contextoanalisisperiodistico.com\/index.php\/wp-json\/wp\/v2\/media?parent=36042"}],"wp:term":[{"taxonomy":"category","embeddable":true,"href":"https:\/\/contextoanalisisperiodistico.com\/index.php\/wp-json\/wp\/v2\/categories?post=36042"},{"taxonomy":"post_tag","embeddable":true,"href":"https:\/\/contextoanalisisperiodistico.com\/index.php\/wp-json\/wp\/v2\/tags?post=36042"}],"curies":[{"name":"wp","href":"https:\/\/api.w.org\/{rel}","templated":true}]}}