{"id":36020,"date":"2025-01-15T16:55:16","date_gmt":"2025-01-15T22:55:16","guid":{"rendered":"https:\/\/contextoanalisisperiodistico.com\/index.php\/2025\/01\/15\/informa-municipio-de-oaxaca-de-juarez-ubicacion-de-cajas-recaudadoras\/"},"modified":"2025-01-15T17:09:59","modified_gmt":"2025-01-15T23:09:59","slug":"informa-municipio-de-oaxaca-de-juarez-ubicacion-de-cajas-recaudadoras","status":"publish","type":"post","link":"https:\/\/contextoanalisisperiodistico.com\/index.php\/2025\/01\/15\/informa-municipio-de-oaxaca-de-juarez-ubicacion-de-cajas-recaudadoras\/","title":{"rendered":"Informa Municipio de Oaxaca de Ju\u00e1rez ubicaci\u00f3n de cajas recaudadoras"},"content":{"rendered":"<div id=\"fb-root\"><\/div>\n\n<p>\u2022Se dispone de espacios cercanos a las vecinas y vecinos, adem\u00e1s de aplicar descuentos en l\u00ednea, a madres solteras y personas jubiladas.<\/p>\n\n\n\n<p>Oaxaca de Ju\u00e1rez, Oax., 15 de enero de 2025.- Combatiendo los vicios de la vieja pol\u00edtica, el Municipio de Oaxaca de Ju\u00e1rez, presidido por Ray Chagoya, ha modernizado el pago del impuesto predial, haciendo m\u00e1s eficiente el servicio y acercando las cajas recaudadoras a diferentes puntos de la ciudad capital.<\/p>\n\n\n\n<p>Las vecinas y vecinos cuentan con 9 m\u00f3dulos de recaudaci\u00f3n, donde pueden realizar su pago de manera r\u00e1pida y sin largas filas. El primero de ellos se encuentra en el Palacio Municipal, ubicado en Morelos 108, en el centro de la ciudad. Este m\u00f3dulo tiene un horario de 6:00 a 18:00 horas, de lunes a viernes, y los s\u00e1bados de 9:00 a 14:00 horas.<\/p>\n\n\n\n<p>En estos mismos horarios operan los m\u00f3dulos ubicados en las oficinas de Desarrollo Urbano, ubicadas en las calles de Murgu\u00eda 800, la Direcci\u00f3n de Movilidad en Hidalgo 1725, ambos en la colonia Centro, el Mercado de Abasto en avenida Mercaderes sin n\u00famero y La Fundici\u00f3n en carretera a Monte Alb\u00e1n n\u00famero 105.<\/p>\n\n\n\n<p>Mientras tanto, de lunes a viernes est\u00e1n disponibles los m\u00f3dulos de Catastro Municipal en calzada San Felipe del Agua 913, la Agencia de Polic\u00eda de Cinco Se\u00f1ores, y las agencias de Candiani y San Mart\u00edn Mexicapam.<\/p>\n\n\n\n<p>Es importante mencionar que para los pagos en l\u00ednea se aplicar\u00e1 un 15% de descuento. Tambi\u00e9n se otorgar\u00e1 un descuento a madres solteras, presentando un dictamen emitido por el DIF Municipal, siempre y cuando la solicitante sea titular del inmueble y este no rebase una base gravable superior a un mill\u00f3n de pesos.<\/p>\n\n\n\n<p>De igual forma, el descuento aplica para personas jubiladas al pagar en l\u00ednea, siempre y cuando hayan realizado pagos previos por este medio, ya que el sistema tiene precargada la informaci\u00f3n. Si es la primera vez, deber\u00e1n acudir al Palacio Municipal, segundo patio, en el \u00e1rea de Atenci\u00f3n al Contribuyente, para solicitar su alta en el sistema, presentando su credencial de jubilado.<\/p>\n\n\n\n<p>Con el pago del impuesto predial, las vecinas y vecinos podr\u00e1n contar con mejores servicios municipales, por lo que es fundamental cumplir con este requerimiento.<\/p>\n\n\n\n<figure class=\"wp-block-image size-large\"><img fetchpriority=\"high\" decoding=\"async\" width=\"1024\" height=\"1024\" src=\"https:\/\/contextoanalisisperiodistico.com\/wp-content\/uploads\/2025\/01\/img-20250115-wa0125502749603290907063-1024x1024.jpg\" alt=\"\" class=\"wp-image-36019\" srcset=\"https:\/\/contextoanalisisperiodistico.com\/wp-content\/uploads\/2025\/01\/img-20250115-wa0125502749603290907063-1024x1024.jpg 1024w, https:\/\/contextoanalisisperiodistico.com\/wp-content\/uploads\/2025\/01\/img-20250115-wa0125502749603290907063-300x300.jpg 300w, https:\/\/contextoanalisisperiodistico.com\/wp-content\/uploads\/2025\/01\/img-20250115-wa0125502749603290907063-150x150.jpg 150w, https:\/\/contextoanalisisperiodistico.com\/wp-content\/uploads\/2025\/01\/img-20250115-wa0125502749603290907063-768x768.jpg 768w, https:\/\/contextoanalisisperiodistico.com\/wp-content\/uploads\/2025\/01\/img-20250115-wa0125502749603290907063.jpg 1080w\" sizes=\"(max-width: 1024px) 100vw, 1024px\" \/><\/figure>\n\n\n\n<figure class=\"wp-block-image\"><img decoding=\"async\" width=\"1024\" height=\"1024\" src=\"https:\/\/contextoanalisisperiodistico.com\/wp-content\/uploads\/2025\/01\/img-20250115-wa0126219997390185162189-1024x1024.jpg\" alt=\"\" class=\"wp-image-36018\" srcset=\"https:\/\/contextoanalisisperiodistico.com\/wp-content\/uploads\/2025\/01\/img-20250115-wa0126219997390185162189-1024x1024.jpg 1024w, https:\/\/contextoanalisisperiodistico.com\/wp-content\/uploads\/2025\/01\/img-20250115-wa0126219997390185162189-300x300.jpg 300w, https:\/\/contextoanalisisperiodistico.com\/wp-content\/uploads\/2025\/01\/img-20250115-wa0126219997390185162189-150x150.jpg 150w, https:\/\/contextoanalisisperiodistico.com\/wp-content\/uploads\/2025\/01\/img-20250115-wa0126219997390185162189-768x768.jpg 768w, https:\/\/contextoanalisisperiodistico.com\/wp-content\/uploads\/2025\/01\/img-20250115-wa0126219997390185162189.jpg 1080w\" sizes=\"(max-width: 1024px) 100vw, 1024px\" \/><\/figure>\n\n\n\n<p><\/p>\n\n\n\n<p><\/p>\n\n\n\n<p><\/p>\n\n\n\n<p><\/p>\n\n\n\n<p><\/p>\n\n\n\n<p><\/p>\n\n\n\n<p><\/p>\n\n\n\n<p><\/p>\n","protected":false},"excerpt":{"rendered":"<p>\u2022Se dispone de espacios cercanos a las vecinas y vecinos, adem\u00e1s de aplicar descuentos en&#8230;<\/p>\n","protected":false},"author":4,"featured_media":36017,"comment_status":"closed","ping_status":"open","sticky":false,"template":"","format":"standard","meta":{"footnotes":""},"categories":[3],"tags":[178,235,234,45],"jetpack_sharing_enabled":true,"featured_image_urls":{"full":["https:\/\/contextoanalisisperiodistico.com\/wp-content\/uploads\/2025\/01\/IMG-20250115-WA0124.jpg",1080,1080,false],"thumbnail":["https:\/\/contextoanalisisperiodistico.com\/wp-content\/uploads\/2025\/01\/IMG-20250115-WA0124-150x150.jpg",150,150,true],"medium":["https:\/\/contextoanalisisperiodistico.com\/wp-content\/uploads\/2025\/01\/IMG-20250115-WA0124-300x300.jpg",300,300,true],"medium_large":["https:\/\/contextoanalisisperiodistico.com\/wp-content\/uploads\/2025\/01\/IMG-20250115-WA0124-768x768.jpg",640,640,true],"large":["https:\/\/contextoanalisisperiodistico.com\/wp-content\/uploads\/2025\/01\/IMG-20250115-WA0124-1024x1024.jpg",640,640,true],"1536x1536":["https:\/\/contextoanalisisperiodistico.com\/wp-content\/uploads\/2025\/01\/IMG-20250115-WA0124.jpg",1080,1080,false],"2048x2048":["https:\/\/contextoanalisisperiodistico.com\/wp-content\/uploads\/2025\/01\/IMG-20250115-WA0124.jpg",1080,1080,false],"covernews-slider-full":["https:\/\/contextoanalisisperiodistico.com\/wp-content\/uploads\/2025\/01\/IMG-20250115-WA0124-1080x715.jpg",1080,715,true],"covernews-slider-center":["https:\/\/contextoanalisisperiodistico.com\/wp-content\/uploads\/2025\/01\/IMG-20250115-WA0124-800x500.jpg",800,500,true],"covernews-featured":["https:\/\/contextoanalisisperiodistico.com\/wp-content\/uploads\/2025\/01\/IMG-20250115-WA0124-1024x1024.jpg",1024,1024,true],"covernews-medium":["https:\/\/contextoanalisisperiodistico.com\/wp-content\/uploads\/2025\/01\/IMG-20250115-WA0124-540x340.jpg",540,340,true],"covernews-medium-square":["https:\/\/contextoanalisisperiodistico.com\/wp-content\/uploads\/2025\/01\/IMG-20250115-WA0124-400x250.jpg",400,250,true]},"author_info":{"display_name":"Mario Gir\u00f3n","author_link":"https:\/\/contextoanalisisperiodistico.com\/index.php\/author\/director\/"},"category_info":"<a href=\"https:\/\/contextoanalisisperiodistico.com\/index.php\/category\/ciudad\/\" rel=\"category tag\">Ciudad<\/a>","tag_info":"Ciudad","comment_count":"0","jetpack_featured_media_url":"https:\/\/contextoanalisisperiodistico.com\/wp-content\/uploads\/2025\/01\/IMG-20250115-WA0124.jpg","_links":{"self":[{"href":"https:\/\/contextoanalisisperiodistico.com\/index.php\/wp-json\/wp\/v2\/posts\/36020"}],"collection":[{"href":"https:\/\/contextoanalisisperiodistico.com\/index.php\/wp-json\/wp\/v2\/posts"}],"about":[{"href":"https:\/\/contextoanalisisperiodistico.com\/index.php\/wp-json\/wp\/v2\/types\/post"}],"author":[{"embeddable":true,"href":"https:\/\/contextoanalisisperiodistico.com\/index.php\/wp-json\/wp\/v2\/users\/4"}],"replies":[{"embeddable":true,"href":"https:\/\/contextoanalisisperiodistico.com\/index.php\/wp-json\/wp\/v2\/comments?post=36020"}],"version-history":[{"count":1,"href":"https:\/\/contextoanalisisperiodistico.com\/index.php\/wp-json\/wp\/v2\/posts\/36020\/revisions"}],"predecessor-version":[{"id":36021,"href":"https:\/\/contextoanalisisperiodistico.com\/index.php\/wp-json\/wp\/v2\/posts\/36020\/revisions\/36021"}],"wp:featuredmedia":[{"embeddable":true,"href":"https:\/\/contextoanalisisperiodistico.com\/index.php\/wp-json\/wp\/v2\/media\/36017"}],"wp:attachment":[{"href":"https:\/\/contextoanalisisperiodistico.com\/index.php\/wp-json\/wp\/v2\/media?parent=36020"}],"wp:term":[{"taxonomy":"category","embeddable":true,"href":"https:\/\/contextoanalisisperiodistico.com\/index.php\/wp-json\/wp\/v2\/categories?post=36020"},{"taxonomy":"post_tag","embeddable":true,"href":"https:\/\/contextoanalisisperiodistico.com\/index.php\/wp-json\/wp\/v2\/tags?post=36020"}],"curies":[{"name":"wp","href":"https:\/\/api.w.org\/{rel}","templated":true}]}}