{"id":36016,"date":"2025-01-15T15:35:28","date_gmt":"2025-01-15T21:35:28","guid":{"rendered":"https:\/\/contextoanalisisperiodistico.com\/index.php\/2025\/01\/15\/policia-municipal-detiene-a-una-persona-por-presunto-robo-de-autopartes\/"},"modified":"2025-01-15T15:35:28","modified_gmt":"2025-01-15T21:35:28","slug":"policia-municipal-detiene-a-una-persona-por-presunto-robo-de-autopartes","status":"publish","type":"post","link":"https:\/\/contextoanalisisperiodistico.com\/index.php\/2025\/01\/15\/policia-municipal-detiene-a-una-persona-por-presunto-robo-de-autopartes\/","title":{"rendered":"Polic\u00eda Municipal detiene a una persona por presunto robo de autopartes"},"content":{"rendered":"<div id=\"fb-root\"><\/div>\n\n<p>Oaxaca de Ju\u00e1rez, Oax., 15 de enero de 2025.- Con la premisa de construir una ciudad segura, atendiendo las causas y actuando con determinaci\u00f3n para combatir el crimen y la delincuencia, recuperando la tranquilidad de las familias oaxaque\u00f1as, la Secretar\u00eda de Seguridad Vecinal, atendi\u00f3 de manera oportuna el llamado ciudadano para lograr la detenci\u00f3n de una persona sorprendida en el interior de un autom\u00f3vil, de donde ya hab\u00eda desprendido diversas autopartes.<\/p>\n\n\n\n<figure class=\"wp-block-image size-large\"><img fetchpriority=\"high\" decoding=\"async\" width=\"550\" height=\"1024\" src=\"https:\/\/contextoanalisisperiodistico.com\/wp-content\/uploads\/2025\/01\/img_20250115_1534112696750665427362652-550x1024.jpg\" alt=\"\" class=\"wp-image-36015\" srcset=\"https:\/\/contextoanalisisperiodistico.com\/wp-content\/uploads\/2025\/01\/img_20250115_1534112696750665427362652-550x1024.jpg 550w, https:\/\/contextoanalisisperiodistico.com\/wp-content\/uploads\/2025\/01\/img_20250115_1534112696750665427362652-161x300.jpg 161w, https:\/\/contextoanalisisperiodistico.com\/wp-content\/uploads\/2025\/01\/img_20250115_1534112696750665427362652.jpg 635w\" sizes=\"(max-width: 550px) 100vw, 550px\" \/><\/figure>\n\n\n\n<figure class=\"wp-block-image\"><img decoding=\"async\" width=\"300\" height=\"224\" src=\"https:\/\/contextoanalisisperiodistico.com\/wp-content\/uploads\/2025\/01\/img_20250115_1534357098338251571215271-300x224.jpg\" alt=\"\" class=\"wp-image-36013\" srcset=\"https:\/\/contextoanalisisperiodistico.com\/wp-content\/uploads\/2025\/01\/img_20250115_1534357098338251571215271-300x224.jpg 300w, https:\/\/contextoanalisisperiodistico.com\/wp-content\/uploads\/2025\/01\/img_20250115_1534357098338251571215271.jpg 711w\" sizes=\"(max-width: 300px) 100vw, 300px\" \/><\/figure>\n\n\n\n<figure class=\"wp-block-image\"><img decoding=\"async\" width=\"300\" height=\"220\" src=\"https:\/\/contextoanalisisperiodistico.com\/wp-content\/uploads\/2025\/01\/img_20250115_1534524051213563615568849-300x220.jpg\" alt=\"\" class=\"wp-image-36014\" srcset=\"https:\/\/contextoanalisisperiodistico.com\/wp-content\/uploads\/2025\/01\/img_20250115_1534524051213563615568849-300x220.jpg 300w, https:\/\/contextoanalisisperiodistico.com\/wp-content\/uploads\/2025\/01\/img_20250115_1534524051213563615568849.jpg 720w\" sizes=\"(max-width: 300px) 100vw, 300px\" \/><\/figure>\n\n\n\n<p>La Direcci\u00f3n de Proximidad Social inform\u00f3 que los hechos ocurrieron este mi\u00e9rcoles a las 10:40 horas, en la avenida Jos\u00e9 L\u00f3pez Alavez, casi esquina con Fuerza A\u00e9rea Mexicana, en la colonia Reforma.<\/p>\n\n\n\n<p>El C-2 alert\u00f3 a los elementos sobre un sujeto que manipulaba un veh\u00edculo Volkswagen Sed\u00e1n, color negro, estacionado en esa zona.<\/p>\n\n\n\n<p>Los elementos respondieron de manera oportuna al reporte y, al llegar al lugar, sorprendieron al sujeto en el asiento del conductor, mientras desprend\u00eda el autoest\u00e9reo. En el asiento del copiloto se localizaron cuatro tapones de las llantas.<\/p>\n\n\n\n<p>El individuo intent\u00f3 enga\u00f1ar a los agentes asegurando que el veh\u00edculo era de su propiedad. Sin embargo, momentos despu\u00e9s lleg\u00f3 el propietario, quien solicit\u00f3 su detenci\u00f3n.<\/p>\n\n\n\n<p>El detenido dijo llamarse Baudel I. C., de 45 a\u00f1os de edad, quien, junto con los objetos asegurados, qued\u00f3 a disposici\u00f3n de la Fiscal\u00eda General del Estado para determinar su situaci\u00f3n jur\u00eddica.<\/p>\n\n\n\n<p>Con estas acciones, la Polic\u00eda Municipal reafirma su compromiso con la seguridad de las vecinas y vecinos de Oaxaca de Ju\u00e1rez.<\/p>\n","protected":false},"excerpt":{"rendered":"<p>Oaxaca de Ju\u00e1rez, Oax., 15 de enero de 2025.- Con la premisa de construir una&#8230;<\/p>\n","protected":false},"author":4,"featured_media":36012,"comment_status":"","ping_status":"open","sticky":false,"template":"","format":"standard","meta":{"footnotes":""},"categories":[10],"tags":[178,235,234,45],"jetpack_sharing_enabled":true,"featured_image_urls":{"full":["https:\/\/contextoanalisisperiodistico.com\/wp-content\/uploads\/2025\/01\/IMG_20250115_153333.jpg",719,899,false],"thumbnail":["https:\/\/contextoanalisisperiodistico.com\/wp-content\/uploads\/2025\/01\/IMG_20250115_153333-150x150.jpg",150,150,true],"medium":["https:\/\/contextoanalisisperiodistico.com\/wp-content\/uploads\/2025\/01\/IMG_20250115_153333-240x300.jpg",240,300,true],"medium_large":["https:\/\/contextoanalisisperiodistico.com\/wp-content\/uploads\/2025\/01\/IMG_20250115_153333.jpg",640,800,false],"large":["https:\/\/contextoanalisisperiodistico.com\/wp-content\/uploads\/2025\/01\/IMG_20250115_153333.jpg",640,800,false],"1536x1536":["https:\/\/contextoanalisisperiodistico.com\/wp-content\/uploads\/2025\/01\/IMG_20250115_153333.jpg",719,899,false],"2048x2048":["https:\/\/contextoanalisisperiodistico.com\/wp-content\/uploads\/2025\/01\/IMG_20250115_153333.jpg",719,899,false],"covernews-slider-full":["https:\/\/contextoanalisisperiodistico.com\/wp-content\/uploads\/2025\/01\/IMG_20250115_153333-719x715.jpg",719,715,true],"covernews-slider-center":["https:\/\/contextoanalisisperiodistico.com\/wp-content\/uploads\/2025\/01\/IMG_20250115_153333-719x500.jpg",719,500,true],"covernews-featured":["https:\/\/contextoanalisisperiodistico.com\/wp-content\/uploads\/2025\/01\/IMG_20250115_153333.jpg",719,899,false],"covernews-medium":["https:\/\/contextoanalisisperiodistico.com\/wp-content\/uploads\/2025\/01\/IMG_20250115_153333-540x340.jpg",540,340,true],"covernews-medium-square":["https:\/\/contextoanalisisperiodistico.com\/wp-content\/uploads\/2025\/01\/IMG_20250115_153333-400x250.jpg",400,250,true]},"author_info":{"display_name":"Mario Gir\u00f3n","author_link":"https:\/\/contextoanalisisperiodistico.com\/index.php\/author\/director\/"},"category_info":"<a href=\"https:\/\/contextoanalisisperiodistico.com\/index.php\/category\/seguridad\/\" rel=\"category tag\">Seguridad<\/a>","tag_info":"Seguridad","comment_count":"0","jetpack_featured_media_url":"https:\/\/contextoanalisisperiodistico.com\/wp-content\/uploads\/2025\/01\/IMG_20250115_153333.jpg","_links":{"self":[{"href":"https:\/\/contextoanalisisperiodistico.com\/index.php\/wp-json\/wp\/v2\/posts\/36016"}],"collection":[{"href":"https:\/\/contextoanalisisperiodistico.com\/index.php\/wp-json\/wp\/v2\/posts"}],"about":[{"href":"https:\/\/contextoanalisisperiodistico.com\/index.php\/wp-json\/wp\/v2\/types\/post"}],"author":[{"embeddable":true,"href":"https:\/\/contextoanalisisperiodistico.com\/index.php\/wp-json\/wp\/v2\/users\/4"}],"replies":[{"embeddable":true,"href":"https:\/\/contextoanalisisperiodistico.com\/index.php\/wp-json\/wp\/v2\/comments?post=36016"}],"version-history":[{"count":0,"href":"https:\/\/contextoanalisisperiodistico.com\/index.php\/wp-json\/wp\/v2\/posts\/36016\/revisions"}],"wp:featuredmedia":[{"embeddable":true,"href":"https:\/\/contextoanalisisperiodistico.com\/index.php\/wp-json\/wp\/v2\/media\/36012"}],"wp:attachment":[{"href":"https:\/\/contextoanalisisperiodistico.com\/index.php\/wp-json\/wp\/v2\/media?parent=36016"}],"wp:term":[{"taxonomy":"category","embeddable":true,"href":"https:\/\/contextoanalisisperiodistico.com\/index.php\/wp-json\/wp\/v2\/categories?post=36016"},{"taxonomy":"post_tag","embeddable":true,"href":"https:\/\/contextoanalisisperiodistico.com\/index.php\/wp-json\/wp\/v2\/tags?post=36016"}],"curies":[{"name":"wp","href":"https:\/\/api.w.org\/{rel}","templated":true}]}}