{"id":36009,"date":"2025-01-15T15:11:43","date_gmt":"2025-01-15T21:11:43","guid":{"rendered":"https:\/\/contextoanalisisperiodistico.com\/index.php\/2025\/01\/15\/oaxaca-se-consolida-como-la-quinta-entidad-mas-segura-del-pais\/"},"modified":"2025-01-15T15:12:33","modified_gmt":"2025-01-15T21:12:33","slug":"oaxaca-se-consolida-como-la-quinta-entidad-mas-segura-del-pais","status":"publish","type":"post","link":"https:\/\/contextoanalisisperiodistico.com\/index.php\/2025\/01\/15\/oaxaca-se-consolida-como-la-quinta-entidad-mas-segura-del-pais\/","title":{"rendered":"Se consolida Oaxaca como quinta entidad m\u00e1s segura del pa\u00eds"},"content":{"rendered":"<div id=\"fb-root\"><\/div>\n\n<p>\u2022 El secretario de Seguridad y Protecci\u00f3n Ciudadana compareci\u00f3 ante la LXVI del Congreso del Estado, en el marco del Segundo Informe del Gobernador Salom\u00f3n Jara Cruz<\/p>\n\n\n\n<figure class=\"wp-block-image size-large\"><img fetchpriority=\"high\" decoding=\"async\" width=\"1024\" height=\"853\" src=\"https:\/\/contextoanalisisperiodistico.com\/wp-content\/uploads\/2025\/01\/img-20250115-wa00895707688597924550982-1024x853.jpg\" alt=\"\" class=\"wp-image-36006\" srcset=\"https:\/\/contextoanalisisperiodistico.com\/wp-content\/uploads\/2025\/01\/img-20250115-wa00895707688597924550982-1024x853.jpg 1024w, https:\/\/contextoanalisisperiodistico.com\/wp-content\/uploads\/2025\/01\/img-20250115-wa00895707688597924550982-300x250.jpg 300w, https:\/\/contextoanalisisperiodistico.com\/wp-content\/uploads\/2025\/01\/img-20250115-wa00895707688597924550982-768x640.jpg 768w, https:\/\/contextoanalisisperiodistico.com\/wp-content\/uploads\/2025\/01\/img-20250115-wa00895707688597924550982-1536x1280.jpg 1536w, https:\/\/contextoanalisisperiodistico.com\/wp-content\/uploads\/2025\/01\/img-20250115-wa00895707688597924550982.jpg 1600w\" sizes=\"(max-width: 1024px) 100vw, 1024px\" \/><\/figure>\n\n\n\n<figure class=\"wp-block-image\"><img decoding=\"async\" width=\"1024\" height=\"682\" src=\"https:\/\/contextoanalisisperiodistico.com\/wp-content\/uploads\/2025\/01\/img-20250115-wa00862678178089102374984-1024x682.jpg\" alt=\"\" class=\"wp-image-36007\" srcset=\"https:\/\/contextoanalisisperiodistico.com\/wp-content\/uploads\/2025\/01\/img-20250115-wa00862678178089102374984-1024x682.jpg 1024w, https:\/\/contextoanalisisperiodistico.com\/wp-content\/uploads\/2025\/01\/img-20250115-wa00862678178089102374984-300x200.jpg 300w, https:\/\/contextoanalisisperiodistico.com\/wp-content\/uploads\/2025\/01\/img-20250115-wa00862678178089102374984-768x512.jpg 768w, https:\/\/contextoanalisisperiodistico.com\/wp-content\/uploads\/2025\/01\/img-20250115-wa00862678178089102374984-1536x1023.jpg 1536w, https:\/\/contextoanalisisperiodistico.com\/wp-content\/uploads\/2025\/01\/img-20250115-wa00862678178089102374984.jpg 1600w\" sizes=\"(max-width: 1024px) 100vw, 1024px\" \/><\/figure>\n\n\n\n<figure class=\"wp-block-image\"><img decoding=\"async\" width=\"1024\" height=\"682\" src=\"https:\/\/contextoanalisisperiodistico.com\/wp-content\/uploads\/2025\/01\/img-20250115-wa00907018316365283813153-1024x682.jpg\" alt=\"\" class=\"wp-image-36008\" srcset=\"https:\/\/contextoanalisisperiodistico.com\/wp-content\/uploads\/2025\/01\/img-20250115-wa00907018316365283813153-1024x682.jpg 1024w, https:\/\/contextoanalisisperiodistico.com\/wp-content\/uploads\/2025\/01\/img-20250115-wa00907018316365283813153-300x200.jpg 300w, https:\/\/contextoanalisisperiodistico.com\/wp-content\/uploads\/2025\/01\/img-20250115-wa00907018316365283813153-768x512.jpg 768w, https:\/\/contextoanalisisperiodistico.com\/wp-content\/uploads\/2025\/01\/img-20250115-wa00907018316365283813153-1536x1023.jpg 1536w, https:\/\/contextoanalisisperiodistico.com\/wp-content\/uploads\/2025\/01\/img-20250115-wa00907018316365283813153.jpg 1600w\" sizes=\"(max-width: 1024px) 100vw, 1024px\" \/><\/figure>\n\n\n\n<p>\u2022 Gracias a la coordinaci\u00f3n interinstitucional, la incidencia delictiva mostr\u00f3 una notable disminuci\u00f3n durante el segundo a\u00f1o de esta administraci\u00f3n<\/p>\n\n\n\n<p>San Raymundo Jalpan, Oax., 15 de enero de 2025.- El titular de la Secretar\u00eda de Seguridad y Protecci\u00f3n Ciudadana (SSPC), Iv\u00e1n Garc\u00eda \u00c1lvarez destac\u00f3 que Oaxaca se mantiene como la quinta entidad m\u00e1s segura del pa\u00eds, derivado de la suma de esfuerzos entre los tres niveles de gobierno para la reducci\u00f3n generalizada de la incidencia delictiva.<\/p>\n\n\n\n<p>Lo anterior, en el marco de la Glosa del Segundo Informe del Gobernador Salom\u00f3n Jara Cruz, y al comparecer ante las comisiones de Seguridad P\u00fablica y Protecci\u00f3n Civil, y de Administraci\u00f3n y Procuraci\u00f3n de Justicia, de la LXVI Legislatura del Honorable Congreso de Oaxaca.<\/p>\n\n\n\n<p>Garc\u00eda \u00c1lvarez destac\u00f3 la consolidaci\u00f3n del Programa para el Fortalecimiento de la Seguridad P\u00fablica que atiende las causas que generan la violencia, proximidad social, reacci\u00f3n efectiva y profesionalizaci\u00f3n de la labor policial; que ha permitido la disminuci\u00f3n del 72.41 por ciento en la incidencia de secuestro, 30.79 por ciento en robo a casa habitaci\u00f3n y 5.53 por ciento en lesiones dolosas.<\/p>\n\n\n\n<p>Tambi\u00e9n, el decremento del 15.83 por ciento en robo a veh\u00edculos de motor, 50.22 por ciento en robo a transportistas, 61.94 por ciento en robo a transe\u00fante, 83.33 por ciento en robo en transporte p\u00fablico, 33.35 por ciento en robo a negocio, 18.42 por ciento en extorsi\u00f3n, 18.18 por ciento en trata de personas y 5.01 por ciento en narcomenudeo.<\/p>\n\n\n\n<p>El funcionario estatal inform\u00f3 que, con base en el reporte sobre Incidencia Estatal de Violencia Feminicida de la Secretar\u00eda de Seguridad y Protecci\u00f3n Ciudadana Federal y el Secretariado Ejecutivo del Sistema Nacional de Seguridad P\u00fablica, en Oaxaca, los homicidios investigados bajo el protocolo de feminicidio disminuyeron 63.63 por ciento, el homicidio doloso de mujer 26.12 por ciento, los casos de violaci\u00f3n 22.31 por ciento y de violencia familiar 12 por ciento.<\/p>\n\n\n\n<p>El titular de la SSPC destac\u00f3 el compromiso del Gobierno del Estado con la dignificaci\u00f3n de las y los elementos, que se refleja en el incremento en la percepci\u00f3n salarial del personal operativo adscrito a las diversas corporaciones de seguridad y protecci\u00f3n ciudadana, apegado a la media nacional, contribuyendo as\u00ed a resarcir la deuda hist\u00f3rica que se ten\u00eda.<\/p>\n\n\n\n<p>Con una inversi\u00f3n superior a los 26 millones de pesos, se realiz\u00f3 la ampliaci\u00f3n de las instalaciones del Instituto de Profesionalizaci\u00f3n de la SSPC, ubicado en San Pablo Etla, en donde a partir del \u00faltimo trimestre del 2024 iniciaron las operaciones de la Universidad de la Seguridad P\u00fablica y Paz Social de Oaxaca (Usepaz), que beneficia a 9 mil 509 elementos policiales, consolidando un avance fundamental para construir un estado m\u00e1s pac\u00edfico y seguro.<\/p>\n\n\n\n<p>A trav\u00e9s del Fondo de Aportaciones para la Seguridad P\u00fablica 2024 (FASP), se invirtieron m\u00e1s de 46 millones de pesos en 55 nuevos Puntos de Monitoreo Inteligente en los Valles Centrales. Tambi\u00e9n, se llev\u00f3 a cabo el mantenimiento preventivo y correctivo de 35 sistemas de videovigilancia, geolocalizaci\u00f3n y monitoreo vehicular de las regiones Valles Centrales y Cuenca del Papaloapan.<\/p>\n\n\n\n<p>Garc\u00eda \u00c1lvarez inform\u00f3 que, a trav\u00e9s de la Subsecretar\u00eda de Prevenci\u00f3n y Reinserci\u00f3n Social, se mejor\u00f3 la posici\u00f3n de los Sistemas Penitenciarios del estado a nivel nacional, pasando del lugar 25 con una calificaci\u00f3n 5.41 que se ten\u00eda en el 2022 al 18 con una calificaci\u00f3n de 6.50 en 2024, de acuerdo al Diagn\u00f3stico de Supervisi\u00f3n Penitenciaria Realizado por la Comisi\u00f3n Nacional de Derechos Humanos.<\/p>\n\n\n\n<p>De esta manera, Oaxaca avanza en la construcci\u00f3n de una sociedad m\u00e1s segura, con participaci\u00f3n ciudadana y compromiso gubernamental, para que todas y todos puedan desarrollarse plenamente.<\/p>\n\n\n\n<p>-0-<\/p>\n","protected":false},"excerpt":{"rendered":"<p>\u2022 El secretario de Seguridad y Protecci\u00f3n Ciudadana compareci\u00f3 ante la LXVI del Congreso del&#8230;<\/p>\n","protected":false},"author":4,"featured_media":36005,"comment_status":"closed","ping_status":"open","sticky":false,"template":"","format":"standard","meta":{"footnotes":""},"categories":[9],"tags":[],"jetpack_sharing_enabled":true,"featured_image_urls":{"full":["https:\/\/contextoanalisisperiodistico.com\/wp-content\/uploads\/2025\/01\/IMG-20250115-WA0085.jpg",1600,1066,false],"thumbnail":["https:\/\/contextoanalisisperiodistico.com\/wp-content\/uploads\/2025\/01\/IMG-20250115-WA0085-150x150.jpg",150,150,true],"medium":["https:\/\/contextoanalisisperiodistico.com\/wp-content\/uploads\/2025\/01\/IMG-20250115-WA0085-300x200.jpg",300,200,true],"medium_large":["https:\/\/contextoanalisisperiodistico.com\/wp-content\/uploads\/2025\/01\/IMG-20250115-WA0085-768x512.jpg",640,427,true],"large":["https:\/\/contextoanalisisperiodistico.com\/wp-content\/uploads\/2025\/01\/IMG-20250115-WA0085-1024x682.jpg",640,426,true],"1536x1536":["https:\/\/contextoanalisisperiodistico.com\/wp-content\/uploads\/2025\/01\/IMG-20250115-WA0085-1536x1023.jpg",1536,1023,true],"2048x2048":["https:\/\/contextoanalisisperiodistico.com\/wp-content\/uploads\/2025\/01\/IMG-20250115-WA0085.jpg",1600,1066,false],"covernews-slider-full":["https:\/\/contextoanalisisperiodistico.com\/wp-content\/uploads\/2025\/01\/IMG-20250115-WA0085-1115x715.jpg",1115,715,true],"covernews-slider-center":["https:\/\/contextoanalisisperiodistico.com\/wp-content\/uploads\/2025\/01\/IMG-20250115-WA0085-800x500.jpg",800,500,true],"covernews-featured":["https:\/\/contextoanalisisperiodistico.com\/wp-content\/uploads\/2025\/01\/IMG-20250115-WA0085-1024x682.jpg",1024,682,true],"covernews-medium":["https:\/\/contextoanalisisperiodistico.com\/wp-content\/uploads\/2025\/01\/IMG-20250115-WA0085-540x340.jpg",540,340,true],"covernews-medium-square":["https:\/\/contextoanalisisperiodistico.com\/wp-content\/uploads\/2025\/01\/IMG-20250115-WA0085-400x250.jpg",400,250,true]},"author_info":{"display_name":"Mario Gir\u00f3n","author_link":"https:\/\/contextoanalisisperiodistico.com\/index.php\/author\/director\/"},"category_info":"<a href=\"https:\/\/contextoanalisisperiodistico.com\/index.php\/category\/politica\/\" rel=\"category tag\">Pol\u00edtica<\/a>","tag_info":"Pol\u00edtica","comment_count":"0","jetpack_featured_media_url":"https:\/\/contextoanalisisperiodistico.com\/wp-content\/uploads\/2025\/01\/IMG-20250115-WA0085.jpg","_links":{"self":[{"href":"https:\/\/contextoanalisisperiodistico.com\/index.php\/wp-json\/wp\/v2\/posts\/36009"}],"collection":[{"href":"https:\/\/contextoanalisisperiodistico.com\/index.php\/wp-json\/wp\/v2\/posts"}],"about":[{"href":"https:\/\/contextoanalisisperiodistico.com\/index.php\/wp-json\/wp\/v2\/types\/post"}],"author":[{"embeddable":true,"href":"https:\/\/contextoanalisisperiodistico.com\/index.php\/wp-json\/wp\/v2\/users\/4"}],"replies":[{"embeddable":true,"href":"https:\/\/contextoanalisisperiodistico.com\/index.php\/wp-json\/wp\/v2\/comments?post=36009"}],"version-history":[{"count":1,"href":"https:\/\/contextoanalisisperiodistico.com\/index.php\/wp-json\/wp\/v2\/posts\/36009\/revisions"}],"predecessor-version":[{"id":36010,"href":"https:\/\/contextoanalisisperiodistico.com\/index.php\/wp-json\/wp\/v2\/posts\/36009\/revisions\/36010"}],"wp:featuredmedia":[{"embeddable":true,"href":"https:\/\/contextoanalisisperiodistico.com\/index.php\/wp-json\/wp\/v2\/media\/36005"}],"wp:attachment":[{"href":"https:\/\/contextoanalisisperiodistico.com\/index.php\/wp-json\/wp\/v2\/media?parent=36009"}],"wp:term":[{"taxonomy":"category","embeddable":true,"href":"https:\/\/contextoanalisisperiodistico.com\/index.php\/wp-json\/wp\/v2\/categories?post=36009"},{"taxonomy":"post_tag","embeddable":true,"href":"https:\/\/contextoanalisisperiodistico.com\/index.php\/wp-json\/wp\/v2\/tags?post=36009"}],"curies":[{"name":"wp","href":"https:\/\/api.w.org\/{rel}","templated":true}]}}