{"id":36004,"date":"2025-01-15T12:13:48","date_gmt":"2025-01-15T18:13:48","guid":{"rendered":"https:\/\/contextoanalisisperiodistico.com\/index.php\/2025\/01\/15\/inauguran-mega-modulo-para-el-canje-de-placas-2025\/"},"modified":"2025-01-15T12:13:48","modified_gmt":"2025-01-15T18:13:48","slug":"inauguran-mega-modulo-para-el-canje-de-placas-2025","status":"publish","type":"post","link":"https:\/\/contextoanalisisperiodistico.com\/index.php\/2025\/01\/15\/inauguran-mega-modulo-para-el-canje-de-placas-2025\/","title":{"rendered":"Inauguran Mega M\u00f3dulo para el Canje de Placas 2025"},"content":{"rendered":"<div id=\"fb-root\"><\/div>\n\n<p>\u2022 El Gobernador de Oaxaca encabez\u00f3 la inauguraci\u00f3n de este espacio que permitir\u00e1 hacer m\u00e1s eficiente el emplacamiento y la expedici\u00f3n de tarjetas de circulaci\u00f3n<\/p>\n\n\n\n<figure class=\"wp-block-image size-large\"><img fetchpriority=\"high\" decoding=\"async\" width=\"1024\" height=\"682\" src=\"https:\/\/contextoanalisisperiodistico.com\/wp-content\/uploads\/2025\/01\/img-20250115-wa00646156210513207679913-1024x682.jpg\" alt=\"\" class=\"wp-image-36002\" srcset=\"https:\/\/contextoanalisisperiodistico.com\/wp-content\/uploads\/2025\/01\/img-20250115-wa00646156210513207679913-1024x682.jpg 1024w, https:\/\/contextoanalisisperiodistico.com\/wp-content\/uploads\/2025\/01\/img-20250115-wa00646156210513207679913-300x200.jpg 300w, https:\/\/contextoanalisisperiodistico.com\/wp-content\/uploads\/2025\/01\/img-20250115-wa00646156210513207679913-768x512.jpg 768w, https:\/\/contextoanalisisperiodistico.com\/wp-content\/uploads\/2025\/01\/img-20250115-wa00646156210513207679913-1536x1023.jpg 1536w, https:\/\/contextoanalisisperiodistico.com\/wp-content\/uploads\/2025\/01\/img-20250115-wa00646156210513207679913.jpg 1600w\" sizes=\"(max-width: 1024px) 100vw, 1024px\" \/><\/figure>\n\n\n\n<figure class=\"wp-block-image\"><img decoding=\"async\" width=\"1024\" height=\"682\" src=\"https:\/\/contextoanalisisperiodistico.com\/wp-content\/uploads\/2025\/01\/img-20250115-wa00594017802071207630176-1024x682.jpg\" alt=\"\" class=\"wp-image-35999\" srcset=\"https:\/\/contextoanalisisperiodistico.com\/wp-content\/uploads\/2025\/01\/img-20250115-wa00594017802071207630176-1024x682.jpg 1024w, https:\/\/contextoanalisisperiodistico.com\/wp-content\/uploads\/2025\/01\/img-20250115-wa00594017802071207630176-300x200.jpg 300w, https:\/\/contextoanalisisperiodistico.com\/wp-content\/uploads\/2025\/01\/img-20250115-wa00594017802071207630176-768x512.jpg 768w, https:\/\/contextoanalisisperiodistico.com\/wp-content\/uploads\/2025\/01\/img-20250115-wa00594017802071207630176-1536x1023.jpg 1536w, https:\/\/contextoanalisisperiodistico.com\/wp-content\/uploads\/2025\/01\/img-20250115-wa00594017802071207630176.jpg 1600w\" sizes=\"(max-width: 1024px) 100vw, 1024px\" \/><\/figure>\n\n\n\n<figure class=\"wp-block-image\"><img decoding=\"async\" width=\"1024\" height=\"682\" src=\"https:\/\/contextoanalisisperiodistico.com\/wp-content\/uploads\/2025\/01\/img-20250115-wa00622963025620027847880-1024x682.jpg\" alt=\"\" class=\"wp-image-36003\" srcset=\"https:\/\/contextoanalisisperiodistico.com\/wp-content\/uploads\/2025\/01\/img-20250115-wa00622963025620027847880-1024x682.jpg 1024w, https:\/\/contextoanalisisperiodistico.com\/wp-content\/uploads\/2025\/01\/img-20250115-wa00622963025620027847880-300x200.jpg 300w, https:\/\/contextoanalisisperiodistico.com\/wp-content\/uploads\/2025\/01\/img-20250115-wa00622963025620027847880-768x512.jpg 768w, https:\/\/contextoanalisisperiodistico.com\/wp-content\/uploads\/2025\/01\/img-20250115-wa00622963025620027847880-1536x1023.jpg 1536w, https:\/\/contextoanalisisperiodistico.com\/wp-content\/uploads\/2025\/01\/img-20250115-wa00622963025620027847880.jpg 1600w\" sizes=\"(max-width: 1024px) 100vw, 1024px\" \/><\/figure>\n\n\n\n<figure class=\"wp-block-image\"><img loading=\"lazy\" decoding=\"async\" width=\"1024\" height=\"682\" src=\"https:\/\/contextoanalisisperiodistico.com\/wp-content\/uploads\/2025\/01\/img-20250115-wa00601943307653099648895-1024x682.jpg\" alt=\"\" class=\"wp-image-36001\" srcset=\"https:\/\/contextoanalisisperiodistico.com\/wp-content\/uploads\/2025\/01\/img-20250115-wa00601943307653099648895-1024x682.jpg 1024w, https:\/\/contextoanalisisperiodistico.com\/wp-content\/uploads\/2025\/01\/img-20250115-wa00601943307653099648895-300x200.jpg 300w, https:\/\/contextoanalisisperiodistico.com\/wp-content\/uploads\/2025\/01\/img-20250115-wa00601943307653099648895-768x512.jpg 768w, https:\/\/contextoanalisisperiodistico.com\/wp-content\/uploads\/2025\/01\/img-20250115-wa00601943307653099648895-1536x1023.jpg 1536w, https:\/\/contextoanalisisperiodistico.com\/wp-content\/uploads\/2025\/01\/img-20250115-wa00601943307653099648895.jpg 1600w\" sizes=\"(max-width: 1024px) 100vw, 1024px\" \/><\/figure>\n\n\n\n<figure class=\"wp-block-image\"><img loading=\"lazy\" decoding=\"async\" width=\"1024\" height=\"682\" src=\"https:\/\/contextoanalisisperiodistico.com\/wp-content\/uploads\/2025\/01\/img-20250115-wa00636080939262477368781-1024x682.jpg\" alt=\"\" class=\"wp-image-36000\" srcset=\"https:\/\/contextoanalisisperiodistico.com\/wp-content\/uploads\/2025\/01\/img-20250115-wa00636080939262477368781-1024x682.jpg 1024w, https:\/\/contextoanalisisperiodistico.com\/wp-content\/uploads\/2025\/01\/img-20250115-wa00636080939262477368781-300x200.jpg 300w, https:\/\/contextoanalisisperiodistico.com\/wp-content\/uploads\/2025\/01\/img-20250115-wa00636080939262477368781-768x512.jpg 768w, https:\/\/contextoanalisisperiodistico.com\/wp-content\/uploads\/2025\/01\/img-20250115-wa00636080939262477368781-1536x1023.jpg 1536w, https:\/\/contextoanalisisperiodistico.com\/wp-content\/uploads\/2025\/01\/img-20250115-wa00636080939262477368781.jpg 1600w\" sizes=\"(max-width: 1024px) 100vw, 1024px\" \/><\/figure>\n\n\n\n<p>Santa Luc\u00eda del Camino, Oax. 15 de enero de 2025.- El Gobernador Salom\u00f3n Jara Cruz encabez\u00f3 en el Centro Cultural y de Convenciones de Oaxaca (CCCO) la inauguraci\u00f3n del Mega M\u00f3dulo para el Canje de Placas 2025, el cual permitir\u00e1 agilizar los tr\u00e1mites vehiculares sin burocracia, intermediarios, gestores o coyotes.<\/p>\n\n\n\n<p>En este esfuerzo conjunto entre las secretar\u00edas de Movilidad (Semovi) y de Finanzas (Sefin), el Mandatario estatal, acompa\u00f1ado por la Presidenta Honoraria del Sistema para el Desarrollo Integral de la Familia (DIF) Oaxaca, Irma Bola\u00f1os Quijano; precis\u00f3 que en este espacio las personas usuarias realizar\u00e1n tr\u00e1mites de emplacamiento y canje de tarjetas de circulaci\u00f3n correspondientes a este a\u00f1o, a trav\u00e9s de un sistema de turnos para agilizar la atenci\u00f3n.<\/p>\n\n\n\n<p>Expuso que lo recaudado ser\u00e1 destinado a obras en la entidad, como el Mega Plan de Bacheo y Reencarpetamiento que contribuir\u00e1 al bienestar del pueblo y a la transformaci\u00f3n de Oaxaca. \u201cNuestro compromiso es detonar la prosperidad del estado a trav\u00e9s de obras perdurables y mejores servicios para la poblaci\u00f3n\u201d, precis\u00f3.<\/p>\n\n\n\n<p>Invit\u00f3 a la ciudadan\u00eda a sumarse y realizar su canje de placas en este espacio dise\u00f1ado para brindar una mejor atenci\u00f3n y aprovechar los beneficios de este programa, que busca facilitar los tr\u00e1mites vehiculares y fortalecer la transparencia en la recaudaci\u00f3n de recursos destinados al desarrollo de Oaxaca.<\/p>\n\n\n\n<p>Esta iniciativa ser\u00e1 exclusiva para el canje de placas y expedici\u00f3n de tarjetas de circulaci\u00f3n 2025. Contar\u00e1 con facilidades de pago con tarjeta o en efectivo a trav\u00e9s de cinco practicajas instaladas en el recinto y estar\u00e1 en operaci\u00f3n de enero a junio de este a\u00f1o, de lunes a viernes, en un horario de 9:00 a 17:00 horas y, a partir del 25 de enero, los s\u00e1bados y domingos de 10:00 a 16:00 horas. La atenci\u00f3n es sin cita previa.<\/p>\n\n\n\n<p>La titular de la Semovi, Yesenia Nolasco Ram\u00edrez explic\u00f3 que en el CCCO cuenta con la accesibilidad para realizar estos tr\u00e1mites, se tiene a disposici\u00f3n 15 ventanillas para la asignaci\u00f3n de placas y tarjetas de circulaci\u00f3n 2025, as\u00ed como estacionamiento para atender a las personas usuarias.<\/p>\n\n\n\n<p>En tanto, el titular de la Sefin, Farid Acevedo L\u00f3pez indic\u00f3 que como medida de apoyo a la econom\u00eda familiar, se otorgar\u00e1 un descuento del 100 por ciento sobre la tenencia a las personas contribuyentes que est\u00e9n al corriente. Para quienes tengan adeudos de a\u00f1os anteriores, \u00fanicamente se aplicar\u00e1n cuotas fijas para regularizarse, las cuales oscilan entre 800 y mil 600 pesos.<\/p>\n\n\n\n<p>-0-<\/p>\n","protected":false},"excerpt":{"rendered":"<p>\u2022 El Gobernador de Oaxaca encabez\u00f3 la inauguraci\u00f3n de este espacio que permitir\u00e1 hacer m\u00e1s&#8230;<\/p>\n","protected":false},"author":4,"featured_media":35998,"comment_status":"","ping_status":"open","sticky":false,"template":"","format":"standard","meta":{"footnotes":""},"categories":[9],"tags":[],"jetpack_sharing_enabled":true,"featured_image_urls":{"full":["https:\/\/contextoanalisisperiodistico.com\/wp-content\/uploads\/2025\/01\/IMG-20250115-WA0061.jpg",1600,1066,false],"thumbnail":["https:\/\/contextoanalisisperiodistico.com\/wp-content\/uploads\/2025\/01\/IMG-20250115-WA0061-150x150.jpg",150,150,true],"medium":["https:\/\/contextoanalisisperiodistico.com\/wp-content\/uploads\/2025\/01\/IMG-20250115-WA0061-300x200.jpg",300,200,true],"medium_large":["https:\/\/contextoanalisisperiodistico.com\/wp-content\/uploads\/2025\/01\/IMG-20250115-WA0061-768x512.jpg",640,427,true],"large":["https:\/\/contextoanalisisperiodistico.com\/wp-content\/uploads\/2025\/01\/IMG-20250115-WA0061-1024x682.jpg",640,426,true],"1536x1536":["https:\/\/contextoanalisisperiodistico.com\/wp-content\/uploads\/2025\/01\/IMG-20250115-WA0061-1536x1023.jpg",1536,1023,true],"2048x2048":["https:\/\/contextoanalisisperiodistico.com\/wp-content\/uploads\/2025\/01\/IMG-20250115-WA0061.jpg",1600,1066,false],"covernews-slider-full":["https:\/\/contextoanalisisperiodistico.com\/wp-content\/uploads\/2025\/01\/IMG-20250115-WA0061-1115x715.jpg",1115,715,true],"covernews-slider-center":["https:\/\/contextoanalisisperiodistico.com\/wp-content\/uploads\/2025\/01\/IMG-20250115-WA0061-800x500.jpg",800,500,true],"covernews-featured":["https:\/\/contextoanalisisperiodistico.com\/wp-content\/uploads\/2025\/01\/IMG-20250115-WA0061-1024x682.jpg",1024,682,true],"covernews-medium":["https:\/\/contextoanalisisperiodistico.com\/wp-content\/uploads\/2025\/01\/IMG-20250115-WA0061-540x340.jpg",540,340,true],"covernews-medium-square":["https:\/\/contextoanalisisperiodistico.com\/wp-content\/uploads\/2025\/01\/IMG-20250115-WA0061-400x250.jpg",400,250,true]},"author_info":{"display_name":"Mario Gir\u00f3n","author_link":"https:\/\/contextoanalisisperiodistico.com\/index.php\/author\/director\/"},"category_info":"<a href=\"https:\/\/contextoanalisisperiodistico.com\/index.php\/category\/politica\/\" rel=\"category tag\">Pol\u00edtica<\/a>","tag_info":"Pol\u00edtica","comment_count":"0","jetpack_featured_media_url":"https:\/\/contextoanalisisperiodistico.com\/wp-content\/uploads\/2025\/01\/IMG-20250115-WA0061.jpg","_links":{"self":[{"href":"https:\/\/contextoanalisisperiodistico.com\/index.php\/wp-json\/wp\/v2\/posts\/36004"}],"collection":[{"href":"https:\/\/contextoanalisisperiodistico.com\/index.php\/wp-json\/wp\/v2\/posts"}],"about":[{"href":"https:\/\/contextoanalisisperiodistico.com\/index.php\/wp-json\/wp\/v2\/types\/post"}],"author":[{"embeddable":true,"href":"https:\/\/contextoanalisisperiodistico.com\/index.php\/wp-json\/wp\/v2\/users\/4"}],"replies":[{"embeddable":true,"href":"https:\/\/contextoanalisisperiodistico.com\/index.php\/wp-json\/wp\/v2\/comments?post=36004"}],"version-history":[{"count":0,"href":"https:\/\/contextoanalisisperiodistico.com\/index.php\/wp-json\/wp\/v2\/posts\/36004\/revisions"}],"wp:featuredmedia":[{"embeddable":true,"href":"https:\/\/contextoanalisisperiodistico.com\/index.php\/wp-json\/wp\/v2\/media\/35998"}],"wp:attachment":[{"href":"https:\/\/contextoanalisisperiodistico.com\/index.php\/wp-json\/wp\/v2\/media?parent=36004"}],"wp:term":[{"taxonomy":"category","embeddable":true,"href":"https:\/\/contextoanalisisperiodistico.com\/index.php\/wp-json\/wp\/v2\/categories?post=36004"},{"taxonomy":"post_tag","embeddable":true,"href":"https:\/\/contextoanalisisperiodistico.com\/index.php\/wp-json\/wp\/v2\/tags?post=36004"}],"curies":[{"name":"wp","href":"https:\/\/api.w.org\/{rel}","templated":true}]}}