{"id":35977,"date":"2025-01-14T16:36:26","date_gmt":"2025-01-14T22:36:26","guid":{"rendered":"https:\/\/contextoanalisisperiodistico.com\/index.php\/2025\/01\/14\/trabajamos-sin-descanso-por-la-seguridad-de-nuestras-vecinas-y-vecinos-ray-chagoya\/"},"modified":"2025-01-14T16:36:26","modified_gmt":"2025-01-14T22:36:26","slug":"trabajamos-sin-descanso-por-la-seguridad-de-nuestras-vecinas-y-vecinos-ray-chagoya","status":"publish","type":"post","link":"https:\/\/contextoanalisisperiodistico.com\/index.php\/2025\/01\/14\/trabajamos-sin-descanso-por-la-seguridad-de-nuestras-vecinas-y-vecinos-ray-chagoya\/","title":{"rendered":"&lt;Trabajamos sin descanso por la seguridad de nuestras vecinas y vecinos&gt;: Ray Chagoya"},"content":{"rendered":"<div id=\"fb-root\"><\/div>\n\n<p>\u2022 En conferencia de prensa, el edil de la capital present\u00f3 los primeros resultados en materia de seguridad<br \/>\u2022 Tache al bache cambiar\u00e1 el rostro de las vialidades y facilitar\u00e1 la movilidad<\/p>\n\n\n\n<p>Oaxaca de Ju\u00e1rez, Oax. 14 de enero de 2025.- El gobierno municipal trabaja para terminar con a\u00f1os de abandono, indiferencia y opacidad, lo cual permiti\u00f3 el incremento de la inseguridad en Oaxaca de Ju\u00e1rez, as\u00ed lo afirm\u00f3 el Presidente Ray Chagoya en su segunda conferencia de prensa.<\/p>\n\n\n\n<p>En este ejercicio de comunicaci\u00f3n directa, el secretario de Seguridad Vecinal Claudio de Jes\u00fas P\u00e9rez y P\u00e9rez dio a conocer que, como parte del compromiso de profesionalizar a la polic\u00eda municipal, inici\u00f3 el curso de inducci\u00f3n a la funci\u00f3n policial para 28 elementos, una acci\u00f3n que se hab\u00eda dejado de hacer desde hace m\u00e1s de 20 a\u00f1os.<\/p>\n\n\n\n<p>En cuanto a los resultados obtenidos en seguridad del 1 al 13 de enero, comparados con el mismo periodo, pero de 2024 hay una tendencia a la baja; por ejemplo, en robo de veh\u00edculos en este periodo van 25 comparado con 52 registrados en el mismo lapso del a\u00f1o pasado.<\/p>\n\n\n\n<p>En cuanto a homicidios dolosos, no se ha registrado alg\u00fan caso, en 2024 ya se hab\u00eda cometido uno; en robo de veh\u00edculos el conteo va en siete comparado con 52 del a\u00f1o pasado. Delitos de robo a casa habitaci\u00f3n van cinco y robo a transe\u00fante 20 hasta este corte.<\/p>\n\n\n\n<p>Se han detenido tambi\u00e9n a 31 personas comparado con 27 en 2024. Mencion\u00f3 tambi\u00e9n que en el tema de violencia familiar va a la baja en 4.4%.<\/p>\n\n\n\n<p>\u201cNo descansaremos hasta no darles m\u00e1s seguridad a las vecinas y vecinos y a disminuir a\u00fan m\u00e1s los n\u00fameros delictivos, las y los polic\u00edas est\u00e1n haciendo un esfuerzo muy fuerte, d\u00e9mosle nuestro voto de confianza\u201d, manifest\u00f3 Ray Chagoya.<\/p>\n\n\n\n<p>Durante la conferencia de prensa semanal realizada en el Sal\u00f3n Morelos del Palacio Municipal de la capital, reiter\u00f3 que la estrategia de seguridad implementada en su administraci\u00f3n municipal es un m\u00e9todo de atenci\u00f3n a las causas con una medici\u00f3n con la que no se hab\u00eda trabajado en Oaxaca en gobiernos anteriores.<\/p>\n\n\n\n<p>Respect\u00f3 a la acci\u00f3n inmediata de 49 colonias con alto \u00edndice delictivo mencion\u00f3 que se instalar\u00e1n luminarias, patrullas con veh\u00edculos y drones, con lo que se reforzar\u00e1 la presencia policial de la mano con el Gobierno del Estado.<\/p>\n\n\n\n<p>En tanto a la implementaci\u00f3n del programa Tache al bache, el edil de la capital manifest\u00f3 que se busca realizar estas labores durante las noches, con el fin de que las molestias por los trabajos sean m\u00ednimos, sin embargo, se busca acelerar las tareas para que todas las vecinas y vecinos puedan contar con mejores vialidades.<\/p>\n\n\n\n<figure class=\"wp-block-image size-large\"><img fetchpriority=\"high\" decoding=\"async\" width=\"1024\" height=\"683\" src=\"https:\/\/contextoanalisisperiodistico.com\/wp-content\/uploads\/2025\/01\/img-20250114-wa0158422561035133919815-1024x683.jpg\" alt=\"\" class=\"wp-image-35975\" srcset=\"https:\/\/contextoanalisisperiodistico.com\/wp-content\/uploads\/2025\/01\/img-20250114-wa0158422561035133919815-1024x683.jpg 1024w, https:\/\/contextoanalisisperiodistico.com\/wp-content\/uploads\/2025\/01\/img-20250114-wa0158422561035133919815-300x200.jpg 300w, https:\/\/contextoanalisisperiodistico.com\/wp-content\/uploads\/2025\/01\/img-20250114-wa0158422561035133919815-768x512.jpg 768w, https:\/\/contextoanalisisperiodistico.com\/wp-content\/uploads\/2025\/01\/img-20250114-wa0158422561035133919815-1536x1025.jpg 1536w, https:\/\/contextoanalisisperiodistico.com\/wp-content\/uploads\/2025\/01\/img-20250114-wa0158422561035133919815.jpg 2000w\" sizes=\"(max-width: 1024px) 100vw, 1024px\" \/><\/figure>\n\n\n\n<figure class=\"wp-block-image\"><img decoding=\"async\" width=\"1024\" height=\"683\" src=\"https:\/\/contextoanalisisperiodistico.com\/wp-content\/uploads\/2025\/01\/img-20250114-wa01598555985276319085028-1024x683.jpg\" alt=\"\" class=\"wp-image-35976\" srcset=\"https:\/\/contextoanalisisperiodistico.com\/wp-content\/uploads\/2025\/01\/img-20250114-wa01598555985276319085028-1024x683.jpg 1024w, https:\/\/contextoanalisisperiodistico.com\/wp-content\/uploads\/2025\/01\/img-20250114-wa01598555985276319085028-300x200.jpg 300w, https:\/\/contextoanalisisperiodistico.com\/wp-content\/uploads\/2025\/01\/img-20250114-wa01598555985276319085028-768x512.jpg 768w, https:\/\/contextoanalisisperiodistico.com\/wp-content\/uploads\/2025\/01\/img-20250114-wa01598555985276319085028-1536x1025.jpg 1536w, https:\/\/contextoanalisisperiodistico.com\/wp-content\/uploads\/2025\/01\/img-20250114-wa01598555985276319085028.jpg 2000w\" sizes=\"(max-width: 1024px) 100vw, 1024px\" \/><\/figure>\n\n\n\n<figure class=\"wp-block-image\"><img decoding=\"async\" width=\"1024\" height=\"577\" src=\"https:\/\/contextoanalisisperiodistico.com\/wp-content\/uploads\/2025\/01\/img-20250114-wa0156450302684257508959-1024x577.jpg\" alt=\"\" class=\"wp-image-35973\" srcset=\"https:\/\/contextoanalisisperiodistico.com\/wp-content\/uploads\/2025\/01\/img-20250114-wa0156450302684257508959-1024x577.jpg 1024w, https:\/\/contextoanalisisperiodistico.com\/wp-content\/uploads\/2025\/01\/img-20250114-wa0156450302684257508959-300x169.jpg 300w, https:\/\/contextoanalisisperiodistico.com\/wp-content\/uploads\/2025\/01\/img-20250114-wa0156450302684257508959-768x432.jpg 768w, https:\/\/contextoanalisisperiodistico.com\/wp-content\/uploads\/2025\/01\/img-20250114-wa0156450302684257508959-1536x865.jpg 1536w, https:\/\/contextoanalisisperiodistico.com\/wp-content\/uploads\/2025\/01\/img-20250114-wa0156450302684257508959.jpg 2000w\" sizes=\"(max-width: 1024px) 100vw, 1024px\" \/><\/figure>\n\n\n\n<figure class=\"wp-block-image\"><img loading=\"lazy\" decoding=\"async\" width=\"1024\" height=\"577\" src=\"https:\/\/contextoanalisisperiodistico.com\/wp-content\/uploads\/2025\/01\/img-20250114-wa0155366493561382913123-1024x577.jpg\" alt=\"\" class=\"wp-image-35974\" srcset=\"https:\/\/contextoanalisisperiodistico.com\/wp-content\/uploads\/2025\/01\/img-20250114-wa0155366493561382913123-1024x577.jpg 1024w, https:\/\/contextoanalisisperiodistico.com\/wp-content\/uploads\/2025\/01\/img-20250114-wa0155366493561382913123-300x169.jpg 300w, https:\/\/contextoanalisisperiodistico.com\/wp-content\/uploads\/2025\/01\/img-20250114-wa0155366493561382913123-768x432.jpg 768w, https:\/\/contextoanalisisperiodistico.com\/wp-content\/uploads\/2025\/01\/img-20250114-wa0155366493561382913123-1536x865.jpg 1536w, https:\/\/contextoanalisisperiodistico.com\/wp-content\/uploads\/2025\/01\/img-20250114-wa0155366493561382913123.jpg 2000w\" sizes=\"(max-width: 1024px) 100vw, 1024px\" \/><\/figure>\n","protected":false},"excerpt":{"rendered":"<p>\u2022 En conferencia de prensa, el edil de la capital present\u00f3 los primeros resultados en&#8230;<\/p>\n","protected":false},"author":4,"featured_media":35972,"comment_status":"","ping_status":"open","sticky":false,"template":"","format":"standard","meta":{"footnotes":""},"categories":[9],"tags":[247,248,235,234,45],"jetpack_sharing_enabled":true,"featured_image_urls":{"full":["https:\/\/contextoanalisisperiodistico.com\/wp-content\/uploads\/2025\/01\/IMG-20250114-WA0157-1-scaled.jpg",2560,1706,false],"thumbnail":["https:\/\/contextoanalisisperiodistico.com\/wp-content\/uploads\/2025\/01\/IMG-20250114-WA0157-1-150x150.jpg",150,150,true],"medium":["https:\/\/contextoanalisisperiodistico.com\/wp-content\/uploads\/2025\/01\/IMG-20250114-WA0157-1-300x200.jpg",300,200,true],"medium_large":["https:\/\/contextoanalisisperiodistico.com\/wp-content\/uploads\/2025\/01\/IMG-20250114-WA0157-1-768x512.jpg",640,427,true],"large":["https:\/\/contextoanalisisperiodistico.com\/wp-content\/uploads\/2025\/01\/IMG-20250114-WA0157-1-1024x683.jpg",640,427,true],"1536x1536":["https:\/\/contextoanalisisperiodistico.com\/wp-content\/uploads\/2025\/01\/IMG-20250114-WA0157-1-1536x1024.jpg",1536,1024,true],"2048x2048":["https:\/\/contextoanalisisperiodistico.com\/wp-content\/uploads\/2025\/01\/IMG-20250114-WA0157-1-2048x1365.jpg",2048,1365,true],"covernews-slider-full":["https:\/\/contextoanalisisperiodistico.com\/wp-content\/uploads\/2025\/01\/IMG-20250114-WA0157-1-1115x715.jpg",1115,715,true],"covernews-slider-center":["https:\/\/contextoanalisisperiodistico.com\/wp-content\/uploads\/2025\/01\/IMG-20250114-WA0157-1-800x500.jpg",800,500,true],"covernews-featured":["https:\/\/contextoanalisisperiodistico.com\/wp-content\/uploads\/2025\/01\/IMG-20250114-WA0157-1-scaled.jpg",1024,682,false],"covernews-medium":["https:\/\/contextoanalisisperiodistico.com\/wp-content\/uploads\/2025\/01\/IMG-20250114-WA0157-1-scaled.jpg",510,340,false],"covernews-medium-square":["https:\/\/contextoanalisisperiodistico.com\/wp-content\/uploads\/2025\/01\/IMG-20250114-WA0157-1-scaled.jpg",375,250,false]},"author_info":{"display_name":"Mario Gir\u00f3n","author_link":"https:\/\/contextoanalisisperiodistico.com\/index.php\/author\/director\/"},"category_info":"<a href=\"https:\/\/contextoanalisisperiodistico.com\/index.php\/category\/politica\/\" rel=\"category tag\">Pol\u00edtica<\/a>","tag_info":"Pol\u00edtica","comment_count":"0","jetpack_featured_media_url":"https:\/\/contextoanalisisperiodistico.com\/wp-content\/uploads\/2025\/01\/IMG-20250114-WA0157-1-scaled.jpg","_links":{"self":[{"href":"https:\/\/contextoanalisisperiodistico.com\/index.php\/wp-json\/wp\/v2\/posts\/35977"}],"collection":[{"href":"https:\/\/contextoanalisisperiodistico.com\/index.php\/wp-json\/wp\/v2\/posts"}],"about":[{"href":"https:\/\/contextoanalisisperiodistico.com\/index.php\/wp-json\/wp\/v2\/types\/post"}],"author":[{"embeddable":true,"href":"https:\/\/contextoanalisisperiodistico.com\/index.php\/wp-json\/wp\/v2\/users\/4"}],"replies":[{"embeddable":true,"href":"https:\/\/contextoanalisisperiodistico.com\/index.php\/wp-json\/wp\/v2\/comments?post=35977"}],"version-history":[{"count":0,"href":"https:\/\/contextoanalisisperiodistico.com\/index.php\/wp-json\/wp\/v2\/posts\/35977\/revisions"}],"wp:featuredmedia":[{"embeddable":true,"href":"https:\/\/contextoanalisisperiodistico.com\/index.php\/wp-json\/wp\/v2\/media\/35972"}],"wp:attachment":[{"href":"https:\/\/contextoanalisisperiodistico.com\/index.php\/wp-json\/wp\/v2\/media?parent=35977"}],"wp:term":[{"taxonomy":"category","embeddable":true,"href":"https:\/\/contextoanalisisperiodistico.com\/index.php\/wp-json\/wp\/v2\/categories?post=35977"},{"taxonomy":"post_tag","embeddable":true,"href":"https:\/\/contextoanalisisperiodistico.com\/index.php\/wp-json\/wp\/v2\/tags?post=35977"}],"curies":[{"name":"wp","href":"https:\/\/api.w.org\/{rel}","templated":true}]}}