{"id":35958,"date":"2025-01-14T16:08:15","date_gmt":"2025-01-14T22:08:15","guid":{"rendered":"https:\/\/contextoanalisisperiodistico.com\/index.php\/2025\/01\/14\/presenta-sso-estrategia-de-vida-saludable-en-escuelas-de-oaxaca\/"},"modified":"2025-01-14T16:09:16","modified_gmt":"2025-01-14T22:09:16","slug":"presenta-sso-estrategia-de-vida-saludable-en-escuelas-de-oaxaca","status":"publish","type":"post","link":"https:\/\/contextoanalisisperiodistico.com\/index.php\/2025\/01\/14\/presenta-sso-estrategia-de-vida-saludable-en-escuelas-de-oaxaca\/","title":{"rendered":"Presenta SSO Estrategia&nbsp; &lt;Vida Saludable&gt; en escuelas de Oaxaca"},"content":{"rendered":"<div id=\"fb-root\"><\/div>\n\n<p>\u2022 Dependencias unen esfuerzos para reducir la obesidad y fomentar h\u00e1bitos saludables en ni\u00f1as, ni\u00f1os y adolescentes<\/p>\n\n\n\n<figure class=\"wp-block-image size-large\"><img fetchpriority=\"high\" decoding=\"async\" width=\"1024\" height=\"685\" src=\"https:\/\/contextoanalisisperiodistico.com\/wp-content\/uploads\/2025\/01\/img-20250114-wa01148265278095502304161-1024x685.jpg\" alt=\"\" class=\"wp-image-35956\" srcset=\"https:\/\/contextoanalisisperiodistico.com\/wp-content\/uploads\/2025\/01\/img-20250114-wa01148265278095502304161-1024x685.jpg 1024w, https:\/\/contextoanalisisperiodistico.com\/wp-content\/uploads\/2025\/01\/img-20250114-wa01148265278095502304161-300x201.jpg 300w, https:\/\/contextoanalisisperiodistico.com\/wp-content\/uploads\/2025\/01\/img-20250114-wa01148265278095502304161-768x514.jpg 768w, https:\/\/contextoanalisisperiodistico.com\/wp-content\/uploads\/2025\/01\/img-20250114-wa01148265278095502304161-1536x1027.jpg 1536w, https:\/\/contextoanalisisperiodistico.com\/wp-content\/uploads\/2025\/01\/img-20250114-wa01148265278095502304161.jpg 1600w\" sizes=\"(max-width: 1024px) 100vw, 1024px\" \/><\/figure>\n\n\n\n<figure class=\"wp-block-image\"><img decoding=\"async\" width=\"1024\" height=\"685\" src=\"https:\/\/contextoanalisisperiodistico.com\/wp-content\/uploads\/2025\/01\/img-20250114-wa01174403541227533027651-1024x685.jpg\" alt=\"\" class=\"wp-image-35955\" srcset=\"https:\/\/contextoanalisisperiodistico.com\/wp-content\/uploads\/2025\/01\/img-20250114-wa01174403541227533027651-1024x685.jpg 1024w, https:\/\/contextoanalisisperiodistico.com\/wp-content\/uploads\/2025\/01\/img-20250114-wa01174403541227533027651-300x201.jpg 300w, https:\/\/contextoanalisisperiodistico.com\/wp-content\/uploads\/2025\/01\/img-20250114-wa01174403541227533027651-768x514.jpg 768w, https:\/\/contextoanalisisperiodistico.com\/wp-content\/uploads\/2025\/01\/img-20250114-wa01174403541227533027651-1536x1027.jpg 1536w, https:\/\/contextoanalisisperiodistico.com\/wp-content\/uploads\/2025\/01\/img-20250114-wa01174403541227533027651.jpg 1600w\" sizes=\"(max-width: 1024px) 100vw, 1024px\" \/><\/figure>\n\n\n\n<figure class=\"wp-block-image\"><img decoding=\"async\" width=\"1024\" height=\"685\" src=\"https:\/\/contextoanalisisperiodistico.com\/wp-content\/uploads\/2025\/01\/img-20250114-wa01166398829005114344252-1024x685.jpg\" alt=\"\" class=\"wp-image-35957\" srcset=\"https:\/\/contextoanalisisperiodistico.com\/wp-content\/uploads\/2025\/01\/img-20250114-wa01166398829005114344252-1024x685.jpg 1024w, https:\/\/contextoanalisisperiodistico.com\/wp-content\/uploads\/2025\/01\/img-20250114-wa01166398829005114344252-300x201.jpg 300w, https:\/\/contextoanalisisperiodistico.com\/wp-content\/uploads\/2025\/01\/img-20250114-wa01166398829005114344252-768x514.jpg 768w, https:\/\/contextoanalisisperiodistico.com\/wp-content\/uploads\/2025\/01\/img-20250114-wa01166398829005114344252-1536x1027.jpg 1536w, https:\/\/contextoanalisisperiodistico.com\/wp-content\/uploads\/2025\/01\/img-20250114-wa01166398829005114344252.jpg 1600w\" sizes=\"(max-width: 1024px) 100vw, 1024px\" \/><\/figure>\n\n\n\n<p>Oaxaca de Ju\u00e1rez, Oax. 14 de enero de 2025.- Con el objetivo de mejorar la salud de la comunidad educativa y prevenir enfermedades mediante una alimentaci\u00f3n adecuada, saludable e higi\u00e9nica, Servicios de Salud de Oaxaca (SSO) present\u00f3 la Estrategia de Vida Saludable en las escuelas del estado.<\/p>\n\n\n\n<p>El secretario de Salud de Oaxaca Efr\u00e9n Emmanuel Jarqu\u00edn Gonz\u00e1lez, destac\u00f3 que este programa est\u00e1 dirigido a infantes, adolescentes y j\u00f3venes, a fin de garantizar su derecho a una vida sin enfermedades.<\/p>\n\n\n\n<p>\u201cLas escuelas son uno de los mejores espacios para promover estilos de vida sanos y fortalecer la salud desde temprana edad\u201d, se\u00f1al\u00f3.<\/p>\n\n\n\n<p>Asever\u00f3 que la iniciativa forma parte de la estrategia nacional liderada por la Presidenta Claudia Sheinbaum Pardo y en Oaxaca, por el Gobernador Salom\u00f3n Jara Cruz, que tiene como prop\u00f3sito principal evitar el acceso de ni\u00f1as, ni\u00f1os y adolescentes a comida chatarra en los centros educativos y sus alrededores.<\/p>\n\n\n\n<p>Para alcanzar las metas fijadas, las secretar\u00edas de Salud y Educaci\u00f3n P\u00fablica, as\u00ed como el IMSS, IMSS-BIENESTAR y el Sistema DIF Oaxaca; tendr\u00e1n una colaboraci\u00f3n interinstitucional.<\/p>\n\n\n\n<p>Adem\u00e1s, se suman instituciones educativas, como: el Instituto Estatal de Educaci\u00f3n P\u00fablica de Oaxaca (IEEPO), el Colegio de Bachilleres de Oaxaca (COBAO), el Colegio de Estudios Cient\u00edficos y Tecnol\u00f3gicos del Estado de Oaxaca (CECyTEO) y el Colegio Superior para la Educaci\u00f3n Integral Intercultural de Oaxaca (CSEIIO), entre otros.<\/p>\n\n\n\n<p>Entre las actividades a realizar destacan: medici\u00f3n de agudeza visual, peso y talla, ense\u00f1anza del cepillado dental y aplicaci\u00f3n de fl\u00faor, promoci\u00f3n de salud f\u00edsica y mental, as\u00ed como, la implementaci\u00f3n de verificaciones a establecimientos escolares de consumo alimenticio.<\/p>\n\n\n\n<p>Esta estrategia contempla tambi\u00e9n, capacitaciones, talleres y conferencias sobre orientaci\u00f3n alimentaria y campa\u00f1as de difusi\u00f3n en redes sociales y espacios p\u00fablicos.<\/p>\n\n\n\n<p>Por su parte, la titular de la Secretar\u00eda de Educaci\u00f3n P\u00fablica de Oaxaca, Delfina Elizabeth Guzm\u00e1n D\u00edaz enfatiz\u00f3 que una vida saludable \u201cnos permite sentirnos con m\u00e1s energ\u00eda y mejora la calidad de vida de las ni\u00f1as, ni\u00f1os y j\u00f3venes. La educaci\u00f3n es clave para construir h\u00e1bitos que fomenten vidas sanas\u201d.<br \/>Con la colaboraci\u00f3n de todas las dependencias involucradas, esta estrategia busca llegar a todos los rincones de Oaxaca, en escuelas de educaci\u00f3n b\u00e1sica como de nivel medio superior, puntualiz\u00f3.<\/p>\n\n\n\n<p>Con estas acciones se reafirma el compromiso del Gobierno de la Primavera Oaxaque\u00f1a con la salud integral y el bienestar de las nuevas generaciones.<\/p>\n\n\n\n<p>-0-<\/p>\n","protected":false},"excerpt":{"rendered":"<p>\u2022 Dependencias unen esfuerzos para reducir la obesidad y fomentar h\u00e1bitos saludables en ni\u00f1as, ni\u00f1os&#8230;<\/p>\n","protected":false},"author":4,"featured_media":35954,"comment_status":"closed","ping_status":"open","sticky":false,"template":"","format":"standard","meta":{"footnotes":""},"categories":[92],"tags":[],"jetpack_sharing_enabled":true,"featured_image_urls":{"full":["https:\/\/contextoanalisisperiodistico.com\/wp-content\/uploads\/2025\/01\/IMG-20250114-WA0113.jpg",1234,873,false],"thumbnail":["https:\/\/contextoanalisisperiodistico.com\/wp-content\/uploads\/2025\/01\/IMG-20250114-WA0113-150x150.jpg",150,150,true],"medium":["https:\/\/contextoanalisisperiodistico.com\/wp-content\/uploads\/2025\/01\/IMG-20250114-WA0113-300x212.jpg",300,212,true],"medium_large":["https:\/\/contextoanalisisperiodistico.com\/wp-content\/uploads\/2025\/01\/IMG-20250114-WA0113-768x543.jpg",640,453,true],"large":["https:\/\/contextoanalisisperiodistico.com\/wp-content\/uploads\/2025\/01\/IMG-20250114-WA0113-1024x724.jpg",640,453,true],"1536x1536":["https:\/\/contextoanalisisperiodistico.com\/wp-content\/uploads\/2025\/01\/IMG-20250114-WA0113.jpg",1234,873,false],"2048x2048":["https:\/\/contextoanalisisperiodistico.com\/wp-content\/uploads\/2025\/01\/IMG-20250114-WA0113.jpg",1234,873,false],"covernews-slider-full":["https:\/\/contextoanalisisperiodistico.com\/wp-content\/uploads\/2025\/01\/IMG-20250114-WA0113-1115x715.jpg",1115,715,true],"covernews-slider-center":["https:\/\/contextoanalisisperiodistico.com\/wp-content\/uploads\/2025\/01\/IMG-20250114-WA0113-800x500.jpg",800,500,true],"covernews-featured":["https:\/\/contextoanalisisperiodistico.com\/wp-content\/uploads\/2025\/01\/IMG-20250114-WA0113-1024x724.jpg",1024,724,true],"covernews-medium":["https:\/\/contextoanalisisperiodistico.com\/wp-content\/uploads\/2025\/01\/IMG-20250114-WA0113-540x340.jpg",540,340,true],"covernews-medium-square":["https:\/\/contextoanalisisperiodistico.com\/wp-content\/uploads\/2025\/01\/IMG-20250114-WA0113-400x250.jpg",400,250,true]},"author_info":{"display_name":"Mario Gir\u00f3n","author_link":"https:\/\/contextoanalisisperiodistico.com\/index.php\/author\/director\/"},"category_info":"<a href=\"https:\/\/contextoanalisisperiodistico.com\/index.php\/category\/salud\/\" rel=\"category tag\">Salud<\/a>","tag_info":"Salud","comment_count":"0","jetpack_featured_media_url":"https:\/\/contextoanalisisperiodistico.com\/wp-content\/uploads\/2025\/01\/IMG-20250114-WA0113.jpg","_links":{"self":[{"href":"https:\/\/contextoanalisisperiodistico.com\/index.php\/wp-json\/wp\/v2\/posts\/35958"}],"collection":[{"href":"https:\/\/contextoanalisisperiodistico.com\/index.php\/wp-json\/wp\/v2\/posts"}],"about":[{"href":"https:\/\/contextoanalisisperiodistico.com\/index.php\/wp-json\/wp\/v2\/types\/post"}],"author":[{"embeddable":true,"href":"https:\/\/contextoanalisisperiodistico.com\/index.php\/wp-json\/wp\/v2\/users\/4"}],"replies":[{"embeddable":true,"href":"https:\/\/contextoanalisisperiodistico.com\/index.php\/wp-json\/wp\/v2\/comments?post=35958"}],"version-history":[{"count":1,"href":"https:\/\/contextoanalisisperiodistico.com\/index.php\/wp-json\/wp\/v2\/posts\/35958\/revisions"}],"predecessor-version":[{"id":35959,"href":"https:\/\/contextoanalisisperiodistico.com\/index.php\/wp-json\/wp\/v2\/posts\/35958\/revisions\/35959"}],"wp:featuredmedia":[{"embeddable":true,"href":"https:\/\/contextoanalisisperiodistico.com\/index.php\/wp-json\/wp\/v2\/media\/35954"}],"wp:attachment":[{"href":"https:\/\/contextoanalisisperiodistico.com\/index.php\/wp-json\/wp\/v2\/media?parent=35958"}],"wp:term":[{"taxonomy":"category","embeddable":true,"href":"https:\/\/contextoanalisisperiodistico.com\/index.php\/wp-json\/wp\/v2\/categories?post=35958"},{"taxonomy":"post_tag","embeddable":true,"href":"https:\/\/contextoanalisisperiodistico.com\/index.php\/wp-json\/wp\/v2\/tags?post=35958"}],"curies":[{"name":"wp","href":"https:\/\/api.w.org\/{rel}","templated":true}]}}