{"id":3594,"date":"2022-05-28T19:25:25","date_gmt":"2022-05-29T00:25:25","guid":{"rendered":"http:\/\/contextoanalisisperiodistico.com.mx\/2022\/05\/28\/inician-preparativos-para-verificacion-de-medidas-de-seguridad-en-documentacion-electoral\/"},"modified":"2022-05-28T19:25:25","modified_gmt":"2022-05-29T00:25:25","slug":"inician-preparativos-para-verificacion-de-medidas-de-seguridad-en-documentacion-electoral","status":"publish","type":"post","link":"https:\/\/contextoanalisisperiodistico.com\/index.php\/2022\/05\/28\/inician-preparativos-para-verificacion-de-medidas-de-seguridad-en-documentacion-electoral\/","title":{"rendered":"Inician preparativos para verificaci\u00f3n de medidas de seguridad en documentaci\u00f3n electoral"},"content":{"rendered":"<div id=\"fb-root\"><\/div>\n\n<p>El Consejo General del Instituto Estatal Electoral y de Participaci\u00f3n Ciudadana de Oaxaca atestigu\u00f3 el sorteo que se llev\u00f3 a cabo este s\u00e1bado para seleccionar una muestra aleatoria de casillas donde se verificar\u00e1n las medidas de seguridad de las boletas electorales, las actas de casillas, as\u00ed como las caracter\u00edsticas y calidad del l\u00edquido indeleble a emplearse en la jornada electoral del pr\u00f3ximo 5 de junio.<\/p>\n\n\n\n<p>Dicha actividad fue realizada por la Secretar\u00eda Ejecutiva en coordinaci\u00f3n con la Direcci\u00f3n Ejecutiva de Organizaci\u00f3n y Capacitaci\u00f3n Electoral y se hizo en presencia de Oficial\u00eda Electoral para certificar que las 200 casillas, ocho por cada uno de los 25 Distritos Distritales en las que se llevar\u00e1 a cabo dicha verificaci\u00f3n, correspondieran a dos muestras aleatorias simples.<\/p>\n\n\n\n<p>La primera verificaci\u00f3n se realizar\u00e1 este domingo 29 de mayo, previo a la entrega de los paquetes electorales a las y los presidentes de casilla a efecto de autentificar las boletas y actas electorales.<\/p>\n\n\n\n<p>Mientras que la segunda se llevar\u00e1 a cabo el d\u00eda de la Jornada Electoral para autentificar boletas, actas y el l\u00edquido indeleble, a fin de cumplir con los principios rectores de certeza, legalidad y m\u00e1xima publicidad.<\/p>\n\n\n\n<p>Los instrumentos requeridos para la verificaci\u00f3n de las medidas de seguridad para ambas etapas son: un cuentah\u00edlos, una mica o decodificar para ver la imagen latente, una mica o decodificador para ver el efecto indicia, y una l\u00e1mpara de luz UV.<\/p>\n\n\n\n<p>Estos instrumentos deber\u00e1n estar disponibles en cada Consejo Distrital y despu\u00e9s de haberse utilizado deber\u00e1n guardarse en sus respectivos empaques, para su conservaci\u00f3n y uso posterior.<\/p>\n\n\n\n<p>Con ello se busca comprobar que las boletas y actas de casillas cuentan con las medidas de seguridad que garantizan que no sean falsificadas, as\u00ed como la efectividad de la tinta indeleble.<\/p>\n\n\n\n<p>Cabe se\u00f1alar que los resultados se dar\u00e1n a conocer una vez que concluyan los mecanismos de verificaci\u00f3n contemplados en el Reglamento de Elecciones.<\/p>\n\n\n\n<p>En la actividad estuvieron presentes la consejera presidenta del IEEPCO, Elizabeth S\u00e1nchez Gonz\u00e1lez; las consejeras electorales Carmelita Sibaja Ochoa, Jessica Jazibe Hern\u00e1ndez Garc\u00eda, Nayma Enr\u00edquez Estrada, y Zaira Alhel\u00ed Hip\u00f3lito L\u00f3pez; los consejeros electorales, Alejandro Carrasco Sampedro y Wilfrido Lulio Almaraz Santib\u00e1\u00f1ez; as\u00ed como el encargado de despacho de la Secretar\u00eda Ejecutiva, Juan Carlos Merl\u00edn Mu\u00f1oz, y las representaciones de los partidos pol\u00edticos y candidaturas independientes ind\u00edgenas.<\/p>\n\n\n\n<figure class=\"wp-block-image size-large\"><img decoding=\"async\" src=\"https:\/\/contextoinformacionyanalisisperiodistico.files.wordpress.com\/2022\/05\/img-20220528-wa0105.jpg?w=1024\" alt=\"\" class=\"wp-image-3593\" \/><\/figure>\n\n\n\n<figure class=\"wp-block-image\"><img decoding=\"async\" src=\"https:\/\/contextoinformacionyanalisisperiodistico.files.wordpress.com\/2022\/05\/img-20220528-wa0106.jpg\" alt=\"\" class=\"wp-image-3592\" \/><\/figure>\n\n\n\n<figure class=\"wp-block-image\"><img decoding=\"async\" src=\"https:\/\/contextoinformacionyanalisisperiodistico.files.wordpress.com\/2022\/05\/img-20220528-wa0107.jpg\" alt=\"\" class=\"wp-image-3591\" \/><\/figure>\n","protected":false},"excerpt":{"rendered":"<p>El Consejo General del Instituto Estatal Electoral y de Participaci\u00f3n Ciudadana de Oaxaca atestigu\u00f3 el&#8230;<\/p>\n","protected":false},"author":2,"featured_media":0,"comment_status":"open","ping_status":"open","sticky":false,"template":"","format":"standard","meta":{"footnotes":""},"categories":[9],"tags":[],"jetpack_sharing_enabled":true,"featured_image_urls":{"full":"","thumbnail":"","medium":"","medium_large":"","large":"","1536x1536":"","2048x2048":"","covernews-slider-full":"","covernews-slider-center":"","covernews-featured":"","covernews-medium":"","covernews-medium-square":""},"author_info":{"display_name":"Miguel","author_link":"https:\/\/contextoanalisisperiodistico.com\/index.php\/author\/editor\/"},"category_info":"<a href=\"https:\/\/contextoanalisisperiodistico.com\/index.php\/category\/politica\/\" rel=\"category tag\">Pol\u00edtica<\/a>","tag_info":"Pol\u00edtica","comment_count":"0","jetpack_featured_media_url":"","_links":{"self":[{"href":"https:\/\/contextoanalisisperiodistico.com\/index.php\/wp-json\/wp\/v2\/posts\/3594"}],"collection":[{"href":"https:\/\/contextoanalisisperiodistico.com\/index.php\/wp-json\/wp\/v2\/posts"}],"about":[{"href":"https:\/\/contextoanalisisperiodistico.com\/index.php\/wp-json\/wp\/v2\/types\/post"}],"author":[{"embeddable":true,"href":"https:\/\/contextoanalisisperiodistico.com\/index.php\/wp-json\/wp\/v2\/users\/2"}],"replies":[{"embeddable":true,"href":"https:\/\/contextoanalisisperiodistico.com\/index.php\/wp-json\/wp\/v2\/comments?post=3594"}],"version-history":[{"count":0,"href":"https:\/\/contextoanalisisperiodistico.com\/index.php\/wp-json\/wp\/v2\/posts\/3594\/revisions"}],"wp:attachment":[{"href":"https:\/\/contextoanalisisperiodistico.com\/index.php\/wp-json\/wp\/v2\/media?parent=3594"}],"wp:term":[{"taxonomy":"category","embeddable":true,"href":"https:\/\/contextoanalisisperiodistico.com\/index.php\/wp-json\/wp\/v2\/categories?post=3594"},{"taxonomy":"post_tag","embeddable":true,"href":"https:\/\/contextoanalisisperiodistico.com\/index.php\/wp-json\/wp\/v2\/tags?post=3594"}],"curies":[{"name":"wp","href":"https:\/\/api.w.org\/{rel}","templated":true}]}}