{"id":3583,"date":"2022-05-28T17:00:14","date_gmt":"2022-05-28T22:00:14","guid":{"rendered":"http:\/\/contextoanalisisperiodistico.com.mx\/2022\/05\/28\/ejutla-de-crespo-abraza-a-naty-diaz-en-su-pre-cierre-de-campana\/"},"modified":"2022-05-28T17:00:14","modified_gmt":"2022-05-28T22:00:14","slug":"ejutla-de-crespo-abraza-a-naty-diaz-en-su-pre-cierre-de-campana","status":"publish","type":"post","link":"https:\/\/contextoanalisisperiodistico.com\/index.php\/2022\/05\/28\/ejutla-de-crespo-abraza-a-naty-diaz-en-su-pre-cierre-de-campana\/","title":{"rendered":"EJUTLA DE CRESPO ABRAZA A NATY D\u00cdAZ EN SU PRE-CIERRE DE CAMPA\u00d1A"},"content":{"rendered":"<div id=\"fb-root\"><\/div>\n\n<p>*Votar por Naty D\u00edaz es hacerlo por cada familia que sue\u00f1a con mejorar sus condiciones de vida<\/p>\n\n\n\n<p>La hija pr\u00f3diga de Ejutla de Crespo, hoy como candidata a la gubernatura de Oaxaca, Naty D\u00edaz inici\u00f3 su precierre de campa\u00f1a, alzando la voz por las mujeres, por la ni\u00f1ez, la juventud y los hombres buenos de la entidad.<\/p>\n\n\n\n<p>Sostuvo que pese a todos los obst\u00e1culos, ataques, denostaciones, violencia y agresiones por ser mujer, panista y aspirante a la gubernatura \u201cvamos a seguir, les digo a todas las familias s\u00ed podemos cambiar a Oaxaca, s\u00ed podemos recuperar la entidad\u201d.<\/p>\n\n\n\n<p>Desde su tierra natal, Naty D\u00edaz se\u00f1al\u00f3 que a lo largo del estado, las voces de las familias son las mismas: hartazgo de la pobreza, desesperaci\u00f3n, angustia por no tener empleos, con hambre y sobre todo con miedo por una entidad invadida por la inseguridad.<\/p>\n\n\n\n<p>Record\u00f3 a su padre, el panista, Leonardo D\u00edaz Cruz quien fue v\u00edctima de la inseguridad, asesinado por la violencia pol\u00edtica, y la corrupci\u00f3n de la justicia estatal, luego de agradecer el apoyo de su familia, principalmente su madre Isabel Jimenez Montes de Oca.<\/p>\n\n\n\n<p>Dijo que despu\u00e9s de recorrer el estado, en casi dos meses de campa\u00f1a, est\u00e1 orgullosa \u201cporque no hay acarreos de personas, como en los partidos de enfrente, que tienen que pagar y aprovechar la pobreza de la gente para llenar plazas y mitines, sin escuchar ni entender sus problemas sin comprometerse con nadie, aqu\u00ed nuestro pueblo nos acompa\u00f1a convencidos de que tenemos la mejor opci\u00f3n\u201d.<\/p>\n\n\n\n<p>Precis\u00f3 que las mujeres oaxaque\u00f1as pueden marcar la diferencia, \u201cnosotras como madres, hermanas, hijas, esposas, ciudadanas sabemos que nos conviene m\u00e1s, que propuestas le convienen a nuestras familias y no nos compran la conciencia, ni nos robar\u00e1n nuestro futuro\u201d.<\/p>\n\n\n\n<p>Puntualiz\u00f3 que votar por Naty D\u00edaz es votar a favor de los Refugios que necesitan las mujeres que sufren de violencia, es votar para que las familias tengan medicinas gratuitas, para que tengan empleos y desarrollo, \u201cacudan este 5 de junio y voten para que sea su gobernadora\u201d.<\/p>\n\n\n\n<p>Despu\u00e9s de visitar las comunidades de Coatecas Altas y San Miguel Ejutla, acompa\u00f1ada de la diputada local de Guerrero, Ana Resendiz Javier, la candidata del partido albiazul, afirm\u00f3 que aunque los adversarios pol\u00edticos sigan con sus \u201cataques y amenazas continuar\u00e9 caminado y defendiendo a Oaxaca\u201d.<\/p>\n\n\n\n<figure class=\"wp-block-image size-large\"><img decoding=\"async\" src=\"https:\/\/contextoinformacionyanalisisperiodistico.files.wordpress.com\/2022\/05\/img-20220528-wa0081.jpg?w=1024\" alt=\"\" class=\"wp-image-3568\" \/><\/figure>\n\n\n\n<figure class=\"wp-block-image\"><img decoding=\"async\" src=\"https:\/\/contextoinformacionyanalisisperiodistico.files.wordpress.com\/2022\/05\/img-20220528-wa0087.jpg\" alt=\"\" class=\"wp-image-3567\" \/><\/figure>\n\n\n\n<figure class=\"wp-block-image\"><img decoding=\"async\" src=\"https:\/\/contextoinformacionyanalisisperiodistico.files.wordpress.com\/2022\/05\/img-20220528-wa0091.jpg\" alt=\"\" class=\"wp-image-3570\" \/><\/figure>\n\n\n\n<figure class=\"wp-block-image\"><img decoding=\"async\" src=\"https:\/\/contextoinformacionyanalisisperiodistico.files.wordpress.com\/2022\/05\/img-20220528-wa0089.jpg\" alt=\"\" class=\"wp-image-3571\" \/><\/figure>\n\n\n\n<figure class=\"wp-block-image\"><img decoding=\"async\" src=\"https:\/\/contextoinformacionyanalisisperiodistico.files.wordpress.com\/2022\/05\/img-20220528-wa0088.jpg\" alt=\"\" class=\"wp-image-3572\" \/><\/figure>\n\n\n\n<figure class=\"wp-block-image\"><img decoding=\"async\" src=\"https:\/\/contextoinformacionyanalisisperiodistico.files.wordpress.com\/2022\/05\/img-20220528-wa0085.jpg\" alt=\"\" class=\"wp-image-3569\" \/><\/figure>\n\n\n\n<figure class=\"wp-block-image\"><img decoding=\"async\" src=\"https:\/\/contextoinformacionyanalisisperiodistico.files.wordpress.com\/2022\/05\/img-20220528-wa0083.jpg\" alt=\"\" class=\"wp-image-3573\" \/><\/figure>\n\n\n\n<figure class=\"wp-block-image\"><img decoding=\"async\" src=\"https:\/\/contextoinformacionyanalisisperiodistico.files.wordpress.com\/2022\/05\/img-20220528-wa0082.jpg\" alt=\"\" class=\"wp-image-3576\" \/><\/figure>\n\n\n\n<figure class=\"wp-block-image\"><img decoding=\"async\" src=\"https:\/\/contextoinformacionyanalisisperiodistico.files.wordpress.com\/2022\/05\/img-20220528-wa0086.jpg\" alt=\"\" class=\"wp-image-3574\" \/><\/figure>\n\n\n\n<figure class=\"wp-block-image\"><img decoding=\"async\" src=\"https:\/\/contextoinformacionyanalisisperiodistico.files.wordpress.com\/2022\/05\/img-20220528-wa0090.jpg\" alt=\"\" class=\"wp-image-3575\" \/><\/figure>\n\n\n\n<figure class=\"wp-block-image\"><img decoding=\"async\" src=\"https:\/\/contextoinformacionyanalisisperiodistico.files.wordpress.com\/2022\/05\/img-20220528-wa0092.jpg\" alt=\"\" class=\"wp-image-3577\" \/><\/figure>\n\n\n\n<figure class=\"wp-block-image\"><img decoding=\"async\" src=\"https:\/\/contextoinformacionyanalisisperiodistico.files.wordpress.com\/2022\/05\/img-20220528-wa0095.jpg\" alt=\"\" class=\"wp-image-3580\" \/><\/figure>\n\n\n\n<figure class=\"wp-block-image\"><img decoding=\"async\" src=\"https:\/\/contextoinformacionyanalisisperiodistico.files.wordpress.com\/2022\/05\/img-20220528-wa0094.jpg\" alt=\"\" class=\"wp-image-3578\" \/><\/figure>\n\n\n\n<figure class=\"wp-block-image\"><img decoding=\"async\" src=\"https:\/\/contextoinformacionyanalisisperiodistico.files.wordpress.com\/2022\/05\/img-20220528-wa0096.jpg\" alt=\"\" class=\"wp-image-3579\" \/><\/figure>\n\n\n\n<figure class=\"wp-block-image\"><img decoding=\"async\" src=\"https:\/\/contextoinformacionyanalisisperiodistico.files.wordpress.com\/2022\/05\/img-20220528-wa0097.jpg\" alt=\"\" class=\"wp-image-3581\" \/><\/figure>\n\n\n\n<figure class=\"wp-block-image\"><img decoding=\"async\" src=\"https:\/\/contextoinformacionyanalisisperiodistico.files.wordpress.com\/2022\/05\/img-20220528-wa0093.jpg\" alt=\"\" class=\"wp-image-3582\" \/><\/figure>\n","protected":false},"excerpt":{"rendered":"<p>*Votar por Naty D\u00edaz es hacerlo por cada familia que sue\u00f1a con mejorar sus condiciones&#8230;<\/p>\n","protected":false},"author":2,"featured_media":0,"comment_status":"open","ping_status":"open","sticky":false,"template":"","format":"standard","meta":{"footnotes":""},"categories":[9],"tags":[],"jetpack_sharing_enabled":true,"featured_image_urls":{"full":"","thumbnail":"","medium":"","medium_large":"","large":"","1536x1536":"","2048x2048":"","covernews-slider-full":"","covernews-slider-center":"","covernews-featured":"","covernews-medium":"","covernews-medium-square":""},"author_info":{"display_name":"Miguel","author_link":"https:\/\/contextoanalisisperiodistico.com\/index.php\/author\/editor\/"},"category_info":"<a href=\"https:\/\/contextoanalisisperiodistico.com\/index.php\/category\/politica\/\" rel=\"category tag\">Pol\u00edtica<\/a>","tag_info":"Pol\u00edtica","comment_count":"0","jetpack_featured_media_url":"","_links":{"self":[{"href":"https:\/\/contextoanalisisperiodistico.com\/index.php\/wp-json\/wp\/v2\/posts\/3583"}],"collection":[{"href":"https:\/\/contextoanalisisperiodistico.com\/index.php\/wp-json\/wp\/v2\/posts"}],"about":[{"href":"https:\/\/contextoanalisisperiodistico.com\/index.php\/wp-json\/wp\/v2\/types\/post"}],"author":[{"embeddable":true,"href":"https:\/\/contextoanalisisperiodistico.com\/index.php\/wp-json\/wp\/v2\/users\/2"}],"replies":[{"embeddable":true,"href":"https:\/\/contextoanalisisperiodistico.com\/index.php\/wp-json\/wp\/v2\/comments?post=3583"}],"version-history":[{"count":0,"href":"https:\/\/contextoanalisisperiodistico.com\/index.php\/wp-json\/wp\/v2\/posts\/3583\/revisions"}],"wp:attachment":[{"href":"https:\/\/contextoanalisisperiodistico.com\/index.php\/wp-json\/wp\/v2\/media?parent=3583"}],"wp:term":[{"taxonomy":"category","embeddable":true,"href":"https:\/\/contextoanalisisperiodistico.com\/index.php\/wp-json\/wp\/v2\/categories?post=3583"},{"taxonomy":"post_tag","embeddable":true,"href":"https:\/\/contextoanalisisperiodistico.com\/index.php\/wp-json\/wp\/v2\/tags?post=3583"}],"curies":[{"name":"wp","href":"https:\/\/api.w.org\/{rel}","templated":true}]}}